{"id":378590,"date":"2025-09-09T20:36:12","date_gmt":"2025-09-09T20:36:12","guid":{"rendered":"https:\/\/www.europesays.com\/fr\/378590\/"},"modified":"2025-09-09T20:36:12","modified_gmt":"2025-09-09T20:36:12","slug":"en-direct-france-islande-les-bleus-menent-mais-reduits-a-dix-apres-lexclusion-daurelien-tchouameni","status":"publish","type":"post","link":"https:\/\/www.europesays.com\/fr\/378590\/","title":{"rendered":"EN DIRECT | France-Islande\u00a0: les Bleus m\u00e8nent mais r\u00e9duits \u00e0 dix apr\u00e8s l\u2019exclusion d\u2019Aur\u00e9lien Tchouam\u00e9ni"},"content":{"rendered":"\n<p class=\"article__paragraph  \">Bienvenue dans ce direct consacr\u00e9 au match opposant l\u2019\u00e9quipe de France \u00e0 l\u2019Islande, comptant pour les qualifications \u00e0 la Coupe du monde 2026.<\/p>\n<p class=\"article__paragraph  \"><strong>De quoi s\u2019agit-il\u00a0? <\/strong>Du deuxi\u00e8me match pour les Bleus des \u00e9liminatoires du Mondial 2026 (11\u00a0juin-19\u00a0juillet). Les partenaires de Kylian Mbapp\u00e9 affrontent l\u2019Islande, dans le groupe D, o\u00f9 figurent \u00e9galement l\u2019Ukraine et l\u2019Azerba\u00efdjan. Troisi\u00e8mes de la derni\u00e8re Ligue des Nations et vice-champions du monde, les joueurs de Didier Deschamps visent la premi\u00e8re place de leur groupe, synonyme de qualification directe pour la Coupe du monde organis\u00e9e aux Etats-Unis, au Canada et au Mexique.<\/p>\n<p class=\"article__paragraph  \"><strong>O\u00f9\u00a0? <\/strong>au Parc des Princes, \u00e0 Paris.<\/p>\n<p class=\"article__paragraph  \"><strong>A quelle heure\u00a0? <\/strong>Coup d\u2019envoi \u00e0 20\u00a0h\u00a045.<\/p>\n<p class=\"article__paragraph  \"><strong>Sur quelle cha\u00eene\u00a0?<\/strong> TF1.<\/p>\n<p class=\"article__paragraph  \"><strong>Qui live\u00a0? <\/strong>Le duo d\u2019attaque de ce soir sera compos\u00e9 de Mouna El Mokhtari et de Denis M\u00e9n\u00e9trier. Alexandre Lemari\u00e9 est, lui, de retour au Parc des Princes.<\/p>\n<p class=\"article__paragraph  \"><strong>Les compositions des \u00e9quipes<\/strong>\u00a0:<\/p>\n<p class=\"article__paragraph  \">France\u00a0:<\/p>\n<p class=\"article__paragraph  \">Maignan \u2013 Kound\u00e9, Upamecano, Konat\u00e9, T. Hernandez \u2013 Kon\u00e9, Tchouam\u00e9ni \u2013 Barcola, Olise, M.\u00a0Thuram &#8211; Mbapp\u00e9\u00a0(cap.)<\/p>\n<p class=\"article__paragraph  \">S\u00e9lectionneur\u00a0: Didier Deschamps.<\/p>\n<p class=\"article__paragraph  \">Islande\u00a0:<\/p>\n<p class=\"article__paragraph  \">Olafsson \u2013 Ellertson, Palsson, Ingason, Gretarsson \u2013 Thorsteinsson, Anderson, Haraldsson (cap.), Johannesson \u2013 A. Gudjohnsen, D.Gudjohnsen.<\/p>\n<p class=\"article__paragraph  \">S\u00e9lectionneur\u00a0: Arnar Gunnlaugsson.<\/p>\n<p class=\"article__paragraph  \"><strong>Qui arbitre\u00a0? <\/strong>Le Portugais Antonio Nobre.<\/p>\n<p class=\"article__paragraph  \"><strong>De quoi ne parlera-t-on pas\u00a0?<\/strong> <a href=\"https:\/\/www.lemonde.fr\/le-monde-passe-a-table\/article\/2025\/09\/05\/quelques-regles-pour-reussir-sa-degustation-de-vin-a-la-maison_6639107_6082232.html\" rel=\"nofollow noopener\" target=\"_blank\">De comment r\u00e9ussir sa d\u00e9gustation de vin \u00e0 la maison<\/a><\/p>\n<p class=\"article__paragraph  \"><strong>Demandez le programme\u2026 <\/strong><a href=\"https:\/\/www.lemonde.fr\/football\/article\/2024\/06\/15\/les-prochains-lives-sport-du-monde_6157620_1616939.html\" rel=\"nofollow noopener\" target=\"_blank\">Les prochains directs sport du \u00ab\u00a0Monde\u00a0\u00bb\u00a0<\/a><\/p>\n","protected":false},"excerpt":{"rendered":"Bienvenue dans ce direct consacr\u00e9 au match opposant l\u2019\u00e9quipe de France \u00e0 l\u2019Islande, comptant pour les qualifications \u00e0&hellip;\n","protected":false},"author":2,"featured_media":378591,"comment_status":"","ping_status":"","sticky":false,"template":"","format":"standard","meta":{"footnotes":""},"categories":[1888],"tags":[1111,1928,11,1927,1777,674,1011,27,12,1926,626,1925,25],"class_list":{"0":"post-378590","1":"post","2":"type-post","3":"status-publish","4":"format-standard","5":"has-post-thumbnail","7":"category-paris","8":"tag-actu","9":"tag-actu-paris","10":"tag-actualites","11":"tag-actualites-paris","12":"tag-eu","13":"tag-europe","14":"tag-fr","15":"tag-france","16":"tag-news","17":"tag-news-paris","18":"tag-paris","19":"tag-paris-news","20":"tag-republique-francaise"},"share_on_mastodon":{"url":"https:\/\/pubeurope.com\/@fr\/115176261766849136","error":""},"_links":{"self":[{"href":"https:\/\/www.europesays.com\/fr\/wp-json\/wp\/v2\/posts\/378590","targetHints":{"allow":["GET"]}}],"collection":[{"href":"https:\/\/www.europesays.com\/fr\/wp-json\/wp\/v2\/posts"}],"about":[{"href":"https:\/\/www.europesays.com\/fr\/wp-json\/wp\/v2\/types\/post"}],"author":[{"embeddable":true,"href":"https:\/\/www.europesays.com\/fr\/wp-json\/wp\/v2\/users\/2"}],"replies":[{"embeddable":true,"href":"https:\/\/www.europesays.com\/fr\/wp-json\/wp\/v2\/comments?post=378590"}],"version-history":[{"count":0,"href":"https:\/\/www.europesays.com\/fr\/wp-json\/wp\/v2\/posts\/378590\/revisions"}],"wp:featuredmedia":[{"embeddable":true,"href":"https:\/\/www.europesays.com\/fr\/wp-json\/wp\/v2\/media\/378591"}],"wp:attachment":[{"href":"https:\/\/www.europesays.com\/fr\/wp-json\/wp\/v2\/media?parent=378590"}],"wp:term":[{"taxonomy":"category","embeddable":true,"href":"https:\/\/www.europesays.com\/fr\/wp-json\/wp\/v2\/categories?post=378590"},{"taxonomy":"post_tag","embeddable":true,"href":"https:\/\/www.europesays.com\/fr\/wp-json\/wp\/v2\/tags?post=378590"}],"curies":[{"name":"wp","href":"https:\/\/api.w.org\/{rel}","templated":true}]}}