{"id":378594,"date":"2025-09-09T20:38:14","date_gmt":"2025-09-09T20:38:14","guid":{"rendered":"https:\/\/www.europesays.com\/fr\/378594\/"},"modified":"2025-09-09T20:38:14","modified_gmt":"2025-09-09T20:38:14","slug":"200-etudiants-et-personnels-appellent-a-rejoindre-les-piquets-de-greve-le-10-septembre","status":"publish","type":"post","link":"https:\/\/www.europesays.com\/fr\/378594\/","title":{"rendered":"200 \u00e9tudiants et personnels appellent \u00e0 rejoindre les piquets de gr\u00e8ve le 10 septembre !"},"content":{"rendered":"<p>Le lendemain de <a href=\"https:\/\/www.revolutionpermanente.fr\/Chute-de-Bayrou-une-victoire-de-la-colere-par-en-bas-degageons-Macron-et-les-politiques-anti\" rel=\"nofollow noopener\" target=\"_blank\">la chute du gouvernement Bayrou<\/a>, plus de 200 \u00e9tudiants et personnels de Paris 1 se sont r\u00e9unis en Assembl\u00e9e g\u00e9n\u00e9rale au centre Panth\u00e9on pour pr\u00e9parer la journ\u00e9e de gr\u00e8ves et mobilisations nationales du 10 septembre. Alors que les cours ne commencent que la semaine du 15 \u00e0 Paris 1 Panth\u00e9on-Sorbonne, les \u00e9tudiants entrent d\u00e9j\u00e0 dans la mobilisation aux c\u00f4t\u00e9s des travailleurs pour s\u2019opposer \u00e0 Macron, l\u2019aust\u00e9rit\u00e9 et la militarisation.<br class=\"autobr\"\/><br \/>\n\u00a0<br class=\"autobr\"\/><br \/>\nPendant l\u2019assembl\u00e9e, les centaines d\u2019\u00e9tudiants et travailleurs ont exprim\u00e9 et partag\u00e9 leur volont\u00e9 de s\u2019affronter aux politiques r\u00e9actionnaires des gouvernements successifs. Comme l\u2019explique Cassandra, militante au Poing Lev\u00e9 en d\u00e9but d\u2019AG\u00a0: \u00ab\u00a0La rentr\u00e9e \u00e0 Paris 1 n\u2019est qu\u2019un avant-go\u00fbt de l\u2019ann\u00e9e sous un budget de mis\u00e8re, c\u2019est le sympt\u00f4me d\u2019un gouvernement qui priorise la planification de la guerre \u00e0 nos conditions d\u2019\u00e9tudes. Ils font des millions d\u2019obus alors qu\u2019on est 85\u00a0000 sans nouvelles de nos bourses, et ils se gavent sur ce commerce de la mort\u00a0!\u00a0\u00bb.<br class=\"autobr\"\/><br \/>\n\u00a0<br class=\"autobr\"\/><br \/>\nAlors qu\u2019<a href=\"https:\/\/www.revolutionpermanente.fr\/URGENT-Explosion-a-Tunis-un-navire-de-la-Global-Sumud-Flotilla-vise-par-un-drone\" rel=\"nofollow noopener\" target=\"_blank\">un bateau de la Flottille de la Libert\u00e9 Mondiale a \u00e9t\u00e9 attaqu\u00e9 par Isra\u00ebl<\/a> dans la nuit, plusieurs interventions ont exprim\u00e9 la solidarit\u00e9 des \u00e9tudiants avec les militants de la Flottille\u00a0: \u00ab\u00a0On doit suivre l\u2019initiative des dockers de G\u00eanes et des \u00e9tudiants de Naples qui ont annonc\u00e9 se mettre en gr\u00e8ve et prendre les rues si la flottille \u00e9tait\u00a0intercept\u00e9e\u00a0!\u00a0\u00bb Et une autre \u00e9tudiante rebondit en revendiquant \u00ab\u00a0l\u2019arr\u00eat des partenariats avec les entreprises complices du g\u00e9nocide, des coupes budg\u00e9taires qui servent \u00e0 mettre nos savoirs et nos travaux au service des entreprises priv\u00e9es et de l\u2019armement, mais aussi l\u2019arr\u00eat de la s\u00e9lection. Pour obtenir ces revendications, il faut qu\u2019on s\u2019affronte \u00e0 l\u2019\u00c9tat et qu\u2019on bloque l\u2019\u00e9conomie. En tant qu\u2019\u00e9tudiants, on peut apporter notre force aux gr\u00e9vistes en allant sur les piquets de gr\u00e8ve\u00a0!\u00a0\u00bb<\/p>\n<p>La gr\u00e8ve est dans toutes les t\u00eates et appara\u00eet \u00e0 la majorit\u00e9 des \u00e9tudiants comme le meilleur moyen pour bloquer l\u2019\u00e9conomie et cr\u00e9er un v\u00e9ritable rapport de forces. Un \u00e9tudiant rappelle les exp\u00e9riences des mobilisations pass\u00e9es\u00a0: \u00ab\u00a0En 2023 et en 2019, en 2018, ils ont r\u00e9prim\u00e9 violemment les gr\u00e8ves parce que c\u2019est \u00e7a qui leur fait peur, c\u2019est pour \u00e7a qu\u2019ils pr\u00e9voient 80 000 policiers pour la mobilisation de demain.\u00a0\u00bb<br class=\"autobr\"\/><br \/>\n\u00a0<br class=\"autobr\"\/><br \/>\nPierre, militant au Poing Lev\u00e9, appelle de son c\u00f4t\u00e9 l\u2019AG \u00e0 soutenir les travailleurs de la sant\u00e9 en gr\u00e8ve le 10 septembre\u00a0: \u00ab\u00a0Non seulement l\u2019\u00c9tat fait l\u2019aust\u00e9rit\u00e9 dans l\u2019\u00e9ducation et essaye de mettre au front la jeunesse avec les r\u00e9formes de la JDC et du SNU, le Minist\u00e8re de la Sant\u00e9 affirme aussi que \u201cles h\u00f4pitaux doivent se tenir pr\u00eats \u00e0 accueillir des milliers de bless\u00e9s en cas de conflit arm\u00e9 en Europe\u201d\u00a0\u00bb. Le mercredi matin, les soignants de l\u2019h\u00f4pital Tenon seront en gr\u00e8ve, et organisent leurs piquets pour les soutenir d\u00e8s 10h. Il faut que les d\u00e9l\u00e9gations \u00e9tudiantes soient massives sur les piquets, car \u00ab\u00a0face \u00e0 une politique nationale aust\u00e9ritaire, la seule mani\u00e8re d\u2019y faire face est par la convergence des luttes par en bas entre travailleurs\u00a0et\u00a0\u00e9tudiants\u00a0\u00bb, insiste-t-il.<br class=\"autobr\"\/><br \/>\n\u00a0<br class=\"autobr\"\/><br \/>\nLes <a href=\"https:\/\/www.revolutionpermanente.fr\/Belliard-Malakoff-Lagny-les-agents-de-la-RATP-s-organisent-pour-la-greve-du-10-septembre\" rel=\"nofollow noopener\" target=\"_blank\">piquets de gr\u00e8ve des transports<\/a> ont \u00e9galement \u00e9t\u00e9 pr\u00e9sent\u00e9s comme point central de la journ\u00e9e du 10 septembre. L\u2019assembl\u00e9e donne rendez-vous au piquet de gr\u00e8ve des travailleurs de la SNCF au technicentre de Ch\u00e2tillon \u00e0 10h, mais d\u2019autres \u00e9tudiants ont aussi appel\u00e9 \u00e0 appuyer les gr\u00e9vistes des d\u00e9p\u00f4ts de bus de Lagny et Belliard d\u00e8s 5h30 pour soutenir leur force de blocage de l\u2019\u00e9conomie.<br class=\"autobr\"\/><br \/>\n\u00a0<br class=\"autobr\"\/><br \/>\nEnfin, les \u00e9tudiants et personnels de Paris 1 ont applaudi <a href=\"https:\/\/www.revolutionpermanente.fr\/10-septembre-les-cheminots-de-Paris-Nord-appellent-a-une-grande-AG-bloquons-tout-a-11h\" rel=\"nofollow noopener\" target=\"_blank\">le rendez-vous parisien \u00e0 Gare du Nord pour l\u2019Assembl\u00e9e G\u00e9n\u00e9rale interprofessionnelle appel\u00e9e par les gr\u00e9vistes SNCF \u00e0 11h<\/a> pour manifester ensemble contre Macron, l\u2019aust\u00e9rit\u00e9, la militarisation, et pour l\u2019arr\u00eat du g\u00e9nocide en Palestine. Et pour ne pas arr\u00eater le mouvement au 10, toutes les universit\u00e9s d\u2019\u00cele-de-France sont invit\u00e9es \u00e0 se rassembler demain \u00e0 17h place de la Sorbonne, afin de se coordonner pour jouer un r\u00f4le dans l\u2019avenir de la mobilisation.<\/p>\n","protected":false},"excerpt":{"rendered":"Le lendemain de la chute du gouvernement Bayrou, plus de 200 \u00e9tudiants et personnels de Paris 1 se&hellip;\n","protected":false},"author":2,"featured_media":378595,"comment_status":"","ping_status":"","sticky":false,"template":"","format":"standard","meta":{"footnotes":""},"categories":[1888],"tags":[11,1777,674,1011,27,12,626,25],"class_list":{"0":"post-378594","1":"post","2":"type-post","3":"status-publish","4":"format-standard","5":"has-post-thumbnail","7":"category-paris","8":"tag-actualites","9":"tag-eu","10":"tag-europe","11":"tag-fr","12":"tag-france","13":"tag-news","14":"tag-paris","15":"tag-republique-francaise"},"share_on_mastodon":{"url":"https:\/\/pubeurope.com\/@fr\/115176269758630232","error":""},"_links":{"self":[{"href":"https:\/\/www.europesays.com\/fr\/wp-json\/wp\/v2\/posts\/378594","targetHints":{"allow":["GET"]}}],"collection":[{"href":"https:\/\/www.europesays.com\/fr\/wp-json\/wp\/v2\/posts"}],"about":[{"href":"https:\/\/www.europesays.com\/fr\/wp-json\/wp\/v2\/types\/post"}],"author":[{"embeddable":true,"href":"https:\/\/www.europesays.com\/fr\/wp-json\/wp\/v2\/users\/2"}],"replies":[{"embeddable":true,"href":"https:\/\/www.europesays.com\/fr\/wp-json\/wp\/v2\/comments?post=378594"}],"version-history":[{"count":0,"href":"https:\/\/www.europesays.com\/fr\/wp-json\/wp\/v2\/posts\/378594\/revisions"}],"wp:featuredmedia":[{"embeddable":true,"href":"https:\/\/www.europesays.com\/fr\/wp-json\/wp\/v2\/media\/378595"}],"wp:attachment":[{"href":"https:\/\/www.europesays.com\/fr\/wp-json\/wp\/v2\/media?parent=378594"}],"wp:term":[{"taxonomy":"category","embeddable":true,"href":"https:\/\/www.europesays.com\/fr\/wp-json\/wp\/v2\/categories?post=378594"},{"taxonomy":"post_tag","embeddable":true,"href":"https:\/\/www.europesays.com\/fr\/wp-json\/wp\/v2\/tags?post=378594"}],"curies":[{"name":"wp","href":"https:\/\/api.w.org\/{rel}","templated":true}]}}