{"id":378606,"date":"2025-09-09T20:44:10","date_gmt":"2025-09-09T20:44:10","guid":{"rendered":"https:\/\/www.europesays.com\/fr\/378606\/"},"modified":"2025-09-09T20:44:10","modified_gmt":"2025-09-09T20:44:10","slug":"cet-expert-de-la-conso-nous-explique-pourquoi","status":"publish","type":"post","link":"https:\/\/www.europesays.com\/fr\/378606\/","title":{"rendered":"cet expert de la conso nous explique pourquoi"},"content":{"rendered":"<p>\n        Vous pensez que votre farine est fran\u00e7aise ? En r\u00e9alit\u00e9, pas toujours. Un quart de la transformation du bl\u00e9 est r\u00e9alis\u00e9 en Allemagne, mais pourquoi ?    <\/p>\n<p class=\"standard\">Le contexte mondial \u00e9conomique nous d\u00e9montre \u00e0 quel point il est important de<strong> consommer fran\u00e7ais, et encore plus local.<\/strong> Mais malheureusement, le consommateur n\u2019est pas toujours tr\u00e8s bien inform\u00e9 pour pouvoir faire ses achats en toute conscience. <\/p>\n<p class=\"standard\"><strong>Olivier Dauvers,<\/strong> expert de la consommation et chroniqueur sur la radio <a href=\"https:\/\/www.youtube.com\/watch?v=0nY4BckY4Wk\" rel=\"noopener noreferrer nofollow\" target=\"_blank\">RTL<\/a> a r\u00e9cemment soulev\u00e9 un probl\u00e8me en ce sens. <a href=\"https:\/\/www.marmiton.org\/bien-choisir-ses-aliments\/les-farines-de-ble-s3039831.html\" target=\"_blank\" rel=\"noopener\">La farine de bl\u00e9<\/a> que l\u2019on retrouve dans nos supermarch\u00e9s n\u2019est pas toujours fabriqu\u00e9e en France. <\/p>\n<p class=\"standard\">\u00c9trange n\u2019est-ce pas ? En effet, un quart des paquets <strong>provient d\u2019industries allemandes.<\/strong> Mais pourquoi un tel constat ? On fait le point dans cet article. <\/p>\n<p>La France, un grand pays producteur de bl\u00e9 <\/p>\n<p class=\"standard\">Le bl\u00e9 est une force pour la France. L\u2019Hexagone est le<strong> 5\u1d49 producteur mondial, et m\u00eame le premier en Europe. <\/strong>M\u00eame si la France en produit de moins en moins chaque ann\u00e9e, c\u2019est tout de m\u00eame pr\u00e8s de 35 millions de tonnes de bl\u00e9 qui poussent sur le territoire chaque ann\u00e9e. <\/p>\n<p class=\"standard\">Pourtant, toute la farine que la France propose dans le commerce n\u2019est <strong>pas fran\u00e7aise.<\/strong> En effet, en tout petit, sur pr\u00e8s d\u2019un quart des paquets de farine, on peut voir que, certes, le bl\u00e9 est produit en France, mais qu\u2019il est en r\u00e9alit\u00e9 <strong>transform\u00e9 en Allemagne.<\/strong><\/p>\n<p>Une raison de comp\u00e9titivit\u00e9 \u00e9conomique<\/p>\n<p class=\"standard\">Malheureusement, pour moudre le bl\u00e9 et le transformer en farine, <strong>la France n\u2019est pas assez rentable<\/strong> sur son territoire. Il revient alors moins cher de charger le bl\u00e9 dans des poids lourds ou des trains, afin de l\u2019envoyer en Allemagne pour que ce dernier soit r\u00e9duit en poudre. <\/p>\n<p class=\"standard\">Mais cela pose plusieurs probl\u00e8mes. Tout d\u2019abord, la part offerte \u00e0 celui qui moud le bl\u00e9 n\u2019est pas r\u00e9alis\u00e9e sur le territoire, et donc<strong> la richesse g\u00e9n\u00e9r\u00e9e n\u2019est pas produite sur le sol fran\u00e7ais. <\/strong><\/p>\n<p class=\"standard\">De plus, cette pratique d\u00e9montre<strong> un non-sens \u00e9cologique des plus aberrants.<\/strong> Alors que nous pourrions tr\u00e8s bien \u00e9viter le transport de tout ce bl\u00e9 d\u2019un pays \u00e0 l\u2019autre. <\/p>\n<p class=\"standard\">Enfin, peu de personnes savent que certaines farines vendues en France sont fabriqu\u00e9es en France. Alors qu\u2019il serait possible de choisir <a href=\"https:\/\/www.marmiton.org\/astuces\/farine-vous-n-en-mettrez-plus-partout-grace-a-cette-astuce-testee-et-approuvee-pour-la-sortir-du-paquet-s4071489.html\" target=\"_blank\" rel=\"noopener\">les paquets<\/a> de farine dont la transformation est fran\u00e7aise pour <strong>r\u00e9mun\u00e9rer les travailleurs de notre territoire. <\/strong><\/p>\n<p class=\"standard\"><strong>\u00c0 lire aussi : <\/strong>\n<\/p>\n<p>    <a href=\"https:\/\/www.marmiton.org\/author\/27649\" target=\"_blank\" rel=\"noopener\"><br \/>\n        <img loading=\"lazy\" decoding=\"async\" src=\"https:\/\/www.europesays.com\/fr\/wp-content\/uploads\/2025\/09\/1485364963_s50.jpeg\" width=\"50\" height=\"50\" alt=\"Coline Cipolla\"\/><br \/>\n    <\/a><\/p>\n<p>            R\u00e9dactrice cuisine\n    <\/p>\n<p>Issue d\u2019une formation en \u00e9ditions num\u00e9riques, j\u2019adore partager avec les lecteurs de Marmiton des astuces de cuisine, parfois insolites, mais aussi des moyens de tout utiliser dans vos ingr\u00e9dients pour \u2026<\/p>\n","protected":false},"excerpt":{"rendered":"Vous pensez que votre farine est fran\u00e7aise ? En r\u00e9alit\u00e9, pas toujours. Un quart de la transformation du&hellip;\n","protected":false},"author":2,"featured_media":378607,"comment_status":"","ping_status":"","sticky":false,"template":"","format":"standard","meta":{"footnotes":""},"categories":[1587],"tags":[11,8263,672,1804,130,1805,1803,1777,674,38227,1801,8265,12,1802],"class_list":{"0":"post-378606","1":"post","2":"type-post","3":"status-publish","4":"format-standard","5":"has-post-thumbnail","7":"category-allemagne","8":"tag-actualites","9":"tag-actus-food","10":"tag-allemagne","11":"tag-bundesrepublik-deutschland","12":"tag-consommation","13":"tag-de","14":"tag-deutschland","15":"tag-eu","16":"tag-europe","17":"tag-focus-ingru00e9dient","18":"tag-germany","19":"tag-mieux-consommer","20":"tag-news","21":"tag-republique-federale-dallemagne"},"share_on_mastodon":{"url":"https:\/\/pubeurope.com\/@fr\/115176293300102774","error":""},"_links":{"self":[{"href":"https:\/\/www.europesays.com\/fr\/wp-json\/wp\/v2\/posts\/378606","targetHints":{"allow":["GET"]}}],"collection":[{"href":"https:\/\/www.europesays.com\/fr\/wp-json\/wp\/v2\/posts"}],"about":[{"href":"https:\/\/www.europesays.com\/fr\/wp-json\/wp\/v2\/types\/post"}],"author":[{"embeddable":true,"href":"https:\/\/www.europesays.com\/fr\/wp-json\/wp\/v2\/users\/2"}],"replies":[{"embeddable":true,"href":"https:\/\/www.europesays.com\/fr\/wp-json\/wp\/v2\/comments?post=378606"}],"version-history":[{"count":0,"href":"https:\/\/www.europesays.com\/fr\/wp-json\/wp\/v2\/posts\/378606\/revisions"}],"wp:featuredmedia":[{"embeddable":true,"href":"https:\/\/www.europesays.com\/fr\/wp-json\/wp\/v2\/media\/378607"}],"wp:attachment":[{"href":"https:\/\/www.europesays.com\/fr\/wp-json\/wp\/v2\/media?parent=378606"}],"wp:term":[{"taxonomy":"category","embeddable":true,"href":"https:\/\/www.europesays.com\/fr\/wp-json\/wp\/v2\/categories?post=378606"},{"taxonomy":"post_tag","embeddable":true,"href":"https:\/\/www.europesays.com\/fr\/wp-json\/wp\/v2\/tags?post=378606"}],"curies":[{"name":"wp","href":"https:\/\/api.w.org\/{rel}","templated":true}]}}