{"id":378608,"date":"2025-09-09T20:45:18","date_gmt":"2025-09-09T20:45:18","guid":{"rendered":"https:\/\/www.europesays.com\/fr\/378608\/"},"modified":"2025-09-09T20:45:18","modified_gmt":"2025-09-09T20:45:18","slug":"leurope-propose-une-ligne-de-credit-de-16-mde-pour-soutenir-leffort-de-defense-francais-fob","status":"publish","type":"post","link":"https:\/\/www.europesays.com\/fr\/378608\/","title":{"rendered":"L&rsquo;Europe propose une ligne de cr\u00e9dit de 16 Md\u20ac pour soutenir l&rsquo;effort de d\u00e9fense fran\u00e7ais &#8211; FOB"},"content":{"rendered":"<p><strong>Les commissaires europ\u00e9ens ont rendu leur verdict : la France pourra recevoir plus de 16 Md\u20ac sous forme de pr\u00eat dans le cadre du programme \u00ab\u00a0Security Action for Europe\u00a0\u00bb (SAFE). Un emprunt aux conditions avantageuses et destin\u00e9 \u00e0 soutenir l\u2019acc\u00e9l\u00e9ration consentie par les arm\u00e9es europ\u00e9ennes dans plusieurs domaines capacitaires prioritaires.<\/strong><\/p>\n<p>Adopt\u00e9 fin mai, SAFE permettra \u00e0 l\u2019Europe d\u2019allouer 150 Md\u20ac sous forme de pr\u00eats \u00e0 long terme et \u00e0 faible co\u00fbt. Fin ao\u00fbt, 19 pays avaient candidat\u00e9 pour cette manne, dont la France. R\u00e9sultat : une ligne de cr\u00e9dit de plus de 16,2 Md\u20ac qui viendra soutenir l\u2019effort de r\u00e9armement fran\u00e7ais \u00e0 des taux d\u2019int\u00e9r\u00eats d\u2019autant plus comp\u00e9titifs que niveau d\u2019endettement particuli\u00e8rement \u00e9lev\u00e9 du pays menace aujourd\u2019hui sa capacit\u00e9 d\u2019emprunt.\u00a0<\/p>\n<p>Le commissaire europ\u00e9en \u00e0 la D\u00e9fense et \u00e0 l\u2019Espace, le Lituanien Andrius Kubilius, a salu\u00e9 \u00ab\u00a0un succ\u00e8s historique pour l\u2019Union europ\u00e9enne\u00a0\u00bb qui \u00ab\u00a0contribuera \u00e0 dissuader nos ennemis et \u00e0 renforcer la d\u00e9fense europ\u00e9enne\u00a0\u00bb. Si SAFE n\u2019est pas ouvert \u00e0 l\u2019Ukraine, le dispositif pourra participer \u00e0 son soutien via des achats r\u00e9alis\u00e9s aupr\u00e8s de l\u2019industrie ukrainienne, avec l\u2019arm\u00e9e ukrainienne ou au profit de celle-ci.\u00a0<\/p>\n<p>Le voisin belge devrait quant \u00e0 lui recevoir plus de 8,3 Md\u20ac, l\u2019Italie pr\u00e8s de 15 Md\u20ac et la Hongrie une enveloppe \u00e9trangement identique \u00e0 l\u2019euro pr\u00e8s \u00e0 celle de la France. Mais le gros lot revient \u00e0 la Pologne, \u00e0 qui l\u2019Europe envisage de pr\u00eater plus de 43 Md\u20ac. Rien d\u2019\u00e9tonnant au vu de la trajectoire d\u2019investissements sur laquelle Varsovie s\u2019est engag\u00e9e pour se doter de la plus grande arm\u00e9e europ\u00e9enne.\u00a0<\/p>\n<p>Chaque pays pourra demander jusqu\u2019\u00e0 15% de l\u2019enveloppe nationale sous forme de pr\u00e9paiement pour mat\u00e9rialiser les investissements les plus urgents, dont des achats potentiellement engag\u00e9s d\u00e8s 2025. Reste, pour les \u00c9tats retenus, \u00e0 pr\u00e9senter leur plan d\u2019investissement national d\u2019ici fin novembre \u00e0 la Commission \u00e0 des fins d\u2019\u00e9valuation. Sauf \u00e9cueil, les premiers d\u00e9caissements devraient intervenir \u00e0 compter du printemps 2026. \u00a0<\/p>\n<p>Cr\u00e9dits image : <\/p>\n","protected":false},"excerpt":{"rendered":"Les commissaires europ\u00e9ens ont rendu leur verdict : la France pourra recevoir plus de 16 Md\u20ac sous forme&hellip;\n","protected":false},"author":2,"featured_media":378609,"comment_status":"","ping_status":"","sticky":false,"template":"","format":"standard","meta":{"footnotes":""},"categories":[1586],"tags":[11,1003,1777,674,1011,27,12,25,48209],"class_list":{"0":"post-378608","1":"post","2":"type-post","3":"status-publish","4":"format-standard","5":"has-post-thumbnail","7":"category-europe","8":"tag-actualites","9":"tag-budget","10":"tag-eu","11":"tag-europe","12":"tag-fr","13":"tag-france","14":"tag-news","15":"tag-republique-francaise","16":"tag-safe"},"share_on_mastodon":{"url":"https:\/\/pubeurope.com\/@fr\/115176297207776221","error":""},"_links":{"self":[{"href":"https:\/\/www.europesays.com\/fr\/wp-json\/wp\/v2\/posts\/378608","targetHints":{"allow":["GET"]}}],"collection":[{"href":"https:\/\/www.europesays.com\/fr\/wp-json\/wp\/v2\/posts"}],"about":[{"href":"https:\/\/www.europesays.com\/fr\/wp-json\/wp\/v2\/types\/post"}],"author":[{"embeddable":true,"href":"https:\/\/www.europesays.com\/fr\/wp-json\/wp\/v2\/users\/2"}],"replies":[{"embeddable":true,"href":"https:\/\/www.europesays.com\/fr\/wp-json\/wp\/v2\/comments?post=378608"}],"version-history":[{"count":0,"href":"https:\/\/www.europesays.com\/fr\/wp-json\/wp\/v2\/posts\/378608\/revisions"}],"wp:featuredmedia":[{"embeddable":true,"href":"https:\/\/www.europesays.com\/fr\/wp-json\/wp\/v2\/media\/378609"}],"wp:attachment":[{"href":"https:\/\/www.europesays.com\/fr\/wp-json\/wp\/v2\/media?parent=378608"}],"wp:term":[{"taxonomy":"category","embeddable":true,"href":"https:\/\/www.europesays.com\/fr\/wp-json\/wp\/v2\/categories?post=378608"},{"taxonomy":"post_tag","embeddable":true,"href":"https:\/\/www.europesays.com\/fr\/wp-json\/wp\/v2\/tags?post=378608"}],"curies":[{"name":"wp","href":"https:\/\/api.w.org\/{rel}","templated":true}]}}