{"id":378614,"date":"2025-09-09T20:48:14","date_gmt":"2025-09-09T20:48:14","guid":{"rendered":"https:\/\/www.europesays.com\/fr\/378614\/"},"modified":"2025-09-09T20:48:14","modified_gmt":"2025-09-09T20:48:14","slug":"la-passation-de-pouvoir-avec-francois-bayrou-aura-lieu-ce-mercredi-a-midi","status":"publish","type":"post","link":"https:\/\/www.europesays.com\/fr\/378614\/","title":{"rendered":"la passation de pouvoir avec Fran\u00e7ois Bayrou aura lieu ce mercredi \u00e0 midi"},"content":{"rendered":"<p>\u00c9douard Philippe : Lecornu \u00ab\u00a0a les qualit\u00e9s\u00a0\u00bb pour \u00ab\u00a0discuter\u00a0\u00bb et \u00ab\u00a0trouver un accord\u00a0\u00bb avec les autres partis (sur TF1)<\/p>\n<p>S\u00e9bastien Lecornu \u00ab\u00a0a les qualit\u00e9s\u00a0\u00bb pour \u00ab\u00a0discuter\u00a0\u00bb et \u00ab\u00a0trouver un accord\u00a0\u00bb avec les autres partis politiques, a r\u00e9agi \u00c9douard Philippe lundi soir sur TF1, apr\u00e8s la nomination \u00e0 Matignon de son ancien secr\u00e9taire d&rsquo;\u00c9tat \u00e0 l&rsquo;\u00c9cologie (2017-2018) puis ministre aux Collectivit\u00e9s (2018-2020).<\/p>\n<p>\u00ab\u00a0S\u00e9bastien Lecornu me para\u00eet avoir les qualit\u00e9s pour essayer d&rsquo;amener \u00e0 la table des gens qui ne feront pas exactement ce qu&rsquo;ils souhaitent, mais qui pourront s&rsquo;entendre pour \u00e9viter que la France aille plus mal\u00a0\u00bb, a d\u00e9clar\u00e9 l&rsquo;ancien Premier ministre, appelant les partis au \u00ab\u00a0compromis\u00a0\u00bb et se disant \u00ab\u00a0pr\u00eat\u00a0\u00bb \u00e0 en faire, \u00ab\u00a0avec quelques limites\u00a0\u00bb, jugeant notamment que \u00ab\u00a0le budget des Arm\u00e9es doit \u00eatre pr\u00e9serv\u00e9, le budget de la Police, le budget de la Justice, sans doute.\u00a0\u00bb<\/p>\n","protected":false},"excerpt":{"rendered":"\u00c9douard Philippe : Lecornu \u00ab\u00a0a les qualit\u00e9s\u00a0\u00bb pour \u00ab\u00a0discuter\u00a0\u00bb et \u00ab\u00a0trouver un accord\u00a0\u00bb avec les autres partis (sur&hellip;\n","protected":false},"author":2,"featured_media":378615,"comment_status":"","ping_status":"","sticky":false,"template":"","format":"standard","meta":{"footnotes":""},"categories":[2],"tags":[48300,11,51201,1011,27,431,418,12,51202,25],"class_list":{"0":"post-378614","1":"post","2":"type-post","3":"status-publish","4":"format-standard","5":"has-post-thumbnail","7":"category-actualites","8":"tag-10-septembre","9":"tag-actualites","10":"tag-blocage-du-10-septembre","11":"tag-fr","12":"tag-france","13":"tag-francois-bayrou","14":"tag-gouvernement","15":"tag-news","16":"tag-nouveau-premier-ministre","17":"tag-republique-francaise"},"share_on_mastodon":{"url":"https:\/\/pubeurope.com\/@fr\/115176309051532904","error":""},"_links":{"self":[{"href":"https:\/\/www.europesays.com\/fr\/wp-json\/wp\/v2\/posts\/378614","targetHints":{"allow":["GET"]}}],"collection":[{"href":"https:\/\/www.europesays.com\/fr\/wp-json\/wp\/v2\/posts"}],"about":[{"href":"https:\/\/www.europesays.com\/fr\/wp-json\/wp\/v2\/types\/post"}],"author":[{"embeddable":true,"href":"https:\/\/www.europesays.com\/fr\/wp-json\/wp\/v2\/users\/2"}],"replies":[{"embeddable":true,"href":"https:\/\/www.europesays.com\/fr\/wp-json\/wp\/v2\/comments?post=378614"}],"version-history":[{"count":0,"href":"https:\/\/www.europesays.com\/fr\/wp-json\/wp\/v2\/posts\/378614\/revisions"}],"wp:featuredmedia":[{"embeddable":true,"href":"https:\/\/www.europesays.com\/fr\/wp-json\/wp\/v2\/media\/378615"}],"wp:attachment":[{"href":"https:\/\/www.europesays.com\/fr\/wp-json\/wp\/v2\/media?parent=378614"}],"wp:term":[{"taxonomy":"category","embeddable":true,"href":"https:\/\/www.europesays.com\/fr\/wp-json\/wp\/v2\/categories?post=378614"},{"taxonomy":"post_tag","embeddable":true,"href":"https:\/\/www.europesays.com\/fr\/wp-json\/wp\/v2\/tags?post=378614"}],"curies":[{"name":"wp","href":"https:\/\/api.w.org\/{rel}","templated":true}]}}