{"id":378647,"date":"2025-09-09T21:07:10","date_gmt":"2025-09-09T21:07:10","guid":{"rendered":"https:\/\/www.europesays.com\/fr\/378647\/"},"modified":"2025-09-09T21:07:10","modified_gmt":"2025-09-09T21:07:10","slug":"il-pouvait-peter-un-cable-capucine-anav-evoque-matthieu-delormeau-et-ses-rapports-avec-la-drogue-a-lepoque-dnrj12","status":"publish","type":"post","link":"https:\/\/www.europesays.com\/fr\/378647\/","title":{"rendered":"\u00ab\u00a0Il pouvait p\u00e9ter un c\u00e2ble\u00a0\u00bb : Capucine Anav \u00e9voque Matthieu Delormeau et ses rapports avec la drogue \u00e0 l\u2019\u00e9poque d\u2019NRJ12"},"content":{"rendered":"<p>Un discours qui va faire chaud au c\u0153ur de <a href=\"https:\/\/www.public.fr\/tag\/matthieu-delormeau\" target=\"_blank\" rel=\"noopener\">Matthieu Delormeau<\/a> et lui prouver qu\u2019il peut toujours compter sur <a href=\"https:\/\/www.public.fr\/tag\/capucine-anav\" target=\"_blank\" rel=\"noopener\">Capucine Anav<\/a>. Cette derni\u00e8re, a collabor\u00e9 pendant plusieurs ann\u00e9es \u00e0 ses c\u00f4t\u00e9s, notamment sur NRJ12.<\/p>\n<p>En 2014, la jeune maman devient coanimatrice pour la premi\u00e8re fois avant de prendre les commandes du <strong>Mad Mag<\/strong> et quitter son r\u00f4le en mars 2016 pour rejoindre C8 et <a href=\"https:\/\/www.public.fr\/tag\/cyril-hanouna\" target=\"_blank\" rel=\"noopener\">Cyril Hanouna<\/a> sur <strong>TPMP<\/strong>.\u00a0<\/p>\n<p>Elle a longtemps \u00e9paul\u00e9 Matthieu Delormeau lorsque celui-ci travaillait encore sur NRJ12 et reste donc l\u00e9gitime pour parler du producteur. Notamment sur son rapport \u00e0 la drogue, lorsqu\u2019elle le c\u00f4toyait tous les jours. Invit\u00e9e du Buzz TV du Figaro, celle qui a rejoint Cyril Hanouna cette ann\u00e9e \u00e0 la radio, dans <strong>Tout beau, tout fun<\/strong> sur Fun Radio, a justement \u00e9voqu\u00e9 le sujet apr\u00e8s l<a href=\"https:\/\/www.public.fr\/matthieu-delormeau-accro-a-la-cocaine-largue-par-son-cheri-et-lache-par-le-monde-du-paf-revelations-sur-sa-descente-aux-enfers-dans-tbt9\" target=\"_blank\" rel=\"noopener\">es r\u00e9v\u00e9lations du principal int\u00e9ress\u00e9<\/a> sur <strong><a href=\"https:\/\/www.public.fr\/tag\/tout-beau-tout-9\" target=\"_blank\" rel=\"noopener\">TBT9<\/a><\/strong> le 4 septembre dernier.<\/p>\n<p>Matthieu Delormeau sans fard sur sa consommation de coca\u00efne et son addiction<\/p>\n<p>Lors de son passage, l\u2019ancien animateur de NRJ12 et chroniqueur de \u00ab\u00a0Baba\u00a0\u00bb, a racont\u00e9 l\u2019enfer qu\u2019il a v\u00e9cu ces derni\u00e8res ann\u00e9es. Notamment apr\u00e8s avoir sombr\u00e9 dans la drogue \u00e0 cause de nombreux soucis professionnels et priv\u00e9s.\u00a0<\/p>\n<p>\u00ab\u00a0J<strong>e fais un d\u00eener ou deux chez des amis et il y a des produits<\/strong>, \u00e0 cette \u00e9poque-l\u00e0, je suis tr\u00e8s malheureux et j&rsquo;ai beaucoup d&rsquo;anxi\u00e9t\u00e9.\u00a0<strong>\u00c7a d\u00e9marre comme \u00e7a<\/strong>, c&rsquo;est des d\u00eeners et tu te laisses\u2026\u00a0\u00bb, a d\u2019abord expliqu\u00e9 Matthieu Delormeau avant de confier : \u00ab\u00a0L\u2019anxi\u00e9t\u00e9, c&rsquo;est quand tu as peur de tout, tu ne sais pas pourquoi. Tu as peur de mourir, t&rsquo;as peur que les autres aillent mal, t&rsquo;as peur de plus avoir de boulot, t&rsquo;as peur de plus avoir d&rsquo;argent. J&rsquo;\u00e9tais anxieux tout le temps, tout le temps, tout le temps\u00a0\u00bb.<\/p>\n<p>\u00ab\u00a0E<strong>t je go\u00fbte \u00e0 un produit et je me rends compte que&#8230; c&rsquo;\u00e9tait de la coca\u00efne<\/strong>. Et je me rends compte que quand je prends \u00e7a, je vais tr\u00e8s bien (\u2026) moi, quand je rentrais le soir chez moi,\u00a0 j&rsquo;avais plus d&rsquo;amis, j&rsquo;avais plus de copains, le t\u00e9l\u00e9phone sonne plus quand tu t&rsquo;arr\u00eates de faire de la t\u00e9l\u00e9 et je rentrais chez moi et&#8230; Soit je, je prenais des trucs pour dormir et j&rsquo;allais me coucher \u00e0 vingt heure trente, soit juste un peu de drogue, \u00e7a me permettait de\u2026 dans ma t\u00eate, \u00e7a s&rsquo;arr\u00eatait direct\u00a0\u00bb, a-t-il poursuivi.<\/p>\n<p>Un homme qui a toujours \u00e9t\u00e9 \u00ab\u00a0contre la drogue\u00a0\u00bb selon Capucine Anav<\/p>\n<p>Un discours de la part de Matthieu Delormeau qui a choqu\u00e9 le plateau de <strong>TBT9<\/strong>, les internautes, ainsi que son amie <a href=\"https:\/\/vsd.fr\/tag\/capucine-anav\/\" target=\"_blank\" rel=\"noopener\">Capucine Anav<\/a>. Et pour cause, la jeune maman <strong>se souvient d\u2019un homme contre la drogue<\/strong> \u00e0 l\u2019\u00e9poque o\u00f9 elle travaillait avec lui. Capable de <strong>\u00ab\u00a0p\u00e9ter un c\u00e2ble\u00a0\u00bb<\/strong> s\u2019il en voyait dans les locaux d\u2019NRJ12.<\/p>\n<p>\u00ab\u00a0<strong>J&rsquo;\u00e9tais assez choqu\u00e9e quand j&rsquo;ai appris \u00e7a<\/strong> parce que Mathieu, c&rsquo;est <strong>vraiment quelqu&rsquo;un qui \u00e9tait contre, tout le temps.<\/strong> Qui \u00e9tait contre la drogue\u00a0\u00bb, a d\u2019abord expliqu\u00e9 la chroniqueuse de Cyril Hanouna dans <strong>Tout beau, tout fun<\/strong>.\u00a0<\/p>\n<p>Avant de donner un exemple pour expliquer ses d\u00e9clarations : \u00ab\u00a0Quand je vous dis contre, c&rsquo;est qu&rsquo;il pouvait p\u00e9ter un c\u00e2ble si jamais, \u00e0 l&rsquo;\u00e9poque du Mag et tout, avec Beno\u00eet, en tout cas,<strong> il nous briefait vachement l\u00e0-dessus<\/strong> parce que \u00e7a pouvait arriver de voir des personnes dans des soir\u00e9es, tout \u00e7a. Alors lui, il \u00e9tait vraiment contre \u00e7a\u00a0\u00bb.<\/p>\n<p>De fait, d\u00e9couvrir Matthieu Delormeau faire de telles r\u00e9v\u00e9lations sur son addiction a profond\u00e9ment choqu\u00e9 Capucine Anav : \u00ab\u00a0Ah oui. Je n&rsquo;aurais jamais imagin\u00e9 une seule seconde. Et c&rsquo;est l\u00e0 o\u00f9 on se dit : Waouh ! C&rsquo;est que vraiment, <strong>\u00e7a devait aller mal<\/strong>. J&rsquo;\u00e9tais assez choqu\u00e9e\u00a0\u00bb.<\/p>\n<blockquote class=\"twitter-tweet\">\n<p>\u00ab\u00a0Il pouvait p\u00e9ter un c\u00e2ble&#8230;\u00a0\u00bb : Capucine Anav r\u00e9v\u00e8le les messages de pr\u00e9vention que Matthieu Delormeau adressait \u00e0 Capucine Anav, lorsqu&rsquo;ils travaillaient ensemble dans \u00ab\u00a0Le Mag\u00a0\u00bb sur NRJ12. <a href=\"https:\/\/t.co\/BCyTcLO8Hy\">pic.twitter.com\/BCyTcLO8Hy<\/a><\/p>\n<p>\u2014 TV Magazine (@TVMAG) <a href=\"https:\/\/twitter.com\/TVMAG\/status\/1965432508209856979?ref_src=twsrc%5Etfw\" target=\"_blank\" rel=\"noopener\">September 9, 2025<\/a><\/p><\/blockquote>\n<p>      Mentionn\u00e9s dans cet article<\/p>\n<p>      Sur le m\u00eame sujet<\/p>\n<p>  <script async src=\"https:\/\/platform.twitter.com\/widgets.js\" charset=\"utf-8\"><\/script><\/p>\n","protected":false},"excerpt":{"rendered":"Un discours qui va faire chaud au c\u0153ur de Matthieu Delormeau et lui prouver qu\u2019il peut toujours compter&hellip;\n","protected":false},"author":2,"featured_media":378648,"comment_status":"","ping_status":"","sticky":false,"template":"","format":"standard","meta":{"footnotes":""},"categories":[8],"tags":[51204,3993,1083,58,1052,59,1011,27,7830,22498,22497],"class_list":{"0":"post-378647","1":"post","2":"type-post","3":"status-publish","4":"format-standard","5":"has-post-thumbnail","7":"category-divertissement","8":"tag-capucine-anav","9":"tag-cocaine","10":"tag-cyril-hanouna","11":"tag-divertissement","12":"tag-drogue","13":"tag-entertainment","14":"tag-fr","15":"tag-france","16":"tag-matthieu-delormeau","17":"tag-tout-9-tbt9","18":"tag-tout-beau"},"share_on_mastodon":{"url":"https:\/\/pubeurope.com\/@fr\/115176383796529001","error":""},"_links":{"self":[{"href":"https:\/\/www.europesays.com\/fr\/wp-json\/wp\/v2\/posts\/378647","targetHints":{"allow":["GET"]}}],"collection":[{"href":"https:\/\/www.europesays.com\/fr\/wp-json\/wp\/v2\/posts"}],"about":[{"href":"https:\/\/www.europesays.com\/fr\/wp-json\/wp\/v2\/types\/post"}],"author":[{"embeddable":true,"href":"https:\/\/www.europesays.com\/fr\/wp-json\/wp\/v2\/users\/2"}],"replies":[{"embeddable":true,"href":"https:\/\/www.europesays.com\/fr\/wp-json\/wp\/v2\/comments?post=378647"}],"version-history":[{"count":0,"href":"https:\/\/www.europesays.com\/fr\/wp-json\/wp\/v2\/posts\/378647\/revisions"}],"wp:featuredmedia":[{"embeddable":true,"href":"https:\/\/www.europesays.com\/fr\/wp-json\/wp\/v2\/media\/378648"}],"wp:attachment":[{"href":"https:\/\/www.europesays.com\/fr\/wp-json\/wp\/v2\/media?parent=378647"}],"wp:term":[{"taxonomy":"category","embeddable":true,"href":"https:\/\/www.europesays.com\/fr\/wp-json\/wp\/v2\/categories?post=378647"},{"taxonomy":"post_tag","embeddable":true,"href":"https:\/\/www.europesays.com\/fr\/wp-json\/wp\/v2\/tags?post=378647"}],"curies":[{"name":"wp","href":"https:\/\/api.w.org\/{rel}","templated":true}]}}