{"id":378657,"date":"2025-09-09T21:12:10","date_gmt":"2025-09-09T21:12:10","guid":{"rendered":"https:\/\/www.europesays.com\/fr\/378657\/"},"modified":"2025-09-09T21:12:10","modified_gmt":"2025-09-09T21:12:10","slug":"greve-du-10-septembre-impossible-daller-travailler-a-cause-des-blocages-ce-que-dit-la-loi-actu-fr","status":"publish","type":"post","link":"https:\/\/www.europesays.com\/fr\/378657\/","title":{"rendered":"Gr\u00e8ve du 10 septembre : impossible d\u2019aller travailler \u00e0 cause des blocages ? Ce que dit la loi &#8211; Actu.fr"},"content":{"rendered":"<ol>\n<li><a href=\"https:\/\/news.google.com\/rss\/articles\/CBMixwFBVV95cUxQczROR1VLZ0JPbUJlUU1fU210c0Qxam5xOHNmLWZTRUFJb2FsTnBEdGlXYkpybXphZ0lWS3NIRmV2MXpiVEVGelJRa1Ayakl2XzFUXzFObThEUHJHQmMwV1FfdXFCT3B4ZUg2ODZYcFpnVmlsWG04SERVX1lPT3Z1cjNHZURoUTVJc19iVDIzRjY4YXJHUXc2LTR6TW01Y3BBUFhYNDY0M1VnT1lGQ0xHQ0NxLV94Rl91bHVxVHBfR2NVc255RnpZ?oc=5\" target=\"_blank\" rel=\"noopener\">Gr\u00e8ve du 10 septembre : impossible d\u2019aller travailler \u00e0 cause des blocages ? Ce que dit la loi<\/a>&nbsp;&nbsp;Actu.fr<\/li>\n<li><a href=\"https:\/\/news.google.com\/rss\/articles\/CBMi1wFBVV95cUxQQmlnUHR4eXItdWphNEtScVNNckpWdlZxS3FKSkNrS0J0NUlCZEpBRmloa1Y2TU1ydHRiMzQ1RWtHNHpRbzg2RGJTWWlvS2tfOXlNTkNBaGJ2bDNIVFhlcUd5UklSYnNFZHFETVJGUndrSGNBbTBORTNudlNPSE5jdEluM0dfbktZY2ZiWWZqSGdPOEpRNXNPdDNFdUtwQTE2SXV2LXRSWlo0NWZpeE1hUmxtdy1uZWNuNHl1NHNzQWg0VFY1b1ZHZDEtU1dsakJqNVVzZXFWRQ?oc=5\" target=\"_blank\" rel=\"noopener\">\u00ab Bloquons tout \u00bb : \u00e0 quoi s\u2019attendre \u00e0 Bordeaux et en Gironde ce mercredi 10 septembre ?<\/a>&nbsp;&nbsp;Sud Ouest<\/li>\n<li><a href=\"https:\/\/news.google.com\/rss\/articles\/CBMi6gFBVV95cUxQMGlTek45elJLV0VwZXF5Vk9tOTV0ejhCVnBwLWRORk9ld3psSkdCa3d3NWVLUEhoZ2trUnFPWkJEU3hiNUdPQ2dBSktxT19jRDZXblZGVGtRdFhNd05KSkdlcllZb0d4bGgtd3owZUJkd00tdDZ3ZkNRZkdDUEk4cllKeUpnbjFRUjF2SUNfeVlSSTFydEhuVFpNSGJtbVl3d3puYW9EZ2xHaEpSdlgyYTJMQk9CQTJRNFRGR1dLdHVDc081R2RuOEZPTHBkTkFCWlRFdDBKVFBsUTl5UW1QZVZsM2R5V1lLSGc?oc=5\" target=\"_blank\" rel=\"noopener\">10 septembre: transports, blocages, \u00e9coles&#8230; \u00c0 quoi s&rsquo;attendre pour la journ\u00e9e de mobilisation \u00ab\u00a0Bloquons tout\u00a0\u00bb?<\/a>&nbsp;&nbsp;BFMTV<\/li>\n<li><a href=\"https:\/\/news.google.com\/rss\/articles\/CBMifkFVX3lxTFBwdzhjZHZDVjE1Qkx3MDJwRmxsOVA4bnVFNEp1RmhDS0FWdGdFbVBVd0xiVl9Tc0RqQU9SLVZrTFZWSnA3b093bHpQMDBsYmM5TzhLQnhmYlhvTVluSDlJQkNqN2VlbkNVMHRkTUU5WmR4ZVpqdW5rd2NkSER4Zw?oc=5\" target=\"_blank\" rel=\"noopener\">Mouvement du 10 septembre<\/a>&nbsp;&nbsp;isere.gouv.fr<\/li>\n<li><a href=\"https:\/\/news.google.com\/rss\/articles\/CBMi1gFBVV95cUxNOGQ2SFhKazRRcGRtSmdoWWxjTHI5blBKNHRVd05VdnljaGZ3MUVjUVhKa1hRZTVqMWV5Z2h5MG9wanJoSHA1RmtJMlNBOGIwd2NKUENyOHh5LW82aDhBenk4RkExc3JGbzFjRGNXVHctUW5icmtsbkE5Zm9EenJVU2NnUEZkWmttbDRnM0tQd2RsYjdnR1lMbU96b29BMGs5SHNKMXYxRjFIY2ppUm51cUYyR0RKaEI3QXhYbWJfTU9Ya21kZ1BNTDNuYnpXSGhXa1htVzBR?oc=5\" target=\"_blank\" rel=\"noopener\">Bloquons tout le 10 septembre : Toulouse, Auch, Cahors, Montauban\u2026 \u00e0 quoi s\u2019attendre en Occitanie<\/a>&nbsp;&nbsp;ladepeche.fr<\/li>\n<\/ol>\n","protected":false},"excerpt":{"rendered":"Gr\u00e8ve du 10 septembre : impossible d\u2019aller travailler \u00e0 cause des blocages ? Ce que dit la loi&nbsp;&nbsp;Actu.fr&hellip;\n","protected":false},"author":2,"featured_media":378658,"comment_status":"","ping_status":"","sticky":false,"template":"","format":"standard","meta":{"footnotes":""},"categories":[2],"tags":[11,47212,3542,1011,27,50957,12,104],"class_list":{"0":"post-378657","1":"post","2":"type-post","3":"status-publish","4":"format-standard","5":"has-post-thumbnail","7":"category-actualites","8":"tag-actualites","9":"tag-bloquons-tout","10":"tag-circulation","11":"tag-fr","12":"tag-france","13":"tag-mouvement-du-10-septembre","14":"tag-news","15":"tag-societe"},"share_on_mastodon":{"url":"https:\/\/pubeurope.com\/@fr\/115176403390853496","error":""},"_links":{"self":[{"href":"https:\/\/www.europesays.com\/fr\/wp-json\/wp\/v2\/posts\/378657","targetHints":{"allow":["GET"]}}],"collection":[{"href":"https:\/\/www.europesays.com\/fr\/wp-json\/wp\/v2\/posts"}],"about":[{"href":"https:\/\/www.europesays.com\/fr\/wp-json\/wp\/v2\/types\/post"}],"author":[{"embeddable":true,"href":"https:\/\/www.europesays.com\/fr\/wp-json\/wp\/v2\/users\/2"}],"replies":[{"embeddable":true,"href":"https:\/\/www.europesays.com\/fr\/wp-json\/wp\/v2\/comments?post=378657"}],"version-history":[{"count":0,"href":"https:\/\/www.europesays.com\/fr\/wp-json\/wp\/v2\/posts\/378657\/revisions"}],"wp:featuredmedia":[{"embeddable":true,"href":"https:\/\/www.europesays.com\/fr\/wp-json\/wp\/v2\/media\/378658"}],"wp:attachment":[{"href":"https:\/\/www.europesays.com\/fr\/wp-json\/wp\/v2\/media?parent=378657"}],"wp:term":[{"taxonomy":"category","embeddable":true,"href":"https:\/\/www.europesays.com\/fr\/wp-json\/wp\/v2\/categories?post=378657"},{"taxonomy":"post_tag","embeddable":true,"href":"https:\/\/www.europesays.com\/fr\/wp-json\/wp\/v2\/tags?post=378657"}],"curies":[{"name":"wp","href":"https:\/\/api.w.org\/{rel}","templated":true}]}}