{"id":378661,"date":"2025-09-09T21:14:12","date_gmt":"2025-09-09T21:14:12","guid":{"rendered":"https:\/\/www.europesays.com\/fr\/378661\/"},"modified":"2025-09-09T21:14:12","modified_gmt":"2025-09-09T21:14:12","slug":"loire-interpelle-par-la-police-apres-une-transaction-pour-usage-de-produits-stupefiants","status":"publish","type":"post","link":"https:\/\/www.europesays.com\/fr\/378661\/","title":{"rendered":"Loire. Interpell\u00e9 par la police apr\u00e8s une transaction pour usage de produits stup\u00e9fiants"},"content":{"rendered":"<p>Il est presque 19 heures, ce jeudi 4\u00a0septembre, quand un \u00e9quipage de la Brigade anticriminalit\u00e9 est interpell\u00e9 par le comportement suspect d\u2019un jeune homme, \u00e0 pied, dans le quartier du Soleil.<\/p>\n<p>Les policiers mettent alors en place un dispositif de surveillance qui rapidement s\u2019av\u00e9rer payant. En effet, l\u2019individu va \u00eatre rep\u00e9r\u00e9 en train d\u2019effectuer une transaction avec un automobiliste.<\/p>\n<p>  Plusieurs grammes de r\u00e9sine de cannabis<\/p>\n<p>Ce dernier va alors \u00eatre contr\u00f4l\u00e9 par les fonctionnaires qui retrouvent sur lui plusieurs grammes de r\u00e9sine de cannabis. \u00c2g\u00e9 de 21 ans et habitant \u00e0 Saint-\u00c9tienne, le jeune homme est interpell\u00e9 puis plac\u00e9 en garde \u00e0 vue.<\/p>\n<p>\u00c0 l\u2019issue, il s\u2019est vu notifier une convocation devant le tribunal correctionnel de Saint-\u00c9tienne au cours des prochaines semaines pour usage de produits stup\u00e9fiants.<\/p>\n","protected":false},"excerpt":{"rendered":"Il est presque 19 heures, ce jeudi 4\u00a0septembre, quand un \u00e9quipage de la Brigade anticriminalit\u00e9 est interpell\u00e9 par&hellip;\n","protected":false},"author":2,"featured_media":378662,"comment_status":"","ping_status":"","sticky":false,"template":"","format":"standard","meta":{"footnotes":""},"categories":[9653],"tags":[1111,11,2430,271,272,7539,1777,674,274,1011,27,3367,12,25,4001,7538,104],"class_list":{"0":"post-378661","1":"post","2":"type-post","3":"status-publish","4":"format-standard","5":"has-post-thumbnail","7":"category-saint-etienne","8":"tag-actu","9":"tag-actualites","10":"tag-auvergne-rhone-alpes","11":"tag-crime","12":"tag-delit-et-contravention","13":"tag-edition-loire-sud","14":"tag-eu","15":"tag-europe","16":"tag-faits-divers-justice","17":"tag-fr","18":"tag-france","19":"tag-loire","20":"tag-news","21":"tag-republique-francaise","22":"tag-saint-etienne","23":"tag-saint-etienne-ville","24":"tag-societe"},"share_on_mastodon":{"url":"https:\/\/pubeurope.com\/@fr\/115176411291694577","error":""},"_links":{"self":[{"href":"https:\/\/www.europesays.com\/fr\/wp-json\/wp\/v2\/posts\/378661","targetHints":{"allow":["GET"]}}],"collection":[{"href":"https:\/\/www.europesays.com\/fr\/wp-json\/wp\/v2\/posts"}],"about":[{"href":"https:\/\/www.europesays.com\/fr\/wp-json\/wp\/v2\/types\/post"}],"author":[{"embeddable":true,"href":"https:\/\/www.europesays.com\/fr\/wp-json\/wp\/v2\/users\/2"}],"replies":[{"embeddable":true,"href":"https:\/\/www.europesays.com\/fr\/wp-json\/wp\/v2\/comments?post=378661"}],"version-history":[{"count":0,"href":"https:\/\/www.europesays.com\/fr\/wp-json\/wp\/v2\/posts\/378661\/revisions"}],"wp:featuredmedia":[{"embeddable":true,"href":"https:\/\/www.europesays.com\/fr\/wp-json\/wp\/v2\/media\/378662"}],"wp:attachment":[{"href":"https:\/\/www.europesays.com\/fr\/wp-json\/wp\/v2\/media?parent=378661"}],"wp:term":[{"taxonomy":"category","embeddable":true,"href":"https:\/\/www.europesays.com\/fr\/wp-json\/wp\/v2\/categories?post=378661"},{"taxonomy":"post_tag","embeddable":true,"href":"https:\/\/www.europesays.com\/fr\/wp-json\/wp\/v2\/tags?post=378661"}],"curies":[{"name":"wp","href":"https:\/\/api.w.org\/{rel}","templated":true}]}}