{"id":378663,"date":"2025-09-09T21:15:17","date_gmt":"2025-09-09T21:15:17","guid":{"rendered":"https:\/\/www.europesays.com\/fr\/378663\/"},"modified":"2025-09-09T21:15:17","modified_gmt":"2025-09-09T21:15:17","slug":"un-forcene-arme-dun-objet-tranchant-neutralise-par-les-policiers-au-taser","status":"publish","type":"post","link":"https:\/\/www.europesays.com\/fr\/378663\/","title":{"rendered":"un forcen\u00e9 arm\u00e9 d\u2019un objet tranchant neutralis\u00e9 par les policiers au taser"},"content":{"rendered":"<p>        <strong>FAITS DIVERS. Arm\u00e9 d\u2019un objet tranchant et bless\u00e9, un homme a \u00e9t\u00e9 ma\u00eetris\u00e9 par la police \u00e0 l\u2019aide d\u2019un taser, apr\u00e8s avoir sem\u00e9 la panique dans un bar-tabac du quartier.\u00a0Le mis en cause pr\u00e9senterait des troubles psychiatriques.\u00a0<\/strong><\/p>\n<p>Ce mardi 9 septembre vers 15h30, un important dispositif de police a \u00e9t\u00e9 d\u00e9ploy\u00e9 aux abords de la place Henri-Loritz \u00e0 Nancy apr\u00e8s l\u2019agression de plusieurs personnes par un homme. L\u2019individu, bless\u00e9 et arm\u00e9 \u00ab d\u2019un objet tranchant \u00bb, a finalement \u00e9t\u00e9 neutralis\u00e9 au moyen d\u2019un taser par les forces de l\u2019ordre, ont indiqu\u00e9 plusieurs sources concordantes.<\/p>\n<p>Le contexte, de ces actions violentes, se pr\u00e9cise. D&rsquo;apr\u00e8s nos informations, l&rsquo;assaillant pr\u00e9senterait des troubles psychiatriques. Admis un peu plus t\u00f4t aux urgences, l&rsquo;homme se serait \u00e9chapp\u00e9 de l\u2019h\u00f4pital avant d\u2019errer dans le quartier avec un objet tranchant. Lui-m\u00eame porteur d\u2019une profonde blessure au cou, il aurait ensuite agress\u00e9 des passants pr\u00e8s de la place Loritz, pour faire ensuite irruption et poursuivre ces agressions dans la brasserie bar-tabac du m\u00eame nom. L\u00e0, le commer\u00e7ant et un client auraient alors tent\u00e9 de le ma\u00eetriser.\u00a0<\/p>\n<p>Alert\u00e9s, plusieurs \u00e9quipages de police sont arriv\u00e9s rapidement sur les lieux et ont fait usage d\u2019un pistolet \u00e0 impulsion \u00e9lectrique pour neutraliser l\u2019homme, d\u00e9crit comme \u00ab tr\u00e8s virulent \u00bb lors de son interpellation.\u00a0Le quartier a \u00e9t\u00e9 temporairement boucl\u00e9 par la police, avec la fermeture d\u2019une partie du boulevard Lobau. Des sapeurs-pompiers du CIS Rives de Meurthe et une \u00e9quipe du SMUR de Nancy \u00e9taient \u00e9galement sur place.<\/p>\n<p>L\u2019agresseur a ensuite \u00e9t\u00e9 transport\u00e9 aux urgences de l\u2019h\u00f4pital central, accompagn\u00e9 d\u2019un autre homme bless\u00e9 lors de l\u2019intervention. Trois policiers ont par ailleurs subi des examens m\u00e9dicaux apr\u00e8s avoir \u00e9t\u00e9 en contact avec le sang du mis en cause.<\/p>\n<p>Ces faits rappellent un pr\u00e9c\u00e9dent survenu, le 2 septembre, \u00e0 Marseille, o\u00f9 un homme en crise psychiatrique avait \u00e9t\u00e9 abattu par la police. \u00c0 Nancy, l\u2019intervention marque le sang-froid des policiers primo-intervenants. Dans un post publi\u00e9 sur Facebook, le syndicat de police UN1T\u00c9 54 a apport\u00e9 son soutien \u00ab aux effectifs nanc\u00e9iens qui ont \u00e9t\u00e9 confront\u00e9s (&#8230;) \u00e0 une tr\u00e8s d\u00e9licate intervention\u00a0les mettant aux prises avec un homme dangereux et en pleine crise de d\u00e9mence \u00bb, soulignant \u00ab le professionnalisme \u00bb et les \u00ab risques quotidiens \u00bb encourus par les policiers.<\/p>\n<p>Une enqu\u00eate est en cours.<\/p>\n<p><img loading=\"lazy\" decoding=\"async\" src=\"https:\/\/www.europesays.com\/fr\/wp-content\/uploads\/2025\/09\/unite.png\" alt=\"unite\" width=\"800\" height=\"719\"\/><\/p>\n<p>\u00a0<\/p>\n<p>\t\t\t\t\t\t<a href=\"https:\/\/www.pinterest.com\/pin\/create\/button\/\" data-pin-do=\"buttonBookmark\" data-pin-color=\"red\" rel=\"nofollow noopener\" target=\"_blank\"><img decoding=\"async\" src=\"https:\/\/www.europesays.com\/fr\/wp-content\/uploads\/2025\/04\/pinit_fg_en_rect_red_20.png\" alt=\"Pin It\"\/><\/a><\/p>\n","protected":false},"excerpt":{"rendered":"FAITS DIVERS. Arm\u00e9 d\u2019un objet tranchant et bless\u00e9, un homme a \u00e9t\u00e9 ma\u00eetris\u00e9 par la police \u00e0 l\u2019aide&hellip;\n","protected":false},"author":2,"featured_media":378664,"comment_status":"","ping_status":"","sticky":false,"template":"","format":"standard","meta":{"footnotes":""},"categories":[9635],"tags":[1111,11,1777,674,1011,27,775,1702,12,25],"class_list":{"0":"post-378663","1":"post","2":"type-post","3":"status-publish","4":"format-standard","5":"has-post-thumbnail","7":"category-nancy","8":"tag-actu","9":"tag-actualites","10":"tag-eu","11":"tag-europe","12":"tag-fr","13":"tag-france","14":"tag-grand-est","15":"tag-nancy","16":"tag-news","17":"tag-republique-francaise"},"share_on_mastodon":{"url":"https:\/\/pubeurope.com\/@fr\/115176415569872606","error":""},"_links":{"self":[{"href":"https:\/\/www.europesays.com\/fr\/wp-json\/wp\/v2\/posts\/378663","targetHints":{"allow":["GET"]}}],"collection":[{"href":"https:\/\/www.europesays.com\/fr\/wp-json\/wp\/v2\/posts"}],"about":[{"href":"https:\/\/www.europesays.com\/fr\/wp-json\/wp\/v2\/types\/post"}],"author":[{"embeddable":true,"href":"https:\/\/www.europesays.com\/fr\/wp-json\/wp\/v2\/users\/2"}],"replies":[{"embeddable":true,"href":"https:\/\/www.europesays.com\/fr\/wp-json\/wp\/v2\/comments?post=378663"}],"version-history":[{"count":0,"href":"https:\/\/www.europesays.com\/fr\/wp-json\/wp\/v2\/posts\/378663\/revisions"}],"wp:featuredmedia":[{"embeddable":true,"href":"https:\/\/www.europesays.com\/fr\/wp-json\/wp\/v2\/media\/378664"}],"wp:attachment":[{"href":"https:\/\/www.europesays.com\/fr\/wp-json\/wp\/v2\/media?parent=378663"}],"wp:term":[{"taxonomy":"category","embeddable":true,"href":"https:\/\/www.europesays.com\/fr\/wp-json\/wp\/v2\/categories?post=378663"},{"taxonomy":"post_tag","embeddable":true,"href":"https:\/\/www.europesays.com\/fr\/wp-json\/wp\/v2\/tags?post=378663"}],"curies":[{"name":"wp","href":"https:\/\/api.w.org\/{rel}","templated":true}]}}