{"id":378700,"date":"2025-09-09T21:35:14","date_gmt":"2025-09-09T21:35:14","guid":{"rendered":"https:\/\/www.europesays.com\/fr\/378700\/"},"modified":"2025-09-09T21:35:14","modified_gmt":"2025-09-09T21:35:14","slug":"bloquons-tout-le-parcours-de-la-manifestation-et-les-actions-du-10-septembre-a-bordeaux","status":"publish","type":"post","link":"https:\/\/www.europesays.com\/fr\/378700\/","title":{"rendered":"\u00ab\u00a0Bloquons tout\u00a0\u00bb, le parcours de la manifestation et les actions du 10 septembre \u00e0 Bordeaux"},"content":{"rendered":"<p class=\"wp-block-post-excerpt__excerpt\">La manifestation partira de la place des Quinconces \u00e0 11h et de nombreuses actions et blocages sont pr\u00e9vus durant la journ\u00e9e. Des perturbations sont \u00e0 pr\u00e9voir dans les transports. <\/p>\n<p class=\"font-sans\">\n\t\t\tCet article est en acc\u00e8s libre. Pour soutenir Rue89Bordeaux,<br \/>\n\t\t\t<a class=\"underline\" href=\"https:\/\/rue89bordeaux.com\/abonnement\/\" target=\"_blank\" rel=\"noopener\">abonnez-vous<\/a>.\n\t\t<\/p>\n<p>La R\u00e9daction<\/p>\n<p>Publi\u00e9 le 9 septembre 2025\u00a0\u00a0\u00b7\u00a0\u00a0<\/p>\n<p>Imprim\u00e9 le 9 septembre 2025 \u00e0 23h00\u00a0\u00a0\u00b7\u00a0\u00a0<\/p>\n<p>\t\t\t\t\t3\u00a0minutes\n<\/p>\n<p>Ce 10 septembre, <a href=\"https:\/\/rue89bordeaux.com\/2025\/09\/mouvement-bloquons-tout-ce-qui-se-prepare-pour-le-10-septembre-a-bordeaux\/\" target=\"_blank\" rel=\"noopener\">Bordeaux r\u00e9pond \u00e0 l\u2019appel de mouvement national \u00ab\u00a0Bloquons tout\u00a0\u00bb.<\/a> Une journ\u00e9e de mobilisation est \u00e0 pr\u00e9voir dans la m\u00e9tropole avec une manifestation d\u00e9clar\u00e9e \u00e0 la pr\u00e9fecture par la CGT33 et la FSU33. Elle partira apr\u00e8s un rassemblement \u00e0 11 h place des Quinconces, en suivant un parcours \u00ab\u00a0longtemps discut\u00e9\u00a0\u00bb selon l\u2019entourage de l\u2019organisation.<\/p>\n<p>Le cort\u00e8ge remontera le cours du XXX-Juillet pour emprunter les all\u00e9es de Tourny jusqu\u2019\u00e0 la place du m\u00eame nom, le cours Georges Cl\u00e9menceau puis contournera la place Gambetta par les voies de circulation. Il poursuivra par la rue Dr-Charles-Nancel-P\u00e9nard, le cours d\u2019Albret, les rues Claude-Bonnier, Ch\u00e2teau-d\u2019Eau, Georges-Bonnac, Robert-Lateulade, Claude-Bonnier, jusqu\u2019\u00e0 la place du 11-Novembre, lieu d\u2019arriv\u00e9e (tout pr\u00e8s du commissariat de M\u00e9riadeck !). La dispersion est pr\u00e9vue pour 18h.<\/p>\n<p>Avant le d\u00e9fil\u00e9, un \u00ab\u00a0petit-d\u00e9jeuner f\u00e9ministe\u00a0\u00bb est pr\u00e9vu avec un rendez-vous donn\u00e9 \u00e0 7h devant la biblioth\u00e8que de M\u00e9riadeck. A 9h, une animation se tient place Saint-Projet. A 18h, et pour d\u00e9cider des suites, une AG aura lieu soit aux Quinconces, soit au cin\u00e9ma Utopia \u2013 qui par solidarit\u00e9 avec le mouvement sera aussi en gr\u00e8ve et ne pr\u00e9voit aucune projection. <\/p>\n<p><img loading=\"lazy\" decoding=\"async\" width=\"792\" height=\"554\" src=\"https:\/\/www.europesays.com\/fr\/wp-content\/uploads\/2025\/09\/parcours-bloquons-792x554.jpg\" alt=\"\" class=\"wp-image-169845\"  \/> Parcours de la manifestation Photo\u00a0: Rue89 Bordeaux<\/p>\n<p>\t\tPerturbations dans les transports<\/p>\n<p>La circulation des transports en commun sur la m\u00e9tropole bordelaise va conna\u00eetre quelques ajustements. Selon TBM, le r\u00e9seau fonctionnera dans son ensemble selon ses horaires habituels. Toutefois, certaines lignes de bus verront leurs fr\u00e9quences ajust\u00e9es. La manifestation organis\u00e9e en centre-ville pourrait \u00e9galement entra\u00eener des interruptions ponctuelles du tramway et des d\u00e9viations pour plusieurs bus.<\/p>\n<p>Le tramway circulera normalement sur l\u2019ensemble du r\u00e9seau. C\u00f4t\u00e9 bus, l\u2019amplitude horaire reste inchang\u00e9e mais les temps d\u2019attente seront plus longs sur plusieurs lignes. Le bus express G passera toutes les 7mn30, la Liane 9 toutes les 9mn et la Liane 5 toutes les 10mn. La Liane 31 conservera une fr\u00e9quence de 10mn en heure de pointe, tandis que les Lianes 1, 15 et 16 seront limit\u00e9es \u00e0 un passage toutes les 12mn. Les Lianes 7 et 8, ainsi que la Liane 35 aux heures de pointe, fonctionneront toutes les 15mn. Sur les lignes 20 et 23, la fr\u00e9quence sera de 30mn. Enfin, certains d\u00e9parts ne seront pas assur\u00e9s sur les lignes 26, 38, 51, 75 et 76.<\/p>\n<p>En revanche, les autres lignes ne subiront aucun impact, tout comme les services Flex\u2019Bouliac, Flex A\u00e9ro et Flex Gare, ne seront pas affect\u00e9s. Une exception est toutefois \u00e0 noter : la ligne 57, reliant Ambar\u00e8s-centre au p\u00f4le La Gardette \u2013 Bassens \u2013 Carbon-Blanc, ne circulera pas du tout ce mercredi.<\/p>\n<p>Le service Mobibus destin\u00e9 aux personnes \u00e0 mobilit\u00e9 r\u00e9duite pourrait \u00e9galement conna\u00eetre de l\u00e9g\u00e8res perturbations. La boutique TBM des Quinconces restera ferm\u00e9e, mais ni le Bato, ni les parcs-relais ne seront concern\u00e9s par le mouvement. <a href=\"https:\/\/www.infotbm.com\/fr\/perturbations\/evenement-majeur\" target=\"_blank\" rel=\"noreferrer noopener\">Plus d\u2019infos sur le site de TBM<\/a>.<\/p>\n<p>\t\tLa pr\u00e9fecture pr\u00e9vient<\/p>\n<p>Dans un communiqu\u00e9 publi\u00e9 ce mardi, la pr\u00e9fecture met en garde contre de possibles perturbations de circulation et d\u2019activit\u00e9, \u00ab\u00a0alors que des appels \u00e0 \u201ctout bloquer\u201d circulent sur les r\u00e9seaux sociaux\u00a0\u00bb. Le pr\u00e9fet \u00c9tienne Guyot a insist\u00e9 sur \u00ab\u00a0l\u2019importance de garantir la libert\u00e9 fondamentale de manifester, tout en veillant au respect des autres libert\u00e9s publiques, notamment la s\u00e9curit\u00e9 des personnes et des biens ainsi que la libert\u00e9 de circulation\u00a0\u00bb.<\/p>\n<p>Les forces de s\u00e9curit\u00e9 d\u00e9partementales, renforc\u00e9es par des unit\u00e9s mobiles, seront d\u00e9ploy\u00e9es pour pr\u00e9venir tout d\u00e9bordement, selon la pr\u00e9fecture. Un arr\u00eat\u00e9 pr\u00e9fectoral interdit, du mardi 9 septembre \u00e0 20h jusqu\u2019au jeudi 11 septembre \u00e0 8h, l\u2019achat, la vente, la cession, l\u2019utilisation, le port et le transport d\u2019artifices de divertissement et d\u2019articles pyrotechniques. Sont \u00e9galement prohib\u00e9s le transport et la d\u00e9tention sur la voie publique de carburants, d\u2019acides, de produits chimiques ou inflammables, ainsi que le port et le transport sans motif l\u00e9gitime d\u2019armes ou d\u2019objets pouvant servir d\u2019arme. La d\u00e9tention et le transport de contenants en verre sur l\u2019espace public sont aussi proscrits.<\/p>\n<blockquote class=\"wp-block-quote is-layout-flow wp-block-quote-is-layout-flow\">\n<p>\u00ab\u00a0Le pr\u00e9fet \u00c9tienne Guyot souligne qu\u2019aucune d\u00e9gradation ni aucune violence ne sera tol\u00e9r\u00e9e. Il a en ce sens donn\u00e9 des instructions fermes aux forces de s\u00e9curit\u00e9 int\u00e9rieure pour que tout fauteur de trouble soit interpell\u00e9 et mis \u00e0 disposition de la Justice\u00a0\u00bb, conclut le communiqu\u00e9.<\/p>\n<\/blockquote>\n<p>Rue89 Bordeaux a besoin de vos dons<\/p>\n<p>Mille mercis \u00e0 nos 131 donateurs ! Gr\u00e2ce \u00e0 vous, nous avons atteint notre objectif initial de 10\u202f000\u202f\u20ac. Ce soutien va nous permettre de renflouer notre tr\u00e9sorerie, apr\u00e8s le d\u00e9sengagement en 2025 d\u2019un annonceur important \u2013 Bordeaux M\u00e9tropole \u2013 et de r\u00e9gler nos factures en attente.<br \/>Cependant, la cagnotte reste ouverte jusqu\u2019\u00e0 fin septembre afin de vous laisser l\u2019occasion de continuer \u00e0 soutenir votre m\u00e9dia ind\u00e9pendant. Chaque don est d\u00e9ductible des imp\u00f4ts \u00e0 hauteur de 66\u202f%. En recevoir davantage nous permettra de consolider nos finances, d\u2019envisager une rentr\u00e9e sereine, et surtout, d\u2019enrichir nos contenus et de renforcer notre r\u00e9daction.<\/p>\n","protected":false},"excerpt":{"rendered":"La manifestation partira de la place des Quinconces \u00e0 11h et de nombreuses actions et blocages sont pr\u00e9vus&hellip;\n","protected":false},"author":2,"featured_media":378701,"comment_status":"","ping_status":"","sticky":false,"template":"","format":"standard","meta":{"footnotes":""},"categories":[2817],"tags":[1111,11,47212,1997,1777,674,1011,27,802,1272,12,2219,7131,25],"class_list":{"0":"post-378700","1":"post","2":"type-post","3":"status-publish","4":"format-standard","5":"has-post-thumbnail","7":"category-bordeaux","8":"tag-actu","9":"tag-actualites","10":"tag-bloquons-tout","11":"tag-bordeaux","12":"tag-eu","13":"tag-europe","14":"tag-fr","15":"tag-france","16":"tag-greves-et-mouvements-sociaux","17":"tag-manifestations","18":"tag-news","19":"tag-nouvelle-aquitaine","20":"tag-prefecture-de-la-gironde","21":"tag-republique-francaise"},"share_on_mastodon":{"url":"https:\/\/pubeurope.com\/@fr\/115176493902383316","error":""},"_links":{"self":[{"href":"https:\/\/www.europesays.com\/fr\/wp-json\/wp\/v2\/posts\/378700","targetHints":{"allow":["GET"]}}],"collection":[{"href":"https:\/\/www.europesays.com\/fr\/wp-json\/wp\/v2\/posts"}],"about":[{"href":"https:\/\/www.europesays.com\/fr\/wp-json\/wp\/v2\/types\/post"}],"author":[{"embeddable":true,"href":"https:\/\/www.europesays.com\/fr\/wp-json\/wp\/v2\/users\/2"}],"replies":[{"embeddable":true,"href":"https:\/\/www.europesays.com\/fr\/wp-json\/wp\/v2\/comments?post=378700"}],"version-history":[{"count":0,"href":"https:\/\/www.europesays.com\/fr\/wp-json\/wp\/v2\/posts\/378700\/revisions"}],"wp:featuredmedia":[{"embeddable":true,"href":"https:\/\/www.europesays.com\/fr\/wp-json\/wp\/v2\/media\/378701"}],"wp:attachment":[{"href":"https:\/\/www.europesays.com\/fr\/wp-json\/wp\/v2\/media?parent=378700"}],"wp:term":[{"taxonomy":"category","embeddable":true,"href":"https:\/\/www.europesays.com\/fr\/wp-json\/wp\/v2\/categories?post=378700"},{"taxonomy":"post_tag","embeddable":true,"href":"https:\/\/www.europesays.com\/fr\/wp-json\/wp\/v2\/tags?post=378700"}],"curies":[{"name":"wp","href":"https:\/\/api.w.org\/{rel}","templated":true}]}}