{"id":378705,"date":"2025-09-09T21:39:11","date_gmt":"2025-09-09T21:39:11","guid":{"rendered":"https:\/\/www.europesays.com\/fr\/378705\/"},"modified":"2025-09-09T21:39:11","modified_gmt":"2025-09-09T21:39:11","slug":"bloquons-tout-quelles-perturbations-sur-les-lignes-de-trains-du-nord","status":"publish","type":"post","link":"https:\/\/www.europesays.com\/fr\/378705\/","title":{"rendered":"\u00ab\u00a0Bloquons tout\u00a0\u00bb : quelles perturbations sur les lignes de trains du Nord"},"content":{"rendered":"<p>            Par<br \/>\n        <strong><br \/>\n            <a href=\"https:\/\/actu.fr\/auteur\/amandine-vachez\" title=\"Consulter tous les articles de Amandine Vachez\" target=\"_blank\" rel=\"noopener\">Amandine Vachez<\/a><br \/>\n        <\/strong><\/p>\n<p>        Publi\u00e9 le<\/p>\n<p>            9 sept. 2025 \u00e0 18h47        <\/p>\n<p>C\u2019est un mouvement de <a href=\"https:\/\/actu.fr\/tag\/greve\" target=\"_blank\" rel=\"noopener\">gr\u00e8ve<\/a> d\u2019une grande ampleur qui s\u2019annonce, pour le <b>mercredi 10\u00a0septembre 2025<\/b> en France. Des <a href=\"https:\/\/actu.fr\/tag\/manifestations\" target=\"_blank\" rel=\"noopener\">manifestations<\/a> sont pr\u00e9vues partout en France dont \u00e0 <a href=\"https:\/\/actu.fr\/lille\/\" target=\"_blank\" rel=\"noopener\">Lille<\/a> (Nord) l\u2019apr\u00e8s-midi. Ceci sur l\u2019appel de syndicats. En plus de cela, <a href=\"https:\/\/actu.fr\/hauts-de-france\/lille_59350\/bloquons-tout-a-quoi-faut-il-sattendre-ce-mercredi-10-septembre-a-lille_63130234.html\" target=\"_blank\" rel=\"noopener\">de nombreuses \u00ab\u2009actions de l\u2019ombre\u2009\u00bb<\/a> sont attendues. <b>\u00c9coles, h\u00f4pitaux, routes\u2026 <\/b>L\u2019impact s\u2019annonce \u00e9norme. C\u00f4t\u00e9 <a href=\"https:\/\/actu.fr\/tag\/transport\" target=\"_blank\" rel=\"noopener\">transport<\/a>, le <b>r\u00e9seau SNCF<\/b> va \u00eatre \u00ab\u2009fortement perturb\u00e9\u2009\u00bb en r\u00e9gion. Voici le d\u00e9tail des <b>pr\u00e9visions<\/b>, transmis par la soci\u00e9t\u00e9 de transport.<\/p>\n<p>1 train sur 4 dans le Nord \u2013 Pas-de-Calais<\/p>\n<p class=\" wall-content\">Mardi 9 septembre, \u00e0 la recherche d\u2019un trajet, les usagers de l\u2019application SNCF peuvent lire un message d\u2019alerte\u2009: \u00ab\u2009Mouvement social interprofessionnel du 10 septembre\u2009\u00bb. L\u2019\u00e9v\u00e9nement s\u2019annonce d\u00e9j\u00e0 suivi dans la soci\u00e9t\u00e9 de transport. Et pour cause, la CGT Cheminots et Sud Rail ont appel\u00e9 \u00e0 participer au mouvement.<\/p>\n<p class=\" wall-content\">Ce mardi, la SNCF annonce que les TGV Inoui, Ouigo et TGV internationaux circuleront normalement. Le service des TER Hauts-de-France sera \u00ab\u2009adapt\u00e9, avec <b>environ 1 train sur 4 pour les lignes du Nord-Pas-de-Calais.\u2009\u00bb<\/b> 4 trains sur 5 circuleront sur les lignes de la Picardie.<\/p>\n<p class=\" wall-content\">Attention, il est <b>possible que des gares soient bloqu\u00e9es<\/b>, selon les projets potentiels des manifestants.<\/p>\n<p>Des exemples d\u2019impact sur des lignes de la m\u00e9tropole lilloise<\/p>\n<p class=\" wall-content\">\u00c0 titre d\u2019<b>exemple, en comparant \u00e0 une matin\u00e9e classique<\/b> (le jeudi 11\u00a0septembre), entre 6\u2009h et 12\u2009h, 10 trajets devraient \u00eatre assur\u00e9s de Seclin vers Lille, contre 18 habituellement. Depuis Lesquin, 7 au lieu de 10. Depuis Comines, cela reste 4. Depuis Armenti\u00e8res, 10, contre 21.<\/p>\n<p class=\" wall-content\">Suivez les actualit\u00e9s li\u00e9es au mouvement localement <a href=\"https:\/\/actu.fr\/lille\/\" target=\"_blank\" rel=\"noopener\">sur Lille actu<\/a>.<\/p>\n<p class=\" wall-content\">Personnalisez votre actualit\u00e9 en ajoutant vos villes et m\u00e9dias en favori avec <a href=\"https:\/\/moncompte.actu.fr\" title=\"D\u00e9couvez Mon Actu\" rel=\"nofollow noopener\" data-trk=\"{&quot;cta&quot;:{&quot;action&quot;:&quot;https:\\\/\\\/moncompte.actu.fr&quot;,&quot;category&quot;:&quot;mon compte&quot;,&quot;from&quot;:&quot;article footer&quot;,&quot;name&quot;:&quot;Mon actu&quot;,&quot;type&quot;:&quot;cta&quot;}}\" target=\"_blank\">Mon Actu<\/a>.<\/p>\n","protected":false},"excerpt":{"rendered":"Par Amandine Vachez Publi\u00e9 le 9 sept. 2025 \u00e0 18h47 C\u2019est un mouvement de gr\u00e8ve d\u2019une grande ampleur&hellip;\n","protected":false},"author":2,"featured_media":378706,"comment_status":"","ping_status":"","sticky":false,"template":"","format":"standard","meta":{"footnotes":""},"categories":[2815],"tags":[1111,11,1777,674,1011,27,6151,811,1307,1272,12,25,2215,104],"class_list":{"0":"post-378705","1":"post","2":"type-post","3":"status-publish","4":"format-standard","5":"has-post-thumbnail","7":"category-lille","8":"tag-actu","9":"tag-actualites","10":"tag-eu","11":"tag-europe","12":"tag-fr","13":"tag-france","14":"tag-greve","15":"tag-hauts-de-france","16":"tag-lille","17":"tag-manifestations","18":"tag-news","19":"tag-republique-francaise","20":"tag-sncf","21":"tag-societe"},"share_on_mastodon":{"url":"https:\/\/pubeurope.com\/@fr\/115176509645866330","error":""},"_links":{"self":[{"href":"https:\/\/www.europesays.com\/fr\/wp-json\/wp\/v2\/posts\/378705","targetHints":{"allow":["GET"]}}],"collection":[{"href":"https:\/\/www.europesays.com\/fr\/wp-json\/wp\/v2\/posts"}],"about":[{"href":"https:\/\/www.europesays.com\/fr\/wp-json\/wp\/v2\/types\/post"}],"author":[{"embeddable":true,"href":"https:\/\/www.europesays.com\/fr\/wp-json\/wp\/v2\/users\/2"}],"replies":[{"embeddable":true,"href":"https:\/\/www.europesays.com\/fr\/wp-json\/wp\/v2\/comments?post=378705"}],"version-history":[{"count":0,"href":"https:\/\/www.europesays.com\/fr\/wp-json\/wp\/v2\/posts\/378705\/revisions"}],"wp:featuredmedia":[{"embeddable":true,"href":"https:\/\/www.europesays.com\/fr\/wp-json\/wp\/v2\/media\/378706"}],"wp:attachment":[{"href":"https:\/\/www.europesays.com\/fr\/wp-json\/wp\/v2\/media?parent=378705"}],"wp:term":[{"taxonomy":"category","embeddable":true,"href":"https:\/\/www.europesays.com\/fr\/wp-json\/wp\/v2\/categories?post=378705"},{"taxonomy":"post_tag","embeddable":true,"href":"https:\/\/www.europesays.com\/fr\/wp-json\/wp\/v2\/tags?post=378705"}],"curies":[{"name":"wp","href":"https:\/\/api.w.org\/{rel}","templated":true}]}}