{"id":378707,"date":"2025-09-09T21:40:12","date_gmt":"2025-09-09T21:40:12","guid":{"rendered":"https:\/\/www.europesays.com\/fr\/378707\/"},"modified":"2025-09-09T21:40:12","modified_gmt":"2025-09-09T21:40:12","slug":"marseille-la-police-francaise-avait-le-devoir-de-le-proteger-apres-la-mort-de-lassaillant-sa-famille-porte-plainte","status":"publish","type":"post","link":"https:\/\/www.europesays.com\/fr\/378707\/","title":{"rendered":"Marseille : \u00ab la police fran\u00e7aise avait le devoir de le prot\u00e9ger \u00bb, apr\u00e8s la mort de l&rsquo;assaillant sa famille porte plainte"},"content":{"rendered":"<p>                                            Faits divers\n                                                                            <\/p>\n<p>\n                                            L\u2019avocat de la famille a annonc\u00e9 son intention de porter plainte \u00ab\u202fpour poursuivre les responsables\u202f\u00bb de la mort d\u2019Abdelkader D., qu\u2019il d\u00e9crit comme un \u00ab\u202fhomme simple\u202f\u00bb et non \u00ab\u202fune menace\u202f\u00bb. Le 2 septembre, il avait \u00e9t\u00e9 impliqu\u00e9 dans une attaque au couteau \u00e0 Marseille, blessant cinq personnes.                                        <\/p>\n<p>                                                Publi\u00e9 le 9 septembre 2025 \u00e0 22h40                                                                                            <\/p>\n<p>                                            <img loading=\"lazy\" width=\"1024\" height=\"683\" src=\"https:\/\/www.europesays.com\/fr\/wp-content\/uploads\/2025\/07\/SIPA_01181356_000010-2.jpg\" class=\"attachment-post-thumbnail size-post-thumbnail wp-post-image lazy\" alt=\"La famille de l'assaillant \u00e0 Marseille porte plainte contre la police \u00a9 Thomas Hubert\/SIPA\" decoding=\"async\"  data-\/><\/p>\n<p>                                            La famille de l&rsquo;assaillant \u00e0 Marseille porte plainte contre la police \u00a9 Thomas Hubert\/SIPA<\/p>\n<p data-start=\"120\" data-end=\"372\">Depuis plusieurs jours, la famille d\u2019Abdelkader D., Tunisien de 35 ans ayant <a href=\"https:\/\/www.valeursactuelles.com\/faits-divers\/info-va-marseille-quatre-blesses-au-couteau-un-suspect-tunisien-interpelle\" target=\"_blank\" rel=\"noopener nofollow\">poignard\u00e9 et bless\u00e9 cinq personnes \u00e0 Marseille<\/a> le 2 septembre, accuse les autorit\u00e9s fran\u00e7aises et estime dans des m\u00e9dias locaux que son \u00ab\u202fmeurtre\u202f\u00bb est \u00ab\u202fnon justifi\u00e9\u202f\u00bb comme l\u2019explique<a href=\"https:\/\/www.lefigaro.fr\/international\/la-police-francaise-avait-le-devoir-de-le-proteger-la-famille-de-l-assaillant-au-couteau-de-marseille-juge-sa-mort-non-justifiee-20250908\" target=\"_blank\" rel=\"noopener nofollow\"> Le Figaro<\/a>.<\/p>\n<p><a href=\"https:\/\/www.valeursactuelles.com\/faits-divers\/marseille-trois-comoriens-egorgent-un-mouton-en-public-dans-un-parc\" class=\"h-flex h-align-items-center h-border-tb h-ptb-15\" rel=\"nofollow noopener\" target=\"_blank\">A\u00a0LIRE\u00a0Marseille : trois Comoriens \u00e9gorgent un mouton en public dans un parc\u00a0<\/a><\/p>\n<p data-start=\"374\" data-end=\"1020\">Les versions tunisienne et fran\u00e7aise sont diam\u00e9tralement oppos\u00e9es\u202f: d\u2019apr\u00e8s le procureur de Marseille, Nicolas Bessonne, l\u2019assaillant, qui avait entam\u00e9 un \u00ab\u202fp\u00e9riple criminel\u202f\u00bb, \u00e9tait connu pour \u00ab\u202fsa violence et ses probl\u00e8mes d\u2019addiction \u00e0 la fois \u00e0 la coca\u00efne et \u00e0 l\u2019alcool\u202f\u00bb. Il avait notamment \u00e9t\u00e9 condamn\u00e9 \u00e0 La Rochelle pour des violences avec arme commises en 2023 sur un neveu. Fin juin, il avait \u00e9t\u00e9 plac\u00e9 en garde \u00e0 vue apr\u00e8s un incident dans une mosqu\u00e9e de S\u00e8te, o\u00f9 il \u00ab\u202favait pris la parole en sous-entendant que le pays \u00e9tait gouvern\u00e9 par des juifs et des sionistes\u202f\u00bb, des propos pour lesquels il devait \u00eatre prochainement jug\u00e9.<\/p>\n<p>\u00ab\u202fMeurtre non justifi\u00e9 et pr\u00e9m\u00e9dit\u00e9\u202f\u00bb<\/p>\n<p data-start=\"1069\" data-end=\"1674\">Selon l\u2019avocat de la famille, Me Mounir Ben Salha, Abdelkader D. \u00e9tait un \u00ab\u202fhomme simple\u202f\u00bb et ne repr\u00e9sentait \u00ab\u202fpas une menace\u202f\u00bb, a-t-il \u00e9crit sur Facebook, pr\u00e9cisant qu\u2019il s\u2019\u00e9tait rendu \u00e0 Marseille pour d\u00e9poser plainte afin de \u00ab\u202fpoursuivre les responsables\u202f\u00bb de sa mort. Il va plus loin en demandant une \u00ab\u202fenqu\u00eate urgente\u202f\u00bb, estimant que ce \u00ab\u202fcrime\u202f\u00bb de \u00ab\u202fhaine\u202f\u00bb constitue une \u00ab\u202fcouverture\u202f: il suffit que l\u2019agresseur soit arabe ou musulman pour que son corps devienne une cible\u202f\u00bb, peut-on lire ce lundi 8 ao\u00fbt. Il interroge \u00e9galement\u202f: \u00ab\u202fO\u00f9 \u00e9taient les gaz lacrymog\u00e8nes\u202f? Le taser\u202f?\u202f\u00bb<\/p>\n<p><a href=\"https:\/\/www.valeursactuelles.com\/societe\/marseille-le-maire-benoit-payan-menace-de-mort-pour-avoir-mange-un-couscous\" class=\"h-flex h-align-items-center h-border-tb h-ptb-15\" rel=\"nofollow noopener\" target=\"_blank\">A\u00a0LIRE\u00a0Marseille : le maire Beno\u00eet Payan \u00ab\u00a0menac\u00e9 de mort pour avoir mang\u00e9 un couscous\u00a0\u00bb<\/a><\/p>\n<p data-start=\"1676\" data-end=\"2154\">Selon le site d\u2019actualit\u00e9 tunisien <a href=\"https:\/\/www.webdo.tn\/fr\/actualite\/national\/quatre-avocats-tunisiens-portent-plainte-apres-la-mort-dun-citoyen-a-marseille\/382832\/\" target=\"_blank\" rel=\"noopener nofollow\">Webdo<\/a>, qui relaie les propos de l\u2019avocat, \u00ab\u202fla victime se trouvait dans un \u00e9tat de grande agitation (\u2026) La police fran\u00e7aise avait le devoir de le prot\u00e9ger au lieu de l\u2019exposer \u00e0 un danger mortel\u202f\u00bb. Me Ben Salha a \u00e9galement qualifi\u00e9 le \u00ab\u202fmeurtre\u202f\u00bb de \u00ab\u202fnon justifi\u00e9 et pr\u00e9m\u00e9dit\u00e9\u202f\u00bb et affirm\u00e9 que \u00ab\u202fla diaspora tunisienne fait face aujourd\u2019hui \u00e0 une campagne de stigmatisation et de racisme enracin\u00e9e dans des mentalit\u00e9s anciennes\u202f\u00bb.<\/p>\n<p>\u00ab\u202fUne violation flagrante des obligations de la France\u202f\u00bb<\/p>\n<p data-start=\"2222\" data-end=\"2596\">Dans un communiqu\u00e9, <a href=\"https:\/\/www.valeursactuelles.com\/monde\/attaque-au-couteau-a-marseille-tunis-denonce-le-meurtre-injustifie-de-lassaillant\" target=\"_blank\" rel=\"noopener nofollow\">la Ligue tunisienne<\/a> des droits de l\u2019homme a relay\u00e9 les accusations de l\u2019avocat, estimant que le \u00ab\u202fcrime odieux commis par des agents de la police fran\u00e7aise contre le citoyen tunisien Abdelkader D. (est) une violation flagrante des obligations de la France en vertu du droit international humanitaire et du droit international des droits de l\u2019homme\u202f\u00bb.<\/p>\n<p data-start=\"2598\" data-end=\"2951\">Elle d\u00e9signe l\u2019assaillant comme un \u00ab\u202fmartyr\u202f\u00bb et appelle les \u00ab\u202fautorit\u00e9s tunisiennes \u00e0 assumer pleinement leurs responsabilit\u00e9s dans la protection de ses citoyens \u00e0 l\u2019\u00e9tranger\u202f\u00bb. Mercredi 3 septembre, la Tunisie avait d\u00e9j\u00e0 officiellement qualifi\u00e9 la neutralisation de l\u2019assaillant de \u00ab\u202fmeurtre injustifi\u00e9\u202f\u00bb et exprim\u00e9 sa \u00ab\u202fvive protestation\u202f\u00bb.<\/p>\n","protected":false},"excerpt":{"rendered":"Faits divers L\u2019avocat de la famille a annonc\u00e9 son intention de porter plainte \u00ab\u202fpour poursuivre les responsables\u202f\u00bb de&hellip;\n","protected":false},"author":2,"featured_media":235566,"comment_status":"","ping_status":"","sticky":false,"template":"","format":"standard","meta":{"footnotes":""},"categories":[2814],"tags":[1111,11,51207,28669,1777,674,1011,27,884,12,1072,882,25,2028],"class_list":{"0":"post-378707","1":"post","2":"type-post","3":"status-publish","4":"format-standard","5":"has-post-thumbnail","7":"category-marseille","8":"tag-actu","9":"tag-actualites","10":"tag-assaillant","11":"tag-depot-de-plainte","12":"tag-eu","13":"tag-europe","14":"tag-fr","15":"tag-france","16":"tag-marseille","17":"tag-news","18":"tag-police","19":"tag-provence-alpes-cote-dazur","20":"tag-republique-francaise","21":"tag-tunisie"},"share_on_mastodon":{"url":"https:\/\/pubeurope.com\/@fr\/115176513582067938","error":""},"_links":{"self":[{"href":"https:\/\/www.europesays.com\/fr\/wp-json\/wp\/v2\/posts\/378707","targetHints":{"allow":["GET"]}}],"collection":[{"href":"https:\/\/www.europesays.com\/fr\/wp-json\/wp\/v2\/posts"}],"about":[{"href":"https:\/\/www.europesays.com\/fr\/wp-json\/wp\/v2\/types\/post"}],"author":[{"embeddable":true,"href":"https:\/\/www.europesays.com\/fr\/wp-json\/wp\/v2\/users\/2"}],"replies":[{"embeddable":true,"href":"https:\/\/www.europesays.com\/fr\/wp-json\/wp\/v2\/comments?post=378707"}],"version-history":[{"count":0,"href":"https:\/\/www.europesays.com\/fr\/wp-json\/wp\/v2\/posts\/378707\/revisions"}],"wp:featuredmedia":[{"embeddable":true,"href":"https:\/\/www.europesays.com\/fr\/wp-json\/wp\/v2\/media\/235566"}],"wp:attachment":[{"href":"https:\/\/www.europesays.com\/fr\/wp-json\/wp\/v2\/media?parent=378707"}],"wp:term":[{"taxonomy":"category","embeddable":true,"href":"https:\/\/www.europesays.com\/fr\/wp-json\/wp\/v2\/categories?post=378707"},{"taxonomy":"post_tag","embeddable":true,"href":"https:\/\/www.europesays.com\/fr\/wp-json\/wp\/v2\/tags?post=378707"}],"curies":[{"name":"wp","href":"https:\/\/api.w.org\/{rel}","templated":true}]}}