{"id":378708,"date":"2025-09-09T21:41:11","date_gmt":"2025-09-09T21:41:11","guid":{"rendered":"https:\/\/www.europesays.com\/fr\/378708\/"},"modified":"2025-09-09T21:41:11","modified_gmt":"2025-09-09T21:41:11","slug":"marseille-le-pavillon-sedille-un-lieu-exceptionnel-au-8eme-arrondissement","status":"publish","type":"post","link":"https:\/\/www.europesays.com\/fr\/378708\/","title":{"rendered":"MARSEILLE : Le Pavillon S\u00e9dille, un lieu exceptionnel au 8\u00e8me arrondissement"},"content":{"rendered":"<p style=\"text-align: left;\"><strong>Derri\u00e8re nous d\u00e9j\u00e0 la rentr\u00e9e, mais avant les id\u00e9es automnales et les tendances de No\u00ebl, petit rappel de ce qui se fait de nouveau dans le Sud pour ce mois de septembre !<\/strong><\/p>\n<p style=\"text-align: left;\">Envie d\u2019un cadre hors du temps ? D\u00e9couvrez le Pavillon S\u00e9dille, install\u00e9 dans un ch\u00e2teau cach\u00e9 au c\u0153ur du 8\u1d49 arrondissement. Ce lieu d\u2019exception m\u00eale h\u00e9ritage architectural et gastronomie inspir\u00e9e : la carte du chef Sidi Salhi marie subtilement les saveurs du Sud et du Maghreb. Ceviche, Vitello Tonato ou brunch gourmand le dimanche : chaque moment est une parenth\u00e8se raffin\u00e9e. En prime, un bar speakeasy pour prolonger la soir\u00e9e. Le Pavillon S\u00e9dille, c\u2019est l\u2019\u00e9l\u00e9gance discr\u00e8te au service du go\u00fbt.<\/p>\n<p style=\"text-align: left;\">37 AV. BEAU PIN, MARSEILLE 8E<\/p>\n<p style=\"text-align: left;\">06 37 95 23 97<\/p>\n<p style=\"text-align: left;\">@PAVILLONSEDILLE<\/p>\n<p style=\"text-align: left;\"><strong>SOURCE : La rentr\u00e9e se pr\u00e9pare chez les clients des Toqu\u00e9es de la Com. <\/strong><\/p>\n","protected":false},"excerpt":{"rendered":"Derri\u00e8re nous d\u00e9j\u00e0 la rentr\u00e9e, mais avant les id\u00e9es automnales et les tendances de No\u00ebl, petit rappel de&hellip;\n","protected":false},"author":2,"featured_media":378709,"comment_status":"","ping_status":"","sticky":false,"template":"","format":"standard","meta":{"footnotes":""},"categories":[2814],"tags":[1111,11,1777,674,1011,27,884,12,882,25],"class_list":{"0":"post-378708","1":"post","2":"type-post","3":"status-publish","4":"format-standard","5":"has-post-thumbnail","7":"category-marseille","8":"tag-actu","9":"tag-actualites","10":"tag-eu","11":"tag-europe","12":"tag-fr","13":"tag-france","14":"tag-marseille","15":"tag-news","16":"tag-provence-alpes-cote-dazur","17":"tag-republique-francaise"},"share_on_mastodon":{"url":"https:\/\/pubeurope.com\/@fr\/115176517471417141","error":""},"_links":{"self":[{"href":"https:\/\/www.europesays.com\/fr\/wp-json\/wp\/v2\/posts\/378708","targetHints":{"allow":["GET"]}}],"collection":[{"href":"https:\/\/www.europesays.com\/fr\/wp-json\/wp\/v2\/posts"}],"about":[{"href":"https:\/\/www.europesays.com\/fr\/wp-json\/wp\/v2\/types\/post"}],"author":[{"embeddable":true,"href":"https:\/\/www.europesays.com\/fr\/wp-json\/wp\/v2\/users\/2"}],"replies":[{"embeddable":true,"href":"https:\/\/www.europesays.com\/fr\/wp-json\/wp\/v2\/comments?post=378708"}],"version-history":[{"count":0,"href":"https:\/\/www.europesays.com\/fr\/wp-json\/wp\/v2\/posts\/378708\/revisions"}],"wp:featuredmedia":[{"embeddable":true,"href":"https:\/\/www.europesays.com\/fr\/wp-json\/wp\/v2\/media\/378709"}],"wp:attachment":[{"href":"https:\/\/www.europesays.com\/fr\/wp-json\/wp\/v2\/media?parent=378708"}],"wp:term":[{"taxonomy":"category","embeddable":true,"href":"https:\/\/www.europesays.com\/fr\/wp-json\/wp\/v2\/categories?post=378708"},{"taxonomy":"post_tag","embeddable":true,"href":"https:\/\/www.europesays.com\/fr\/wp-json\/wp\/v2\/tags?post=378708"}],"curies":[{"name":"wp","href":"https:\/\/api.w.org\/{rel}","templated":true}]}}