{"id":378710,"date":"2025-09-09T21:42:20","date_gmt":"2025-09-09T21:42:20","guid":{"rendered":"https:\/\/www.europesays.com\/fr\/378710\/"},"modified":"2025-09-09T21:42:20","modified_gmt":"2025-09-09T21:42:20","slug":"les-tcl-vont-ils-etre-perturbes","status":"publish","type":"post","link":"https:\/\/www.europesays.com\/fr\/378710\/","title":{"rendered":"les TCL vont-ils \u00eatre perturb\u00e9s\u00a0?"},"content":{"rendered":"<p>            Par<br \/>\n        <strong><br \/>\n            <a href=\"https:\/\/actu.fr\/auteur\/anthony-soudani\" title=\"Consulter tous les articles de Anthony Soudani\" target=\"_blank\" rel=\"noopener\">Anthony Soudani<\/a><br \/>\n        <\/strong><\/p>\n<p>        Publi\u00e9 le<\/p>\n<p>            9 sept. 2025 \u00e0 17h31<br \/>\n        ; mis \u00e0 jour le 9 sept. 2025 \u00e0 17h32    <\/p>\n<p>Apr\u00e8s un <a href=\"https:\/\/actu.fr\/auvergne-rhone-alpes\/lyon_69123\/greve-des-tcl-a-lyon-une-mobilisation-record-de-nouvelles-perturbations-a-prevoir_63129893.html\" target=\"_blank\" rel=\"noopener\">mouvement de gr\u00e8ve massif<\/a> lundi 8 septembre, le personnel des <strong>TCL<\/strong> va-t-il suivre l\u2019appel de <a href=\"https:\/\/actu.fr\/auvergne-rhone-alpes\/lyon_69123\/bloquons-tout-a-lyon-voici-les-points-de-blocages-prevus-le-10-septembre_63133805.html\" target=\"_blank\" rel=\"noopener\">\u00ab\u00a0Bloquons tout\u00a0\u00bb<\/a> ce mercredi 10 septembre ? Les transports en commun seront-ils une nouvelle fois tr\u00e8s perturb\u00e9s \u00e0 Lyon cette semaine ? La situation pourrait \u00eatre moins d\u00e9grad\u00e9e qu\u2019il n\u2019y para\u00eet.<\/p>\n<p>Les \u00e9quipes des TCL \u00ab\u00a0ne sont pas concern\u00e9es\u00a0\u00bb mais\u2026<\/p>\n<p class=\" wall-content\">En effet, la direction des TCL nous affirme que ses \u00e9quipes \u00ab\u00a0ne sont pas concern\u00e9es par ce mouvement\u00a0\u00bb. Elle pr\u00e9cise : \u00ab\u00a0Cependant, <strong>les conditions de circulation peuvent \u00eatre perturb\u00e9es par les manifestations<\/strong>.\u00a0\u00bb<\/p>\n<p class=\" wall-content\">Du c\u00f4t\u00e9 du syndicat FO repr\u00e9sentant le personnel de la RATP Dev (m\u00e9tro et tram), on confirme \u00e9galement \u00e0 actu Lyon qu\u2019il n\u2019y a pas d\u2019appel \u00e0 la gr\u00e8ve ce mercredi.<\/p>\n<p class=\" wall-content\">\u00ab\u00a0\u00c0 la suite de l\u2019assembl\u00e9e g\u00e9n\u00e9rale, on va laisser le temps \u00e0 la direction de revenir vers nous. On va appeler \u00e0 la gr\u00e8ve le 18 septembre pour le c\u00f4t\u00e9 national, mais la prochaine gr\u00e8ve serait \u00e0 la <a href=\"https:\/\/actu.fr\/auvergne-rhone-alpes\/lyon_69123\/fete-des-lumieres-2025-a-lyon-les-dates-sont-connues-voici-quand-l-evenement-aura-lieu_63092484.html\" target=\"_blank\" rel=\"noopener\">F\u00eate des Lumi\u00e8res<\/a>. Si nous sommes m\u00e9contents, une tr\u00e8s grosse menace plane sur l\u2019\u00e9v\u00e9nement\u00a0\u00bb, nous glisse-t-on.\u00a0<\/p>\n<p class=\" wall-content\">Pour en revenir \u00e0 la journ\u00e9e du 10 septembre, il faudra \u00eatre vigilant lorsque vous prenez les transports en consultant la situation du trafic en temps r\u00e9el sur <a href=\"https:\/\/www.tcl.fr\/se-deplacer\/info-trafic\" target=\"_blank\" rel=\"noopener\">le site ou l\u2019application TCL<\/a>. Cela permettant d\u2019anticiper d\u2019\u00e9ventuels passages de manifestations sur votre trajet.<\/p>\n<p>Des manifestations possibles en ville<\/p>\n<p class=\" wall-content\">D\u2019ailleurs, la mobilisation pr\u00e9vue depuis plusieurs jours \u00e0 11h place <strong>Bellecour<\/strong> pourrait n\u2019\u00eatre que des rassemblements spontan\u00e9s.<\/p>\n<p>Votre r\u00e9gion, votre actu !<\/p>\n<p>Recevez chaque jour les infos qui comptent pour vous.<\/p>\n<p>\t<a href=\"https:\/\/actu.fr\/newsletter\" class=\"ac-btn ac-btn--corner ac-btn--medium ac-btn--blue800\" target=\"_blank\" rel=\"noopener\">S&rsquo;incrire<\/a><\/p>\n<p class=\" wall-content\">La manifestation principale \u00e0 Lyon serait plut\u00f4t d\u00e9plac\u00e9e \u00e0 12h place <strong>Guichard<\/strong>, dans le 3\u1d49 arrondissement, en pr\u00e9sence des syndicats, pour \u00ab un moment d\u2019expression collective et spontan\u00e9e sur le ras-le-bol d\u2019un gouvernement au service du patronat \u00bb.<\/p>\n<p class=\" wall-content\">Une autre manifestation est annonc\u00e9e pour\u00a019h place du 8 mai 1945, dans le 8\u1d49 arrondissement.<\/p>\n<p class=\" wall-content\">Personnalisez votre actualit\u00e9 en ajoutant vos villes et m\u00e9dias en favori avec <a href=\"https:\/\/moncompte.actu.fr\" title=\"D\u00e9couvez Mon Actu\" rel=\"nofollow noopener\" data-trk=\"{&quot;cta&quot;:{&quot;action&quot;:&quot;https:\\\/\\\/moncompte.actu.fr&quot;,&quot;category&quot;:&quot;mon compte&quot;,&quot;from&quot;:&quot;article footer&quot;,&quot;name&quot;:&quot;Mon actu&quot;,&quot;type&quot;:&quot;cta&quot;}}\" target=\"_blank\">Mon Actu<\/a>.<\/p>\n","protected":false},"excerpt":{"rendered":"Par Anthony Soudani Publi\u00e9 le 9 sept. 2025 \u00e0 17h31 ; mis \u00e0 jour le 9 sept. 2025&hellip;\n","protected":false},"author":2,"featured_media":378711,"comment_status":"","ping_status":"","sticky":false,"template":"","format":"standard","meta":{"footnotes":""},"categories":[1889],"tags":[1111,11,2430,1777,674,1011,27,6151,2428,50957,12,25,104,5787],"class_list":{"0":"post-378710","1":"post","2":"type-post","3":"status-publish","4":"format-standard","5":"has-post-thumbnail","7":"category-lyon","8":"tag-actu","9":"tag-actualites","10":"tag-auvergne-rhone-alpes","11":"tag-eu","12":"tag-europe","13":"tag-fr","14":"tag-france","15":"tag-greve","16":"tag-lyon","17":"tag-mouvement-du-10-septembre","18":"tag-news","19":"tag-republique-francaise","20":"tag-societe","21":"tag-transports-en-commun-lyonnais-tcl"},"share_on_mastodon":{"url":"https:\/\/pubeurope.com\/@fr\/115176521450520341","error":""},"_links":{"self":[{"href":"https:\/\/www.europesays.com\/fr\/wp-json\/wp\/v2\/posts\/378710","targetHints":{"allow":["GET"]}}],"collection":[{"href":"https:\/\/www.europesays.com\/fr\/wp-json\/wp\/v2\/posts"}],"about":[{"href":"https:\/\/www.europesays.com\/fr\/wp-json\/wp\/v2\/types\/post"}],"author":[{"embeddable":true,"href":"https:\/\/www.europesays.com\/fr\/wp-json\/wp\/v2\/users\/2"}],"replies":[{"embeddable":true,"href":"https:\/\/www.europesays.com\/fr\/wp-json\/wp\/v2\/comments?post=378710"}],"version-history":[{"count":0,"href":"https:\/\/www.europesays.com\/fr\/wp-json\/wp\/v2\/posts\/378710\/revisions"}],"wp:featuredmedia":[{"embeddable":true,"href":"https:\/\/www.europesays.com\/fr\/wp-json\/wp\/v2\/media\/378711"}],"wp:attachment":[{"href":"https:\/\/www.europesays.com\/fr\/wp-json\/wp\/v2\/media?parent=378710"}],"wp:term":[{"taxonomy":"category","embeddable":true,"href":"https:\/\/www.europesays.com\/fr\/wp-json\/wp\/v2\/categories?post=378710"},{"taxonomy":"post_tag","embeddable":true,"href":"https:\/\/www.europesays.com\/fr\/wp-json\/wp\/v2\/tags?post=378710"}],"curies":[{"name":"wp","href":"https:\/\/api.w.org\/{rel}","templated":true}]}}