{"id":378712,"date":"2025-09-09T21:43:24","date_gmt":"2025-09-09T21:43:24","guid":{"rendered":"https:\/\/www.europesays.com\/fr\/378712\/"},"modified":"2025-09-09T21:43:24","modified_gmt":"2025-09-09T21:43:24","slug":"voici-le-dispositif-exceptionnel-de-la-police-a-lyon","status":"publish","type":"post","link":"https:\/\/www.europesays.com\/fr\/378712\/","title":{"rendered":"voici le dispositif exceptionnel de la police \u00e0 Lyon"},"content":{"rendered":"<p>            Par<br \/>\n        <strong><br \/>\n            <a href=\"https:\/\/actu.fr\/auteur\/anthony-soudani\" title=\"Consulter tous les articles de Anthony Soudani\" target=\"_blank\" rel=\"noopener\">Anthony Soudani<\/a><br \/>\n        <\/strong><\/p>\n<p>        Publi\u00e9 le<\/p>\n<p>            9 sept. 2025 \u00e0 18h29        <\/p>\n<p>Le mouvement <a href=\"https:\/\/actu.fr\/auvergne-rhone-alpes\/lyon_69123\/bloquons-tout-a-lyon-voici-les-points-de-blocages-prevus-le-10-septembre_63133805.html\" target=\"_blank\" rel=\"noopener\">\u00ab\u00a0Bloquons tout\u00a0\u00bb le 10 septembre<\/a> monte de plus en plus \u00e0 la veille de l\u2019\u00e9v\u00e9nement\u2026 et inqui\u00e8te. Le dispositif des forces de l\u2019ordre s\u2019annonce exceptionnel dans le Rh\u00f4ne et \u00e0 Lyon, o\u00f9 les <a href=\"https:\/\/actu.fr\/auvergne-rhone-alpes\/lyon_69123\/bloquons-tout-a-lyon-les-magasins-se-barricadent-avant-le-mouvement-du-10-septembre_63136123.html\" target=\"_blank\" rel=\"noopener\">commerces se sont barricad\u00e9s<\/a> mardi. Pas moins de <strong>1 300 gendarmes et policiers seront mobilis\u00e9s dans le d\u00e9partement<\/strong>. Et les consignes du ministre de l\u2019Int\u00e9rieur, <a href=\"https:\/\/actu.fr\/societe\/blocages-du-10-septembre-le-plan-choc-de-bruno-retailleau-pour-eviter-la-paralysie-du-pays_63119959.html\" target=\"_blank\" rel=\"noopener\">Bruno Retailleau<\/a>, sont clairs : z\u00e9ro blocage.<\/p>\n<p>7 000 agents des forces de l\u2019ordre dans toute la r\u00e9gion<\/p>\n<p class=\" wall-content\">De son c\u00f4t\u00e9, la pr\u00e9fecture envisage <strong>82 actions de tous types<\/strong> dans la r\u00e9gion Auvergne-Rh\u00f4ne-Alpes mercredi, o\u00f9 pas moins de 7 000 agents des forces de l\u2019ordre seront d\u00e9ploy\u00e9s. Ces mouvements surveill\u00e9s de pr\u00e8s iront du rassemblement pacifique \u00e0 des actions de blocage jug\u00e9es \u00e0 risques.<\/p>\n<p class=\" wall-content\">Les centres op\u00e9rationnels sont activ\u00e9s et les Centaures pr\u00e9positionn\u00e9s pour \u00eatre \u00ab\u00a0utilis\u00e9s si n\u00e9cessaire\u00a0\u00bb. Ces v\u00e9hicules d\u2019intervention polyvalents de la gendarmerie (VIPG) seront donc pr\u00eats \u00e0 intervenir.<\/p>\n<p>\u00ab\u00a0D\u00e9bloquer, disperser, interpeller\u00a0\u00bb<\/p>\n<p class=\" wall-content\">Des \u00e9changes avec la CCI ont eu lieu pour que les commerces anticipent les mesures de s\u00e9curit\u00e9, de m\u00eame avec les op\u00e9rateurs et les entreprises. Pour l\u2019heure, <strong>il n\u2019y a pas de d\u00e9claration de manifestations.<\/strong><\/p>\n<p class=\" wall-content\">\u00ab\u00a0Un dispositif donc exceptionnel, adaptable, r\u00e9actif, mobile et fort pour intervenir conform\u00e9ment aux consignes minist\u00e9rielles : d\u00e9bloquer, disperser, interpeller\u00a0\u00bb, pr\u00e9vient la pr\u00e9fecture de r\u00e9gion en \u00e9voquant cette <a href=\"https:\/\/actu.fr\/auvergne-rhone-alpes\/lyon_69123\/lyon-bloquons-tout-le-10-septembre-une-mobilisation-massive-de-la-police-a-quoi-s-attendre_63119552.html\" target=\"_blank\" rel=\"noopener\">mobilisation massive<\/a>.<\/p>\n<p>Des blocages annonc\u00e9s<\/p>\n<p class=\" wall-content\">\u00c0 Lyon et aux alentours de la m\u00e9tropole, <a href=\"https:\/\/actu.fr\/auvergne-rhone-alpes\/lyon_69123\/bloquons-tout-a-lyon-voici-les-points-de-blocages-prevus-le-10-septembre_63133805.html\" target=\"_blank\" rel=\"noopener\">plusieurs points de blocages<\/a> sont annonc\u00e9s :<\/p>\n<p>Votre r\u00e9gion, votre actu !<\/p>\n<p>Recevez chaque jour les infos qui comptent pour vous.<\/p>\n<p>\t<a href=\"https:\/\/actu.fr\/newsletter\" class=\"ac-btn ac-btn--corner ac-btn--medium ac-btn--blue800\" target=\"_blank\" rel=\"noopener\">S&rsquo;incrire<\/a><\/p>\n<ul class=\" wall-content\">\n<li>Blocage possible de la M7 au niveau de Perrache \u00e0 l\u2019heure de pointe, avec un rendez-vous donn\u00e9 place des Archives \u00e0 6h30.<\/li>\n<li>Op\u00e9ration \u00ab\u00a0p\u00e9ages ouverts\u00a0\u00bb ou blocage de l\u2019A43 ou blocage de la plateforme logistique de Saint-Quentin-Fallavier \u00e0 9h, avec un rendez-vous donn\u00e9 sur le parking de Luzais.<\/li>\n<li>Blocage possible du p\u00e9riph\u00e9rique Laurent-Bonnevay avec un rendez-vous \u00e0 7h sur le rond-point de Feyssine.<\/li>\n<li>Action possible autour du rond-point de Francheville, avec un rendez-vous devant le Carrefour.<\/li>\n<\/ul>\n<p class=\" wall-content\">Des piquets de gr\u00e8ve sont \u00e9galement pr\u00e9vus en diff\u00e9rents points \u00e0 travers l\u2019agglom\u00e9ration de Lyon :<\/p>\n<ul class=\" wall-content\">\n<li>H\u00f4pital \u00c9douard-Herriot \u00e0 8h.<\/li>\n<li>H\u00f4pital de Croix-Rousse \u00e0 9h.<\/li>\n<li>HFME de Bron \u00e0 9h.<\/li>\n<li>Raffinerie Total de Feyzin \u00e0 9h.<\/li>\n<li>Usine Arkema de Pierre-B\u00e9nite \u00e0 10h.<\/li>\n<\/ul>\n<p class=\" wall-content\">Des blocages de lyc\u00e9es et d\u2019universit\u00e9s sont par ailleurs attendus, mais il est impossible de pr\u00e9voir lesquels en amont. \u00c0 noter que l\u2019universit\u00e9 de Lyon 2 sera exceptionnellement ferm\u00e9e.<\/p>\n<p class=\" wall-content\">Personnalisez votre actualit\u00e9 en ajoutant vos villes et m\u00e9dias en favori avec <a href=\"https:\/\/moncompte.actu.fr\" title=\"D\u00e9couvez Mon Actu\" rel=\"nofollow noopener\" data-trk=\"{&quot;cta&quot;:{&quot;action&quot;:&quot;https:\\\/\\\/moncompte.actu.fr&quot;,&quot;category&quot;:&quot;mon compte&quot;,&quot;from&quot;:&quot;article footer&quot;,&quot;name&quot;:&quot;Mon actu&quot;,&quot;type&quot;:&quot;cta&quot;}}\" target=\"_blank\">Mon Actu<\/a>.<\/p>\n","protected":false},"excerpt":{"rendered":"Par Anthony Soudani Publi\u00e9 le 9 sept. 2025 \u00e0 18h29 Le mouvement \u00ab\u00a0Bloquons tout\u00a0\u00bb le 10 septembre monte&hellip;\n","protected":false},"author":2,"featured_media":378713,"comment_status":"","ping_status":"","sticky":false,"template":"","format":"standard","meta":{"footnotes":""},"categories":[1889],"tags":[1111,11,2430,1777,674,1011,27,6151,2428,50957,12,1072,25,104],"class_list":{"0":"post-378712","1":"post","2":"type-post","3":"status-publish","4":"format-standard","5":"has-post-thumbnail","7":"category-lyon","8":"tag-actu","9":"tag-actualites","10":"tag-auvergne-rhone-alpes","11":"tag-eu","12":"tag-europe","13":"tag-fr","14":"tag-france","15":"tag-greve","16":"tag-lyon","17":"tag-mouvement-du-10-septembre","18":"tag-news","19":"tag-police","20":"tag-republique-francaise","21":"tag-societe"},"share_on_mastodon":{"url":"https:\/\/pubeurope.com\/@fr\/115176525186257801","error":""},"_links":{"self":[{"href":"https:\/\/www.europesays.com\/fr\/wp-json\/wp\/v2\/posts\/378712","targetHints":{"allow":["GET"]}}],"collection":[{"href":"https:\/\/www.europesays.com\/fr\/wp-json\/wp\/v2\/posts"}],"about":[{"href":"https:\/\/www.europesays.com\/fr\/wp-json\/wp\/v2\/types\/post"}],"author":[{"embeddable":true,"href":"https:\/\/www.europesays.com\/fr\/wp-json\/wp\/v2\/users\/2"}],"replies":[{"embeddable":true,"href":"https:\/\/www.europesays.com\/fr\/wp-json\/wp\/v2\/comments?post=378712"}],"version-history":[{"count":0,"href":"https:\/\/www.europesays.com\/fr\/wp-json\/wp\/v2\/posts\/378712\/revisions"}],"wp:featuredmedia":[{"embeddable":true,"href":"https:\/\/www.europesays.com\/fr\/wp-json\/wp\/v2\/media\/378713"}],"wp:attachment":[{"href":"https:\/\/www.europesays.com\/fr\/wp-json\/wp\/v2\/media?parent=378712"}],"wp:term":[{"taxonomy":"category","embeddable":true,"href":"https:\/\/www.europesays.com\/fr\/wp-json\/wp\/v2\/categories?post=378712"},{"taxonomy":"post_tag","embeddable":true,"href":"https:\/\/www.europesays.com\/fr\/wp-json\/wp\/v2\/tags?post=378712"}],"curies":[{"name":"wp","href":"https:\/\/api.w.org\/{rel}","templated":true}]}}