{"id":378714,"date":"2025-09-09T21:45:14","date_gmt":"2025-09-09T21:45:14","guid":{"rendered":"https:\/\/www.europesays.com\/fr\/378714\/"},"modified":"2025-09-09T21:45:14","modified_gmt":"2025-09-09T21:45:14","slug":"80-000-policiers-cest-un-peu-la-jauge-quon-a-eu-pendant-les-gros-week-ends-gilets-jaunes-indique-yvan-assioma-responsable-ile-de-france-du-syndicat-alliance-police-nationale","status":"publish","type":"post","link":"https:\/\/www.europesays.com\/fr\/378714\/","title":{"rendered":"\u00ab\u00a080.000 policiers, c&rsquo;est un peu la jauge qu&rsquo;on a eu pendant les gros week-ends gilets jaunes\u00a0\u00bb, indique Yvan Assioma, responsable \u00cele-de-France du syndicat Alliance Police nationale"},"content":{"rendered":"<p>Mouvement du 10 septembre: \u00ab\u00a080.000 policiers, c&rsquo;est un peu la jauge qu&rsquo;on a eu pendant les gros week-ends gilets jaunes\u00a0\u00bb, indique Yvan Assioma, responsable \u00cele-de-France du syndicat Alliance Police nationaleSur le m\u00eame sujet<a href=\"https:\/\/www.bfmtv.com\/politique\/gouvernement\/video-mouvement-du-10-septembre-vous-auriez-condamne-la-prise-de-la-bastille-lance-antoine-leaument-depute-lfi-a-yoann-gillet-depute-rn-du-gard_VN-202509090775.html\" title=\"Mouvement du 10 septembre: &quot;Vous auriez condamn\u00e9 la prise de la Bastille&quot;, lance Antoine L\u00e9aument, d\u00e9put\u00e9 LFI, \u00e0 Yoann Gillet, d\u00e9put\u00e9 RN du Gard \" rel=\"nofollow noopener\" target=\"_blank\"><img width=\"16\" height=\"9\" class=\"lozad\"  alt=\"Mouvement du 10 septembre: &quot;Vous auriez condamn\u00e9 la prise de la Bastille&quot;, lance Antoine L\u00e9aument, d\u00e9put\u00e9 LFI, \u00e0 Yoann Gillet, d\u00e9put\u00e9 RN du Gard \"\/>3:11Mouvement du 10 septembre: \u00ab\u00a0Vous auriez condamn\u00e9 la prise de la Bastille\u00a0\u00bb, lance Antoine L\u00e9aument, d\u00e9put\u00e9 LFI, \u00e0 Yoann Gillet, d\u00e9put\u00e9 RN du Gard<\/a><a href=\"https:\/\/www.bfmtv.com\/politique\/gouvernement\/video-mouvement-du-10-septembre-80-000-policiers-c-est-un-peu-la-jauge-qu-on-a-eu-pendant-les-gros-week-ends-gilets-jaunes-indique-yvan-assioma-responsable-ile-de-france-du-syndicat-alliance-police-nationale_VN-202509090773.html\" title=\"Mouvement du 10 septembre: &quot;80.000 policiers, c&#039;est un peu la jauge qu&#039;on a eu pendant les gros week-ends gilets jaunes&quot;, indique Yvan Assioma, responsable \u00cele-de-France du syndicat Alliance Police nationale \" rel=\"nofollow noopener\" target=\"_blank\"><img width=\"16\" height=\"9\" class=\"lozad\"  alt=\"Mouvement du 10 septembre: &quot;80.000 policiers, c'est un peu la jauge qu'on a eu pendant les gros week-ends gilets jaunes&quot;, indique Yvan Assioma, responsable \u00cele-de-France du syndicat Alliance Police nationale \"\/>en lectureMouvement du 10 septembre: \u00ab\u00a080.000 policiers, c&rsquo;est un peu la jauge qu&rsquo;on a eu pendant les gros week-ends gilets jaunes\u00a0\u00bb, indique Yvan Assioma, responsable \u00cele-de-France du syndicat Alliance Police nationale<\/a><a href=\"https:\/\/www.bfmtv.com\/politique\/gouvernement\/video-xavier-bertrand-sa-nomination-a-matignon-n-est-pas-concevable-selon-yoann-gillet-depute-rn-du-gard_VN-202509090768.html\" title=\"Xavier Bertrand: sa nomination \u00e0 Matignon n&#039;est pas &quot;concevable&quot; selon Yoann Gillet, d\u00e9put\u00e9 RN du Gard\" rel=\"nofollow noopener\" target=\"_blank\"><img width=\"16\" height=\"9\" class=\"lozad\"  alt=\"Xavier Bertrand: sa nomination \u00e0 Matignon n'est pas &quot;concevable&quot; selon Yoann Gillet, d\u00e9put\u00e9 RN du Gard\"\/>1:27Xavier Bertrand: sa nomination \u00e0 Matignon n&rsquo;est pas \u00ab\u00a0concevable\u00a0\u00bb selon Yoann Gillet, d\u00e9put\u00e9 RN du Gard<\/a><a href=\"https:\/\/www.bfmtv.com\/politique\/gouvernement\/video-mouvement-du-10-septembre-pour-antoine-leaument-depute-lfi-de-l-essonne-on-n-aurait-pas-obtenu-la-demission-de-francois-bayrou-sans-le-mouvement-de-demain_VN-202509090766.html\" title=\"Mouvement du 10 septembre: pour Antoine L\u00e9aument, d\u00e9put\u00e9 LFI de l&#039;Essonne, &quot;on n&#039;aurait pas obtenu la d\u00e9mission de Fran\u00e7ois Bayrou sans le mouvement de demain&quot;\" rel=\"nofollow noopener\" target=\"_blank\"><img width=\"16\" height=\"9\" class=\"lozad\"  alt=\"Mouvement du 10 septembre: pour Antoine L\u00e9aument, d\u00e9put\u00e9 LFI de l'Essonne, &quot;on n'aurait pas obtenu la d\u00e9mission de Fran\u00e7ois Bayrou sans le mouvement de demain&quot;\"\/>2:00Mouvement du 10 septembre: pour Antoine L\u00e9aument, d\u00e9put\u00e9 LFI de l&rsquo;Essonne, \u00ab\u00a0on n&rsquo;aurait pas obtenu la d\u00e9mission de Fran\u00e7ois Bayrou sans le mouvement de demain\u00a0\u00bb<\/a><a href=\"https:\/\/www.bfmtv.com\/politique\/gouvernement\/video-sebastien-lecornu-yael-braun-pivet-qui-sont-les-favoris-a-la-succession-de-francois-bayrou_VN-202509090688.html\" title=\"S\u00e9bastien Lecornu, Ya\u00ebl Braun-Pivet... Qui sont les favoris \u00e0 la succession de Fran\u00e7ois Bayrou\" rel=\"nofollow noopener\" target=\"_blank\"><img width=\"16\" height=\"9\" class=\"lozad\"  alt=\"S\u00e9bastien Lecornu, Ya\u00ebl Braun-Pivet... Qui sont les favoris \u00e0 la succession de Fran\u00e7ois Bayrou\"\/>1:15S\u00e9bastien Lecornu, Ya\u00ebl Braun-Pivet&#8230; Qui sont les favoris \u00e0 la succession de Fran\u00e7ois Bayrou<\/a><a href=\"https:\/\/www.bfmtv.com\/politique\/gouvernement\/video-10-septembre-si-le-verdict-des-urnes-n-est-pas-entendu-c-est-dans-la-rue-qu-on-doit-avoir-la-possibilite-de-creer-ce-rapport-de-force-declare-ian-brossat-pcf_VN-202509090665.html\" title=\"10 septembre: &quot;Si le verdict des urnes n&#039;est pas entendu c&#039;est dans la rue qu&#039;on doit avoir la possibilit\u00e9 de cr\u00e9er ce rapport de force&quot;, d\u00e9clare Ian Brossat (PCF)\" rel=\"nofollow noopener\" target=\"_blank\"><img width=\"16\" height=\"9\" class=\"lozad\"  alt=\"10 septembre: &quot;Si le verdict des urnes n'est pas entendu c'est dans la rue qu'on doit avoir la possibilit\u00e9 de cr\u00e9er ce rapport de force&quot;, d\u00e9clare Ian Brossat (PCF)\"\/>0:5310 septembre: \u00ab\u00a0Si le verdict des urnes n&rsquo;est pas entendu c&rsquo;est dans la rue qu&rsquo;on doit avoir la possibilit\u00e9 de cr\u00e9er ce rapport de force\u00a0\u00bb, d\u00e9clare Ian Brossat (PCF)<\/a><a href=\"https:\/\/www.bfmtv.com\/politique\/gouvernement\/video-c-est-n-importe-quoi-on-prend-les-memes-et-on-recommence-reagit-ian-brossat-pcf-a-l-hypothese-de-nommer-sebastien-lecornu-a-matignon_VN-202509090663.html\" title=\"&quot;C&#039;est n&#039;importe quoi, on prend les m\u00eames et on recommence&quot;, r\u00e9agit Ian Brossat (PCF) \u00e0 l&#039;hypoth\u00e8se de nommer S\u00e9bastien Lecornu \u00e0 Matignon \" rel=\"nofollow noopener\" target=\"_blank\"><img width=\"16\" height=\"9\" class=\"lozad\"  alt=\"&quot;C'est n'importe quoi, on prend les m\u00eames et on recommence&quot;, r\u00e9agit Ian Brossat (PCF) \u00e0 l'hypoth\u00e8se de nommer S\u00e9bastien Lecornu \u00e0 Matignon \"\/>0:53&Prime;C&rsquo;est n&rsquo;importe quoi, on prend les m\u00eames et on recommence\u00a0\u00bb, r\u00e9agit Ian Brossat (PCF) \u00e0 l&rsquo;hypoth\u00e8se de nommer S\u00e9bastien Lecornu \u00e0 Matignon<\/a><a href=\"https:\/\/www.bfmtv.com\/politique\/gouvernement\/video-demission-de-francois-bayrou-des-francais-de-plus-en-plus-desabuses-face-a-la-situation-politique_VN-202509090661.html\" title=\"D\u00e9mission de Fran\u00e7ois Bayrou: des Fran\u00e7ais de plus en plus d\u00e9sabus\u00e9s face \u00e0 la situation politique \" rel=\"nofollow noopener\" target=\"_blank\"><img width=\"16\" height=\"9\" class=\"lozad\"  alt=\"D\u00e9mission de Fran\u00e7ois Bayrou: des Fran\u00e7ais de plus en plus d\u00e9sabus\u00e9s face \u00e0 la situation politique \"\/>1:49D\u00e9mission de Fran\u00e7ois Bayrou: des Fran\u00e7ais de plus en plus d\u00e9sabus\u00e9s face \u00e0 la situation politique<\/a><a href=\"https:\/\/www.bfmtv.com\/politique\/gouvernement\/video-apres-francois-bayrou-jonas-haddad-lr-conseille-aux-socialistes-d-ecouter-leurs-propres-electeurs_VN-202509090640.html\" title=\"Apr\u00e8s Fran\u00e7ois Bayrou: Jonas Haddad (LR) conseille aux socialistes &quot;d&#039;\u00e9couter leurs propres \u00e9lecteurs&quot;\" rel=\"nofollow noopener\" target=\"_blank\"><img width=\"16\" height=\"9\" class=\"lozad\"  alt=\"Apr\u00e8s Fran\u00e7ois Bayrou: Jonas Haddad (LR) conseille aux socialistes &quot;d'\u00e9couter leurs propres \u00e9lecteurs&quot;\"\/>0:45Apr\u00e8s Fran\u00e7ois Bayrou: Jonas Haddad (LR) conseille aux socialistes \u00ab\u00a0d&rsquo;\u00e9couter leurs propres \u00e9lecteurs\u00a0\u00bb<\/a><a href=\"https:\/\/www.bfmtv.com\/politique\/gouvernement\/video-chute-du-gouvernement-apres-avoir-demissionne-francois-bayrou-quitte-l-elysee_VN-202509090623.html\" title=\"Chute du gouvernement: apr\u00e8s avoir d\u00e9missionn\u00e9, Fran\u00e7ois Bayrou quitte l&#039;\u00c9lys\u00e9e\" rel=\"nofollow noopener\" target=\"_blank\"><img width=\"16\" height=\"9\" class=\"lozad\"  alt=\"Chute du gouvernement: apr\u00e8s avoir d\u00e9missionn\u00e9, Fran\u00e7ois Bayrou quitte l'\u00c9lys\u00e9e\"\/>2:55Chute du gouvernement: apr\u00e8s avoir d\u00e9missionn\u00e9, Fran\u00e7ois Bayrou quitte l&rsquo;\u00c9lys\u00e9e<\/a><a href=\"https:\/\/www.bfmtv.com\/politique\/gouvernement\/video-demission-de-francois-bayrou-comment-reagissent-les-francais-face-a-l-incertitude-politique_VN-202509090618.html\" title=\"D\u00e9mission de Fran\u00e7ois Bayrou: comment r\u00e9agissent les Fran\u00e7ais face \u00e0 l&#039;incertitude politique?\" rel=\"nofollow noopener\" target=\"_blank\"><img width=\"16\" height=\"9\" class=\"lozad\"  alt=\"D\u00e9mission de Fran\u00e7ois Bayrou: comment r\u00e9agissent les Fran\u00e7ais face \u00e0 l'incertitude politique?\"\/>1:55D\u00e9mission de Fran\u00e7ois Bayrou: comment r\u00e9agissent les Fran\u00e7ais face \u00e0 l&rsquo;incertitude politique?<\/a><a href=\"https:\/\/www.bfmtv.com\/politique\/gouvernement\/video-une-reunion-avec-les-presidents-de-groupe-du-nouveau-front-populaire-est-prevue-a-15h30-sans-le-ps_VN-202509090599.html\" title=\"Une r\u00e9union avec les pr\u00e9sidents de groupe du Nouveau Front populaire est pr\u00e9vue \u00e0 15h30 sans le PS\" rel=\"nofollow noopener\" target=\"_blank\"><img width=\"16\" height=\"9\" class=\"lozad\"  alt=\"Une r\u00e9union avec les pr\u00e9sidents de groupe du Nouveau Front populaire est pr\u00e9vue \u00e0 15h30 sans le PS\"\/>2:04Une r\u00e9union avec les pr\u00e9sidents de groupe du Nouveau Front populaire est pr\u00e9vue \u00e0 15h30 sans le PS<\/a><a href=\"https:\/\/www.bfmtv.com\/politique\/gouvernement\/video-chute-du-gouvernement-c-est-la-stabilite-qui-va-nous-permettre-d-avancer-declare-pierre-yves-bournazel-lr_VN-202509090590.html\" title=\"Chute du gouvernement: &quot;C&#039;est la stabilit\u00e9 qui va nous permettre d&#039;avancer&quot;, d\u00e9clare Pierre-Yves Bournazel (Horizons)\" rel=\"nofollow noopener\" target=\"_blank\"><img width=\"16\" height=\"9\" class=\"lozad\"  alt=\"Chute du gouvernement: &quot;C'est la stabilit\u00e9 qui va nous permettre d'avancer&quot;, d\u00e9clare Pierre-Yves Bournazel (Horizons)\"\/>2:25Chute du gouvernement: \u00ab\u00a0C&rsquo;est la stabilit\u00e9 qui va nous permettre d&rsquo;avancer\u00a0\u00bb, d\u00e9clare Pierre-Yves Bournazel (Horizons)<\/a><a href=\"https:\/\/www.bfmtv.com\/politique\/gouvernement\/video-futur-premier-ministre-olivier-faure-ps-previent-emmanuel-macron-de-ne-pas-decevoir-une-fois-de-trop-les-francais_VN-202509090578.html\" title=\"Futur Premier ministre: Olivier Faure (PS) pr\u00e9vient Emmanuel Macron de ne pas &quot;d\u00e9cevoir une fois de trop les Fran\u00e7ais&quot;\" rel=\"nofollow noopener\" target=\"_blank\"><img width=\"16\" height=\"9\" class=\"lozad\"  alt=\"Futur Premier ministre: Olivier Faure (PS) pr\u00e9vient Emmanuel Macron de ne pas &quot;d\u00e9cevoir une fois de trop les Fran\u00e7ais&quot;\"\/>1:57Futur Premier ministre: Olivier Faure (PS) pr\u00e9vient Emmanuel Macron de ne pas \u00ab\u00a0d\u00e9cevoir une fois de trop les Fran\u00e7ais\u00a0\u00bb<\/a><a class=\"jumpToVideo\" target=\"_blank\"><img class=\"thumbnailPreview\"\/><\/a><\/p>\n","protected":false},"excerpt":{"rendered":"Mouvement du 10 septembre: \u00ab\u00a080.000 policiers, c&rsquo;est un peu la jauge qu&rsquo;on a eu pendant les gros week-ends&hellip;\n","protected":false},"author":2,"featured_media":378715,"comment_status":"","ping_status":"","sticky":false,"template":"","format":"standard","meta":{"footnotes":""},"categories":[1592],"tags":[1111,11,1777,674,1011,27,662,12,626,25],"class_list":{"0":"post-378714","1":"post","2":"type-post","3":"status-publish","4":"format-standard","5":"has-post-thumbnail","7":"category-ile-de-france","8":"tag-actu","9":"tag-actualites","10":"tag-eu","11":"tag-europe","12":"tag-fr","13":"tag-france","14":"tag-ile-de-france","15":"tag-news","16":"tag-paris","17":"tag-republique-francaise"},"share_on_mastodon":{"url":"https:\/\/pubeurope.com\/@fr\/115176533153703787","error":""},"_links":{"self":[{"href":"https:\/\/www.europesays.com\/fr\/wp-json\/wp\/v2\/posts\/378714","targetHints":{"allow":["GET"]}}],"collection":[{"href":"https:\/\/www.europesays.com\/fr\/wp-json\/wp\/v2\/posts"}],"about":[{"href":"https:\/\/www.europesays.com\/fr\/wp-json\/wp\/v2\/types\/post"}],"author":[{"embeddable":true,"href":"https:\/\/www.europesays.com\/fr\/wp-json\/wp\/v2\/users\/2"}],"replies":[{"embeddable":true,"href":"https:\/\/www.europesays.com\/fr\/wp-json\/wp\/v2\/comments?post=378714"}],"version-history":[{"count":0,"href":"https:\/\/www.europesays.com\/fr\/wp-json\/wp\/v2\/posts\/378714\/revisions"}],"wp:featuredmedia":[{"embeddable":true,"href":"https:\/\/www.europesays.com\/fr\/wp-json\/wp\/v2\/media\/378715"}],"wp:attachment":[{"href":"https:\/\/www.europesays.com\/fr\/wp-json\/wp\/v2\/media?parent=378714"}],"wp:term":[{"taxonomy":"category","embeddable":true,"href":"https:\/\/www.europesays.com\/fr\/wp-json\/wp\/v2\/categories?post=378714"},{"taxonomy":"post_tag","embeddable":true,"href":"https:\/\/www.europesays.com\/fr\/wp-json\/wp\/v2\/tags?post=378714"}],"curies":[{"name":"wp","href":"https:\/\/api.w.org\/{rel}","templated":true}]}}