{"id":378716,"date":"2025-09-09T21:46:11","date_gmt":"2025-09-09T21:46:11","guid":{"rendered":"https:\/\/www.europesays.com\/fr\/378716\/"},"modified":"2025-09-09T21:46:11","modified_gmt":"2025-09-09T21:46:11","slug":"comment-peut-il-trouver-un-budget-pour-letat","status":"publish","type":"post","link":"https:\/\/www.europesays.com\/fr\/378716\/","title":{"rendered":"comment peut-il trouver un budget pour l\u2019\u00c9tat ?"},"content":{"rendered":"<p>            lire plus tard<\/p>\n<p id=\"dialog__title\" class=\"dialog__title\">Pour sauvegarder cet article, connectez-vous ou cr\u00e9ez un compte franceinfo<\/p>\n<p class=\"dialog__description\">Sans paiement. Sans abonnement.<\/p>\n<p>        Fermer la fen\u00eatre d\u2019activation des notifications France Info<\/p>\n<p>            cr\u00e9er votre compte<\/p>\n<p>            se connecter<\/p>\n<p>        Fermer la fen\u00eatre de pr\u00e9sentation<\/p>\n<p>    Publi\u00e9 le 09\/09\/2025 21:34<\/p>\n<p>      Mis \u00e0 jour le 09\/09\/2025 21:34<\/p>\n<p>        Temps de lecture : 2min &#8211; vid\u00e9o : 2min<\/p>\n<p>    <img decoding=\"async\" class=\"francetv-player-wrapper__image\" alt=\"S\u00e9bastien Lecornu Premier ministre : comment peut-il trouver un budget pour l\u2019\u00c9tat ?\"  width=\"432\" height=\"243\" src=\"https:\/\/www.europesays.com\/fr\/wp-content\/uploads\/2025\/09\/sebastien-lecornu-comment-trouver-un-budget-68c08011c4c04966370135.jpg\" fetchpriority=\"high\"\/><\/p>\n<p>              S\u00e9bastien Lecornu Premier ministre : comment peut-il trouver un budget pour l\u2019\u00c9tat ?<br \/>\n                    (France 2)<\/p>\n<p>      2min<\/p>\n<p>\n  S\u00e9bastien Lecornu est le 5e Premier ministre nomm\u00e9 en deux ans par Emmanuel Macron. Il aura la lourde t\u00e2che de durer plus longtemps que ses pr\u00e9d\u00e9cesseurs. Et surtout de faire adopter en urgence un budget.\n<\/p>\n<p><strong>Ce texte correspond \u00e0 une partie de la retranscription du reportage ci-dessus. Cliquez sur la vid\u00e9o pour la regarder en int\u00e9gralit\u00e9.<\/strong><\/p>\n<p>L&rsquo;art de la guerre aura-t-il appris \u00e0 <a href=\"https:\/\/www.franceinfo.fr\/politique\/gouvernement-de-sebastien-lecornu\/sebastien-lecornu-ministre-des-armees-demissionnaire-est-nomme-premier-ministre-annonce-l-elysee_7482898.html\" target=\"_blank\" rel=\"noopener nofollow\">S\u00e9bastien Lecornu<\/a> l&rsquo;art du compromis ? Pour faire passer un budget sans aucune majorit\u00e9, des concessions s&rsquo;annoncent in\u00e9vitables, par exemple sur la taxation des plus riches. C&rsquo;est le premier sc\u00e9nario compos\u00e9 avec la gauche. Taxer les grandes fortunes est une cl\u00e9 pour les socialistes dans ce budget 2026. Mais pour le PS, plus question d&rsquo;utiliser l&rsquo;article 49.3 qui permet de passer en force. \u00ab\u00a0Une n\u00e9gociation qu&rsquo;on esp\u00e8re plus mature, \u00e7a permettra derri\u00e8re de faire passer des budgets. Parce qu&rsquo;on a pu trouver des compromis. On a pu trouver des voies pour avancer sur la fiscalisation des plus riches. \u00c0 chaque fois, on a vot\u00e9 des choses comme \u00e7a dans les diff\u00e9rents budgets. Et \u00e0 chaque fois, \u00e7a a \u00e9t\u00e9 \u00e9limin\u00e9 par les 49.3 successifs\u00a0\u00bb, indique Arthur Delaporte, d\u00e9put\u00e9 PS du Calvados.<\/p>\n<p>Le bloc central pourrait ouvrir la porte \u00e0 cette taxation des plus ais\u00e9s. Autre sc\u00e9nario : aller chercher une majorit\u00e9 sur la question de la baisse des d\u00e9penses publiques. Une th\u00e9matique incontournable \u00e0 droite mais aussi pour l&rsquo;extr\u00eame droite, qui pose des conditions pour ne pas censurer le gouvernement. \u00ab\u00a0Si, en revanche, on a un gouvernement qui \u00e9coute, le premier parti de France, le Rassemblement national, et qui, par exemple, supprime l&rsquo;aide m\u00e9dicale d&rsquo;\u00c9tat et fait faire une cure d&rsquo;amincissement \u00e0 un \u00c9tat devenu ob\u00e8se, alors nous serons peut-\u00eatre plus cl\u00e9ments\u00a0\u00bb, assure Laurent Jacobelli, d\u00e9put\u00e9 RN de Moselle.<\/p>\n<p>Des exigences radicales, alors pour rester ma\u00eetre du jeu, S\u00e9bastien Lecornu pourrait plut\u00f4t revenir sur la suppression des jours f\u00e9ri\u00e9s. Abandonner cette mesure pourrait faire consensus, mais le pari de concilier la gauche et la droite reste aventureux.<\/p>\n<p>\u00ab\u00a0Quand vous \u00e9coutez le son de cloche des LR, ils veulent plus l&rsquo;\u00e9conomie. Quand vous \u00e9coutez le son de cloche des socialistes, les deux piliers sur lesquels le gouvernement tient, ou en tout cas sur lesquels il ne tombe pas, sont en totale opposition, en totale contradiction\u00a0\u00bb, affirme Benjamin Morel, constitutionnaliste et politologue. Le gouvernement devra aussi tr\u00e8s vite trancher sur le montant des \u00e9conomies, 44 milliards d&rsquo;euros, au moins, \u00e0 r\u00e9aliser.<\/p>\n","protected":false},"excerpt":{"rendered":"lire plus tard Pour sauvegarder cet article, connectez-vous ou cr\u00e9ez un compte franceinfo Sans paiement. Sans abonnement. Fermer&hellip;\n","protected":false},"author":2,"featured_media":378717,"comment_status":"","ping_status":"","sticky":false,"template":"","format":"standard","meta":{"footnotes":""},"categories":[1888],"tags":[1111,1928,11,1927,1777,674,1011,27,12,1926,626,1925,25],"class_list":{"0":"post-378716","1":"post","2":"type-post","3":"status-publish","4":"format-standard","5":"has-post-thumbnail","7":"category-paris","8":"tag-actu","9":"tag-actu-paris","10":"tag-actualites","11":"tag-actualites-paris","12":"tag-eu","13":"tag-europe","14":"tag-fr","15":"tag-france","16":"tag-news","17":"tag-news-paris","18":"tag-paris","19":"tag-paris-news","20":"tag-republique-francaise"},"share_on_mastodon":{"url":"https:\/\/pubeurope.com\/@fr\/115176537392591904","error":""},"_links":{"self":[{"href":"https:\/\/www.europesays.com\/fr\/wp-json\/wp\/v2\/posts\/378716","targetHints":{"allow":["GET"]}}],"collection":[{"href":"https:\/\/www.europesays.com\/fr\/wp-json\/wp\/v2\/posts"}],"about":[{"href":"https:\/\/www.europesays.com\/fr\/wp-json\/wp\/v2\/types\/post"}],"author":[{"embeddable":true,"href":"https:\/\/www.europesays.com\/fr\/wp-json\/wp\/v2\/users\/2"}],"replies":[{"embeddable":true,"href":"https:\/\/www.europesays.com\/fr\/wp-json\/wp\/v2\/comments?post=378716"}],"version-history":[{"count":0,"href":"https:\/\/www.europesays.com\/fr\/wp-json\/wp\/v2\/posts\/378716\/revisions"}],"wp:featuredmedia":[{"embeddable":true,"href":"https:\/\/www.europesays.com\/fr\/wp-json\/wp\/v2\/media\/378717"}],"wp:attachment":[{"href":"https:\/\/www.europesays.com\/fr\/wp-json\/wp\/v2\/media?parent=378716"}],"wp:term":[{"taxonomy":"category","embeddable":true,"href":"https:\/\/www.europesays.com\/fr\/wp-json\/wp\/v2\/categories?post=378716"},{"taxonomy":"post_tag","embeddable":true,"href":"https:\/\/www.europesays.com\/fr\/wp-json\/wp\/v2\/tags?post=378716"}],"curies":[{"name":"wp","href":"https:\/\/api.w.org\/{rel}","templated":true}]}}