{"id":378718,"date":"2025-09-09T21:47:12","date_gmt":"2025-09-09T21:47:12","guid":{"rendered":"https:\/\/www.europesays.com\/fr\/378718\/"},"modified":"2025-09-09T21:47:12","modified_gmt":"2025-09-09T21:47:12","slug":"ici-cest-paris-rabiot-et-deschamps-hues-par-le-public-du-parc-des-princes-avant-france-islande","status":"publish","type":"post","link":"https:\/\/www.europesays.com\/fr\/378718\/","title":{"rendered":"Ici c&rsquo;est Paris? Rabiot et Deschamps hu\u00e9s par le public du Parc des Princes avant France-Islande"},"content":{"rendered":"<p class=\"mb-4 text-lg md:leading-8 break-words\">Si le Parc des Princes est la maison des joueurs de l&rsquo;\u00e9quipe de France pour les trois matchs \u00e0 domicile des qualifications pour la Coupe du monde 2026, deux noms ont \u00e9t\u00e9 siffl\u00e9s pour la premi\u00e8re rencontre face \u00e0 l&rsquo;Islande, ce mardi 9 septembre. Lors de l&rsquo;annonce de la composition tricolore, <a href=\"https:\/\/rmcsport.bfmtv.com\/football\/adrien-rabiot_DN-202211080804.html\" rel=\"nofollow noopener\" target=\"_blank\" data-ylk=\"slk:Adrien Rabiot;elm:context_link;itc:0;sec:content-canvas\" class=\"link \">Adrien Rabiot<\/a> a \u00e9t\u00e9 hu\u00e9 par les spectateurs. L&rsquo;ancien Parisien, rempla\u00e7ant face aux Islandais, paie surtout son pass\u00e9 d&rsquo;ex-joueur de l&rsquo;OM, <a href=\"https:\/\/fr.news.yahoo.com\/sport\/mercato-adrien-rabiot-quitte-lom-183516923.html\" data-ylk=\"slk:qu&#039;il a quitt\u00e9 cet \u00e9t\u00e9 apr\u00e8s avoir eu une altercation avec Jonathan Rowe;elm:context_link;itc:0;sec:content-canvas;outcm:mb_qualified_link;_E:mb_qualified_link;ct:story;\" class=\"link  yahoo-link\" rel=\"nofollow noopener\" target=\"_blank\">qu&rsquo;il a quitt\u00e9 cet \u00e9t\u00e9 apr\u00e8s avoir eu une altercation avec Jonathan Rowe<\/a> \u00e0 l&rsquo;issue de la d\u00e9faite \u00e0 Rennes lors de la premi\u00e8re journ\u00e9e de Ligue 1.<\/p>\n<p class=\"mb-4 text-lg md:leading-8 break-words\"><a href=\"https:\/\/rmcsport.bfmtv.com\/football\/coupe-du-monde\/qualifications\/direct-france-islande-suivez-le-match-de-la-2e-journee-des-qualifications-a-la-coupe-du-monde-2026-en-live_LS-202509090677.html\" rel=\"nofollow noopener\" target=\"_blank\" data-ylk=\"slk:&gt;&gt; Suivez France-Islande en direct;elm:context_link;itc:0;sec:content-canvas\" class=\"link \">&gt;&gt; Suivez France-Islande en direct<\/a><\/p>\n<p>Deschamps \u00e9galement dans le viseur<\/p>\n<p class=\"mb-4 text-lg md:leading-8 break-words\">L&rsquo;autre nom siffl\u00e9 est celui de <a href=\"https:\/\/rmcsport.bfmtv.com\/football\/didier-deschamps_DN-202108310503.html\" rel=\"nofollow noopener\" target=\"_blank\" data-ylk=\"slk:Didier Deschamps;elm:context_link;itc:0;sec:content-canvas\" class=\"link \">Didier Deschamps<\/a>. \u00c9galement ancien joueur et coach du rival marseillais, le s\u00e9lectionneur semble <a href=\"https:\/\/fr.news.yahoo.com\/sport\/protocole-parlez-l-agacement-deschamps-112841462.html\" data-ylk=\"slk:s&#039;\u00eatre attir\u00e9 les foudres des supporters du PSG;elm:context_link;itc:0;sec:content-canvas;outcm:mb_qualified_link;_E:mb_qualified_link;ct:story;\" class=\"link  yahoo-link\" rel=\"nofollow noopener\" target=\"_blank\">s&rsquo;\u00eatre attir\u00e9 les foudres des supporters du PSG<\/a> apr\u00e8s les blessures d&rsquo;Ousmane Demb\u00e9l\u00e9 et D\u00e9sir\u00e9 Dou\u00e9 lors du match face \u00e0 l&rsquo;Ukraine, vendredi dernier \u00e0 Wroclaw (Pologne).<\/p>\n<p class=\"mb-4 text-lg md:leading-8 break-words\">\u00ab\u00a0DD\u00a0\u00bb dispute sa derni\u00e8re campagne de qualifications \u00e0 la t\u00eate des Bleus, dont il aura marqu\u00e9 l&rsquo;histoire depuis son arriv\u00e9e en 2012 et qu&rsquo;il esp\u00e8re bien garder au sommet avant de passer la main apr\u00e8s le Mondial 2026, si la France composte bien son ticket pour le Canada, les Etats-Unis et le Mexique.<\/p>\n<p class=\"mb-4 text-lg md:leading-8 break-words\">Critiqu\u00e9 de toutes parts apr\u00e8s l&rsquo;Euro 2024 d\u00e9cevant malgr\u00e9 l&rsquo;accession en demi-finales et maintenu par le pr\u00e9sident de la FFF Philippe Diallo, Deschamps, qui poss\u00e8de le record de long\u00e9vit\u00e9 \u00e0 son poste, a calm\u00e9 la fronde en officialisant la date de son d\u00e9part, tout en restant maitre de son destin, m\u00eame si le nom de Zin\u00e9dine Zidane continue de tourner pour prendre la suite du coach, champion du monde 2018 et m\u00e9daill\u00e9 d&rsquo;argent en 2022. Avec Didier Deschamps aux manettes, la France s&rsquo;est habitu\u00e9e \u00e0 jouer les premiers r\u00f4les, oubliant le chemin parcouru pour redresser une s\u00e9lection aux abois apr\u00e8s deux fiascos \u00e0 l&rsquo;Euro 2008 et au Mondial 2010 (\u00e9liminations au 1er tour) et un championnat d&rsquo;Europe 2012 assez mitig\u00e9.<\/p>\n<p class=\"mb-4 text-lg md:leading-8 break-words\"><a href=\"https:\/\/rmcsport.bfmtv.com\/football\/coupe-du-monde\/qualifications\/ici-c-est-paris-rabiot-et-deschamps-hues-par-le-public-du-parc-des-princes-avant-france-islande_AV-202509090879.html#xtor=AL-68\" rel=\"nofollow noopener\" target=\"_blank\" data-ylk=\"slk:Article original publi\u00e9 sur RMC Sport;elm:context_link;itc:0;sec:content-canvas\" class=\"link \">Article original publi\u00e9 sur RMC Sport<\/a><\/p>\n","protected":false},"excerpt":{"rendered":"Si le Parc des Princes est la maison des joueurs de l&rsquo;\u00e9quipe de France pour les trois matchs&hellip;\n","protected":false},"author":2,"featured_media":378719,"comment_status":"","ping_status":"","sticky":false,"template":"","format":"standard","meta":{"footnotes":""},"categories":[1888],"tags":[1111,1928,11,1927,2329,18833,12732,17814,1640,1777,674,1011,27,46438,12,1926,626,1925,93,584,25,51208],"class_list":{"0":"post-378718","1":"post","2":"type-post","3":"status-publish","4":"format-standard","5":"has-post-thumbnail","7":"category-paris","8":"tag-actu","9":"tag-actu-paris","10":"tag-actualites","11":"tag-actualites-paris","12":"tag-adrien-rabiot","13":"tag-coupe-du-monde-2026","14":"tag-dembele","15":"tag-deschamps","16":"tag-desire-doue","17":"tag-eu","18":"tag-europe","19":"tag-fr","20":"tag-france","21":"tag-jonathan-rowe","22":"tag-news","23":"tag-news-paris","24":"tag-paris","25":"tag-paris-news","26":"tag-psg","27":"tag-rennes","28":"tag-republique-francaise","29":"tag-rival-marseillais"},"share_on_mastodon":{"url":"https:\/\/pubeurope.com\/@fr\/115176541017051848","error":""},"_links":{"self":[{"href":"https:\/\/www.europesays.com\/fr\/wp-json\/wp\/v2\/posts\/378718","targetHints":{"allow":["GET"]}}],"collection":[{"href":"https:\/\/www.europesays.com\/fr\/wp-json\/wp\/v2\/posts"}],"about":[{"href":"https:\/\/www.europesays.com\/fr\/wp-json\/wp\/v2\/types\/post"}],"author":[{"embeddable":true,"href":"https:\/\/www.europesays.com\/fr\/wp-json\/wp\/v2\/users\/2"}],"replies":[{"embeddable":true,"href":"https:\/\/www.europesays.com\/fr\/wp-json\/wp\/v2\/comments?post=378718"}],"version-history":[{"count":0,"href":"https:\/\/www.europesays.com\/fr\/wp-json\/wp\/v2\/posts\/378718\/revisions"}],"wp:featuredmedia":[{"embeddable":true,"href":"https:\/\/www.europesays.com\/fr\/wp-json\/wp\/v2\/media\/378719"}],"wp:attachment":[{"href":"https:\/\/www.europesays.com\/fr\/wp-json\/wp\/v2\/media?parent=378718"}],"wp:term":[{"taxonomy":"category","embeddable":true,"href":"https:\/\/www.europesays.com\/fr\/wp-json\/wp\/v2\/categories?post=378718"},{"taxonomy":"post_tag","embeddable":true,"href":"https:\/\/www.europesays.com\/fr\/wp-json\/wp\/v2\/tags?post=378718"}],"curies":[{"name":"wp","href":"https:\/\/api.w.org\/{rel}","templated":true}]}}