{"id":378720,"date":"2025-09-09T21:48:16","date_gmt":"2025-09-09T21:48:16","guid":{"rendered":"https:\/\/www.europesays.com\/fr\/378720\/"},"modified":"2025-09-09T21:48:16","modified_gmt":"2025-09-09T21:48:16","slug":"luniversite-paris-cite-rentre-dans-le-mouvement-du-10-septembre","status":"publish","type":"post","link":"https:\/\/www.europesays.com\/fr\/378720\/","title":{"rendered":"l&rsquo;Universit\u00e9 Paris-Cit\u00e9 rentre dans le mouvement du 10 septembre"},"content":{"rendered":"<p>\u00c0 l\u2019universit\u00e9 Paris-Cit\u00e9, des centaines d\u2019\u00e9tudiants se sont r\u00e9unis sur les campus des Grands Moulins et des Saints-P\u00e8res pour pr\u00e9parer la mobilisation du 10 septembre et envoyer des d\u00e9l\u00e9gations sur les piquets de gr\u00e8ve des travailleurs.<\/p>\n<p>Sur le Campus des Grands Moulins, plus de 200 \u00e9tudiants et personnels se sont r\u00e9unis, apr\u00e8s une semaine marqu\u00e9e par de nombreux tractages, collages d\u2019affiches et banderoles qui ont d\u00e9cor\u00e9 l\u2019esplanade Pierre Vidal Naquet. Les \u00e9tudiants et personnels ont discut\u00e9 des premi\u00e8res avanc\u00e9es du mouvement avec la chute du gouvernement Bayrou, des actions de blocages et des diff\u00e9rents piquets de gr\u00e8ve \u00e0 soutenir pr\u00e8s du campus. L\u2019assembl\u00e9e s\u2019est positionn\u00e9e clairement contre le retard de paiement des bourses CROUS qui emp\u00eache des centaines d\u2019\u00e9tudiants de l\u2019universit\u00e9 de payer leurs frais d\u2019inscription ou le mat\u00e9riel n\u00e9cessaire pour leurs rentr\u00e9es universitaires.<\/p>\n<p>Par ailleurs, les \u00e9tudiants et le personnel ont r\u00e9it\u00e9r\u00e9 leur soutien \u00e0 la Palestine et au mouvement Global Sumud Flotilla, dont un des bateaux s\u2019est fait bombard\u00e9 cette nuit par l\u2019arm\u00e9e isra\u00e9lienne. Un bon moyen de rappeler la complicit\u00e9 du gouvernement de Macron et aussi des partenariats universitaires complices de la colonisation et du g\u00e9nocide en Palestine, \u00e0 l\u2019image de l\u2019Or\u00e9al qui si\u00e8ge au conseil d\u2019administration de l\u2019UPC.<\/p>\n<p>Un ensemble de revendications importantes pour le mouvement \u00e9tudiant, comme l\u2019explique James, militant au Poing Lev\u00e9 et doctorant en sciences climatiques\u00a0: \u00ab\u00a0Le mouvement universitaire a toujours eu un \u00e9norme pouvoir de mobilisation par sa cr\u00e9ativit\u00e9, sa radicalit\u00e9 et par sa solidarit\u00e9 avec les secteurs en gr\u00e8ve qui ont la capacit\u00e9 de bloquer l\u2019\u00e9conomie. Par cette alliance, en y imposant nos revendications et nos m\u00e9thodes, on peut construire un \u00e9norme bras de fer contre Macron et l\u2019aust\u00e9rit\u00e9\u00a0\u00bb.<\/p>\n<p>Aux Saints-P\u00e8res, une cinquantaine d\u2019\u00e9tudiants et de personnels \u00e9taient rassembl\u00e9s. Capucine, militante au Poing Lev\u00e9 et \u00e9tudiante en bio-m\u00e9dical, a insist\u00e9 sur l\u2019importance d\u2019aller soutenir les travailleurs en gr\u00e8ve, et notamment dans le secteur de la sant\u00e9\u00a0: \u00ab\u00a0Il va y avoir <a href=\"https:\/\/www.revolutionpermanente.fr\/Nouveau-campus-de-Paris-Cite-un-Partenariat-public-prive-au-profit-du-geant-du-BTP-Eiffage\" rel=\"nofollow noopener\" target=\"_blank\">une fusion des h\u00f4pitaux Bichat et Beaujon<\/a>, et cette fusion est une catastrophe. En plus d\u2019entra\u00eener la suppression de centaines de lits pour les personnes malade, ce sont les conditions de travail des soignants et des \u00e9tudiants en m\u00e9decine qui est en jeu. C\u2019est pour \u00e7a qu\u2019en tant qu\u2019\u00e9tudiants d\u2019UPC, \u00e9tudiants en sant\u00e9, nous sommes contre cette fusion, et c\u2019est important d\u2019aller soutenir les travailleurs de la sant\u00e9\u00a0\u00bb.<\/p>\n<p>En plus de la question des blocages, les personnes pr\u00e9sentes ont discut\u00e9 de se rendre collectivement sur un piquet de gr\u00e8ve, pour repr\u00e9senter les \u00e9tudiants et le personnel mobilis\u00e9 de Paris-Cit\u00e9 en soutien aux travailleurs en gr\u00e8ve contre les plans aust\u00e9ritaires et de militarisation du gouvernement.<\/p>\n<p>L\u2019assembl\u00e9e g\u00e9n\u00e9rale des Saints P\u00e8res a finalement vot\u00e9 d\u2019aller rejoindre <a href=\"https:\/\/www.revolutionpermanente.fr\/10-septembre-les-cheminots-de-Paris-Nord-appellent-a-une-grande-AG-bloquons-tout-a-11h\" rel=\"nofollow noopener\" target=\"_blank\">l\u2019appel des cheminots \u00e0 11h \u00e0 Gare du Nord<\/a>, lorsque l\u2019AG des Grands Moulins a propos\u00e9 des d\u00e9l\u00e9gations aux diff\u00e9rentes initiatives inter-professionnelles, dont celles de la Gare du Nord et \u00e0 l\u2019assembl\u00e9e g\u00e9n\u00e9rale inter-facs place de la Sorbonne, mercredi \u00e0 16h. Nous nous r\u00e9unirons \u00e0 nouveau jeudi 11 septembre dans la matin\u00e9e sur l\u2019esplanade Pierre Vidal Naquet et \u00e0 12h sur le campus des Saints P\u00e8res, pour discuter des suites du mouvement, avec la perspective du 18 septembre.<\/p>\n","protected":false},"excerpt":{"rendered":"\u00c0 l\u2019universit\u00e9 Paris-Cit\u00e9, des centaines d\u2019\u00e9tudiants se sont r\u00e9unis sur les campus des Grands Moulins et des Saints-P\u00e8res&hellip;\n","protected":false},"author":2,"featured_media":378721,"comment_status":"","ping_status":"","sticky":false,"template":"","format":"standard","meta":{"footnotes":""},"categories":[1888],"tags":[11,1777,674,1011,27,12,626,25],"class_list":{"0":"post-378720","1":"post","2":"type-post","3":"status-publish","4":"format-standard","5":"has-post-thumbnail","7":"category-paris","8":"tag-actualites","9":"tag-eu","10":"tag-europe","11":"tag-fr","12":"tag-france","13":"tag-news","14":"tag-paris","15":"tag-republique-francaise"},"share_on_mastodon":{"url":"https:\/\/pubeurope.com\/@fr\/115176544927563703","error":""},"_links":{"self":[{"href":"https:\/\/www.europesays.com\/fr\/wp-json\/wp\/v2\/posts\/378720","targetHints":{"allow":["GET"]}}],"collection":[{"href":"https:\/\/www.europesays.com\/fr\/wp-json\/wp\/v2\/posts"}],"about":[{"href":"https:\/\/www.europesays.com\/fr\/wp-json\/wp\/v2\/types\/post"}],"author":[{"embeddable":true,"href":"https:\/\/www.europesays.com\/fr\/wp-json\/wp\/v2\/users\/2"}],"replies":[{"embeddable":true,"href":"https:\/\/www.europesays.com\/fr\/wp-json\/wp\/v2\/comments?post=378720"}],"version-history":[{"count":0,"href":"https:\/\/www.europesays.com\/fr\/wp-json\/wp\/v2\/posts\/378720\/revisions"}],"wp:featuredmedia":[{"embeddable":true,"href":"https:\/\/www.europesays.com\/fr\/wp-json\/wp\/v2\/media\/378721"}],"wp:attachment":[{"href":"https:\/\/www.europesays.com\/fr\/wp-json\/wp\/v2\/media?parent=378720"}],"wp:term":[{"taxonomy":"category","embeddable":true,"href":"https:\/\/www.europesays.com\/fr\/wp-json\/wp\/v2\/categories?post=378720"},{"taxonomy":"post_tag","embeddable":true,"href":"https:\/\/www.europesays.com\/fr\/wp-json\/wp\/v2\/tags?post=378720"}],"curies":[{"name":"wp","href":"https:\/\/api.w.org\/{rel}","templated":true}]}}