{"id":378724,"date":"2025-09-09T21:50:26","date_gmt":"2025-09-09T21:50:26","guid":{"rendered":"https:\/\/www.europesays.com\/fr\/378724\/"},"modified":"2025-09-09T21:50:26","modified_gmt":"2025-09-09T21:50:26","slug":"lex-president-russe-medvedev-accuse-la-finlande-de-logique-russophobe-et-menace-le-pays","status":"publish","type":"post","link":"https:\/\/www.europesays.com\/fr\/378724\/","title":{"rendered":"L&rsquo;ex-pr\u00e9sident russe Medvedev accuse la Finlande de \u00ab\u00a0logique russophobe\u00a0\u00bb et menace le pays"},"content":{"rendered":"<ul class=\"jsx-862013697 ArticleChapo__List\">\n<li class=\"jsx-862013697 ArticleChapo__List_Item flex\">L&rsquo;ex-pr\u00e9sident russe Dmitri Medvedev a publi\u00e9 une tribune dans laquelle il s&rsquo;attaque frontalement \u00e0 la Finlande.<\/li>\n<li class=\"jsx-862013697 ArticleChapo__List_Item flex\">Ce proche de Vladimir Poutine sous-entend qu&rsquo;Helsinki pr\u00e9parerait une guerre contre la Russie, tout en faisant des comparaisons avec l&rsquo;\u00e9poque nazie.<\/li>\n<li class=\"jsx-862013697 ArticleChapo__List_Item flex\">Des arguments d\u00e9j\u00e0 repris par le Kremlin pour justifier son invasion de l&rsquo;Ukraine, en 2022.<\/li>\n<\/ul>\n<p><a href=\"https:\/\/www.tf1info.fr\/actualite\/guerre-ukraine-russie-une-rencontre-donald-trump-vladimir-poutine-historique-le-vendredi-15-aout-2025-en-alaska-sans-volodymyr-zelensky-14326\/\" rel=\"noopener\" class=\"jsx-484472199 Link jsx-1428418400 jsx-554215408\" target=\"_blank\"><\/p>\n<p style=\"font-weight:400\" class=\"jsx-1837267516\">Suivez la couverture compl\u00e8te<\/p>\n<p style=\"font-weight:800\" class=\"jsx-1837267516\">Ukraine-Russie : des n\u00e9gociations dans l\u2019impasse<\/p>\n<p><\/a><\/p>\n<p data-module=\"article-paragraph\" class=\"jsx-3046738180 Paragraph Paragraph__End\">Une nouvelle diatribe inqui\u00e9tante d&rsquo;un proche de Vladimir Poutine. Lundi 8 septembre, l&rsquo;ex-pr\u00e9sident russe (2008-2012) <a href=\"https:\/\/www.tf1info.fr\/international\/il-a-provoque-la-colere-de-donald-trump-dmitri-medvedev-un-ancien-president-russe-coutumier-des-provocations-2386589.html\" target=\"_blank\" rel=\"noopener\">Dmitri Medvedev<\/a> a publi\u00e9 sur le site web de l&rsquo;agence d&rsquo;\u00c9tat TASS une longue tribune dans laquelle il tient \u00e0 plusieurs reprises des propos mena\u00e7ants contre la Finlande. Le titre du texte, intitul\u00e9 \u00ab\u00a0La nouvelle doctrine finlandaise : stupidit\u00e9, mensonges, ingratitude\u00a0\u00bb, donne le ton. Alors qu&rsquo;Helsinki craint depuis l&rsquo;invasion russe de l&rsquo;Ukraine les vell\u00e9it\u00e9s expansionnistes de son voisin, le responsable, qui a toujours ses entr\u00e9es au Kremlin aujourd&rsquo;hui, accuse le pays nordique de \u00ab\u00a0logique russophobe\u00a0\u00bb.\u00a0<\/p>\n<p>R\u00e9f\u00e9rences \u00e0 l&rsquo;\u00e9poque nazie<\/p>\n<p data-module=\"article-paragraph\" class=\"jsx-3046738180 Paragraph\">Fid\u00e8le au narratif de Moscou, Dmitri Medvedev inverse la configuration g\u00e9opolitique de la r\u00e9gion : selon lui, <a href=\"https:\/\/www.tf1info.fr\/international\/la-finlande-sous-la-menace-russe-moscou-renforce-ses-bases-militaires-a-la-frontiere-2372452.html\" target=\"_blank\" rel=\"noopener\">la Finlande<\/a> serait elle-m\u00eame pr\u00eate \u00e0 faire la guerre \u00e0 la Russie. <a href=\"https:\/\/www.tf1info.fr\/podcast\/l-interview-politique\/guerre-en-ukraine-russie-otan-emmanuel-macron-ratifie-les-adhesions-de-la-finlande-et-de-la-suede-2229247.html\" target=\"_blank\" rel=\"noopener\">Son adh\u00e9sion \u00e0 l&rsquo;Organisation du trait\u00e9 de l&rsquo;Atlantique nord (OTAN),<\/a> sous domination am\u00e9ricaine, serait l&rsquo;une des preuves des plans du pays. \u00ab\u00a0Apr\u00e8s avoir rejoint l&rsquo;OTAN, Helsinki, sous couvert de mesures de &lsquo;d\u00e9fense&rsquo;, a poursuivi une voie conflictuelle de pr\u00e9paration \u00e0 la guerre avec la Russie, cr\u00e9ant apparemment un tremplin pour une attaque contre nous\u00a0\u00bb, lance l&rsquo;ancien chef de l&rsquo;\u00c9tat russe. De pr\u00e9tendues intentions \u00ab\u00a0encourag\u00e9es de toutes les mani\u00e8res possibles par les dirigeants de l&rsquo;UE \u00e0 Bruxelles\u00a0\u00bb, poursuit Dmitri Medvedev.<\/p>\n<p data-module=\"article-paragraph\" class=\"jsx-3046738180 Paragraph Paragraph__End\">Outre ces accusations infond\u00e9es, le dirigeant d\u00e9veloppe dans de longs passages la fa\u00e7on dont l&rsquo;\u00e9tat actuel des relations russo-finlandaises trouveraient ses \u00ab\u00a0causes profondes\u00a0\u00bb dans l&rsquo;histoire entre les deux pays. Sans h\u00e9siter \u00e0 \u00e9tablir des comparaisons volontairement provocatrices avec <a href=\"https:\/\/www.tf1info.fr\/sante\/video-la-medecine-de-guerre-debarquement-normandie-seconde-guerre-mondiale-2302736.html\" target=\"_blank\" rel=\"noopener\">la Seconde Guerre mondiale<\/a>. \u00ab\u00a0L&rsquo;id\u00e9e de profiter de la Russie a \u00e9t\u00e9 inculqu\u00e9e aux Finlandais \u00e0 l&rsquo;\u00e9poque du r\u00e9gime hitl\u00e9rien en Allemagne. Apparemment, ils travaillent aujourd&rsquo;hui sur un programme similaire\u00a0\u00bb, lance Dmitri Medvedev. Pour lui, \u00ab\u00a0la Finlande, en tant que satellite d&rsquo;Hitler qui a attaqu\u00e9 l&rsquo;URSS, porte exactement la m\u00eame responsabilit\u00e9 dans le d\u00e9clenchement de la guerre, de toutes les horreurs et souffrances de notre population, que l&rsquo;Allemagne nazie\u00a0\u00bb.<\/p>\n<p>Utilisation de l&rsquo;histoire au service de la propagande<\/p>\n<p data-module=\"article-paragraph\" class=\"jsx-3046738180 Paragraph\">La mobilisation de l&rsquo;ensemble de ces \u00e9l\u00e9ments de propagande est loin d&rsquo;\u00eatre anodin. La Russie a pris l&rsquo;habitude d&rsquo;utiliser l&rsquo;histoire pour appuyer son id\u00e9ologie. Dans les \u00e9tablissements scolaires, l&rsquo;action de l&rsquo;arm\u00e9e russe \u00e0 travers les \u00e9poques est par exemple glorifi\u00e9e. Lors des pr\u00e9c\u00e9dentes interventions des troupes de Moscou, ce genre d&rsquo;argument a pr\u00e9cis\u00e9ment \u00e9t\u00e9 utilis\u00e9 par le pouvoir russe <a href=\"https:\/\/www.tf1info.fr\/international\/guerre-en-ukraine-comment-la-russie-reecrit-l-histoire-avec-des-bandes-dessinees-comics-de-propagande-2301692.html\" target=\"_blank\" rel=\"noopener\">pour justifier l&rsquo;action de son arm\u00e9e (nouvelle fen\u00eatre)<\/a>. \u00ab\u00a0Les responsables du Kremlin ont affirm\u00e9 que tout futur accord de paix en Ukraine devait \u00e9liminer les &#8217;causes profondes&rsquo; de la guerre, qu&rsquo;ils ont d\u00e9finies comme l&rsquo;expansion de l&rsquo;OTAN vers l&rsquo;est et la pr\u00e9tendue discrimination de l&rsquo;Ukraine \u00e0 l&rsquo;encontre des russophones\u00a0\u00bb, note l&rsquo;Institute Study of War, dans <a href=\"https:\/\/understandingwar.org\/research\/russia-ukraine\/russian-offensive-campaign-assessment-september-8-2025\/\" target=\"_blank\" rel=\"nofollow noopener\">une analyse d\u00e9taill\u00e9e (nouvelle fen\u00eatre)<\/a> de la tribune de Dmitri Medvedev.<\/p>\n<p data-module=\"article-paragraph\" class=\"jsx-3046738180 Paragraph Paragraph__End\">\u00ab\u00a0[Le pr\u00e9sident russe] a justifi\u00e9 l\u2019intervention de la Russie en Crim\u00e9e et \u00e0 partir de 2014 dans le Donbass par la n\u00e9cessit\u00e9 de prot\u00e9ger les populations russophones de ces r\u00e9gions, alors qu\u2019elles n\u2019avaient absolument pas besoin de l\u2019\u00eatre\u00a0\u00bb, rappelait ainsi Anne de Tinguy, sp\u00e9cialiste de la Russie \u00e0 Sciences Po, au <a href=\"https:\/\/www.huffingtonpost.fr\/politique\/article\/apres-la-chute-de-bayrou-macron-ecarte-une-dissolution-immediate-dans-sa-premiere-reaction-lapidaire_254578.html\" target=\"_blank\" rel=\"nofollow noopener\">HuffPost (nouvelle fen\u00eatre)<\/a>, en mars 2024. Lors de son allocution diffus\u00e9e \u00e0 la veille <a href=\"https:\/\/www.tf1info.fr\/international\/en-direct-guerre-ukraine-russie-la-situation-aujourd-hui-entre-zelensky-et-poutine-trump-coalition-les-informations-du-lundi-8-septembre-2025-2393198.html\" target=\"_blank\" rel=\"noopener\">de l&rsquo;invasion de l&rsquo;Ukraine, (nouvelle fen\u00eatre)<\/a> le 24 f\u00e9vrier 2022, Vladimir Poutine avait par ailleurs \u00e9voqu\u00e9 l&rsquo;objectif de \u00ab\u00a0d\u00e9militariser et d\u00e9nazifier\u00a0\u00bb le pays.<\/p>\n<p><a href=\"https:\/\/www.tf1info.fr\/international\/video-nous-avons-besoin-d-un-staline-en-russie-l-union-sovietique-au-coeur-de-la-propagande-de-poutine-2390484.html\" rel=\"noopener\" class=\"jsx-3308031228 Link flex\" target=\"_blank\"><img decoding=\"async\" src=\"https:\/\/www.europesays.com\/fr\/wp-content\/uploads\/2025\/09\/jta-russie-nostalgie-urss-26d415-0@1x.jpeg\" alt=\"TF1\" loading=\"lazy\" importance=\"low\" fetchpriority=\"low\" class=\"\" aria-hidden=\"true\"\/><\/p>\n<p class=\"jsx-3657663356 ReadMoreArticle__Title\">Lire aussi<\/p>\n<p class=\"jsx-3657663356\">\u00ab\u00a0Nous avons besoin d&rsquo;un Staline\u00a0\u00bb : en Russie, l&rsquo;Union sovi\u00e9tique au c\u0153ur de la propagande de Poutine<\/p>\n<p><\/a><\/p>\n<p data-module=\"article-paragraph\" class=\"jsx-3046738180 Paragraph Paragraph__End\">\u00c0 l&rsquo;est de l&rsquo;Europe, les 1.340 km de fronti\u00e8res entre la Russie et la Finlande sont devenues une zone particuli\u00e8rement sensible. En avril dernier, lors d&rsquo;un entretien accord\u00e9 au Point, le porte-parole du Kremlin Dmitri Peskov assurait pourtant que la Russie n&rsquo;avait \u00ab\u00a0aucun probl\u00e8me ni aucune pr\u00e9tention territoriale envers les pays baltes\u00a0\u00bb, ni \u00ab\u00a0le moindre probl\u00e8me avec la Finlande ni la Su\u00e8de\u00a0\u00bb. Sur un ton plus mena\u00e7ant, Dmitri Medvedev a remis la pression sur Helsinki. \u00ab\u00a0L&rsquo;essentiel pour l&rsquo;establishment finlandais est de ne pas oublier qu&rsquo;une confrontation avec nous pourrait entra\u00eener l&rsquo;effondrement d\u00e9finitif de l&rsquo;\u00c9tat finlandais\u00a0\u00bb, a-t-il ass\u00e9n\u00e9 en conclusion de son propos.<\/p>\n<p>T.A.<\/p>\n","protected":false},"excerpt":{"rendered":"L&rsquo;ex-pr\u00e9sident russe Dmitri Medvedev a publi\u00e9 une tribune dans laquelle il s&rsquo;attaque frontalement \u00e0 la Finlande. Ce proche&hellip;\n","protected":false},"author":2,"featured_media":378725,"comment_status":"","ping_status":"","sticky":false,"template":"","format":"standard","meta":{"footnotes":""},"categories":[1591],"tags":[1111,11,1921,39407,1887,219,1922,12,136,1885,1886,132,220,50704,364,133,1920,135],"class_list":{"0":"post-378724","1":"post","2":"type-post","3":"status-publish","4":"format-standard","5":"has-post-thumbnail","7":"category-russie","8":"tag-actu","9":"tag-actualites","10":"tag-article-video","11":"tag-dmitri-medvedev","12":"tag-federation-de-russie","13":"tag-finlande","14":"tag-info","15":"tag-news","16":"tag-otan","17":"tag-russia","18":"tag-russian-federation","19":"tag-russie","20":"tag-ukraine","21":"tag-ukraine-russie-des-negociations-dans-limpasse","22":"tag-union-europeenne","23":"tag-video","24":"tag-video-international","25":"tag-vladimir-poutine"},"share_on_mastodon":{"url":"https:\/\/pubeurope.com\/@fr\/115176552900196382","error":""},"_links":{"self":[{"href":"https:\/\/www.europesays.com\/fr\/wp-json\/wp\/v2\/posts\/378724","targetHints":{"allow":["GET"]}}],"collection":[{"href":"https:\/\/www.europesays.com\/fr\/wp-json\/wp\/v2\/posts"}],"about":[{"href":"https:\/\/www.europesays.com\/fr\/wp-json\/wp\/v2\/types\/post"}],"author":[{"embeddable":true,"href":"https:\/\/www.europesays.com\/fr\/wp-json\/wp\/v2\/users\/2"}],"replies":[{"embeddable":true,"href":"https:\/\/www.europesays.com\/fr\/wp-json\/wp\/v2\/comments?post=378724"}],"version-history":[{"count":0,"href":"https:\/\/www.europesays.com\/fr\/wp-json\/wp\/v2\/posts\/378724\/revisions"}],"wp:featuredmedia":[{"embeddable":true,"href":"https:\/\/www.europesays.com\/fr\/wp-json\/wp\/v2\/media\/378725"}],"wp:attachment":[{"href":"https:\/\/www.europesays.com\/fr\/wp-json\/wp\/v2\/media?parent=378724"}],"wp:term":[{"taxonomy":"category","embeddable":true,"href":"https:\/\/www.europesays.com\/fr\/wp-json\/wp\/v2\/categories?post=378724"},{"taxonomy":"post_tag","embeddable":true,"href":"https:\/\/www.europesays.com\/fr\/wp-json\/wp\/v2\/tags?post=378724"}],"curies":[{"name":"wp","href":"https:\/\/api.w.org\/{rel}","templated":true}]}}