{"id":378726,"date":"2025-09-09T21:51:12","date_gmt":"2025-09-09T21:51:12","guid":{"rendered":"https:\/\/www.europesays.com\/fr\/378726\/"},"modified":"2025-09-09T21:51:12","modified_gmt":"2025-09-09T21:51:12","slug":"un-soldat-volontaire-canadien-est-mort-en-ukraine","status":"publish","type":"post","link":"https:\/\/www.europesays.com\/fr\/378726\/","title":{"rendered":"Un soldat volontaire canadien est mort en Ukraine"},"content":{"rendered":"<p class=\"lead textModule textModule--type-lead \" style=\"\">Un soldat volontaire canadien est mort sur le front, en Ukraine. Il avait seulement 24\u00a0ans.<\/p>\n<p>                    Publi\u00e9 \u00e0 17\u00a0h\u00a022<\/p>\n<p>    <a class=\"print\" href=\"https:\/\/www.lapresse.ca\/actualites\/justice-et-faits-divers\/2025-09-09\/javascript:window.print();\" title=\"Imprimer la page\" rel=\"nofollow noopener\" target=\"_blank\"><\/p>\n<p>        <img loading=\"lazy\" decoding=\"async\" width=\"16\" height=\"18\" src=\"https:\/\/www.europesays.com\/fr\/wp-content\/uploads\/2025\/04\/share-icon.png\" alt=\"Partager\"\/><\/p>\n<p class=\"paragraph textModule textModule--type-paragraph \" style=\"\">Patrick Mazerolle a \u00e9t\u00e9 tu\u00e9 le 1er\u00a0septembre par une frappe de drone, selon son p\u00e8re, Marc Mazerolle. Il s\u2019\u00e9tait envol\u00e9 en f\u00e9vrier dernier pour l\u2019Ukraine, sans avoir pr\u00e9venu sa famille au pr\u00e9alable, pour s\u2019engager comme volontaire dans l\u2019arm\u00e9e ukrainienne.<\/p>\n<p class=\"paragraph textModule textModule--type-paragraph \" style=\"\">\u00ab\u00a0Pour ceux qui l\u2019ont d\u00e9j\u00e0 crois\u00e9 ou c\u00f4toy\u00e9, vous ne le saviez pas, mais vous avez c\u00f4toy\u00e9 un h\u00e9ros, un jeune homme sp\u00e9cial que malheureusement la guerre nous a pris\u00a0\u00bb, a soulign\u00e9 Marc Mazerolle dans un message publi\u00e9 sur Facebook.<\/p>\n<p>                                        <img decoding=\"async\" src=\"https:\/\/www.europesays.com\/fr\/wp-content\/uploads\/2025\/09\/54951e28ef613b2cb930e45c08d79acb.jpg\" alt=\"\" class=\"photoModule__visual\" itemprop=\"contentUrl url\"\/><\/p>\n<p class=\"credit photoModule__caption photoModule__caption--credit\" style=\"\">\n                    PHOTO TIR\u00c9E DU COMPTE FACEBOOK DE VICKY HACH\u00c9\n                <\/p>\n<p class=\"description photoModule__caption photoModule__caption--description\" style=\"\">\n                    Patrick Mazerolle\n                <\/p>\n<p class=\"paragraph textModule textModule--type-paragraph \" style=\"\">Patrick Mazerolle \u00e9tait \u00ab\u00a0courageux, intelligent, bienveillant et g\u00e9n\u00e9reux\u00a0\u00bb, se souvient sa tante, Brigitte Mazerolle, dans un autre t\u00e9moignage publi\u00e9 sur les r\u00e9seaux sociaux.<\/p>\n<p class=\"paragraph textModule textModule--type-paragraph \" style=\"\">\u00ab\u00a0J\u2019ai le c\u0153ur bris\u00e9 en mille miettes\u00a0\u00bb, a \u00e9crit la m\u00e8re du jeune homme, Annie Chiasson, dans un autre message. \u00ab\u00a0Mon gar\u00e7on d\u2019amour, je ne t\u2019oublierai jamais.\u00a0\u00bb<\/p>\n<p class=\"paragraph textModule textModule--type-paragraph \" style=\"\">La nouvelle a d\u2019abord \u00e9t\u00e9 rapport\u00e9e par l\u2019Acadie Nouvelle. Selon les informations obtenues par la famille et rapport\u00e9es par le m\u00e9dia, le jeune Acadien est le 13e\u00a0Canadien tomb\u00e9 au front en Ukraine depuis le d\u00e9but de la guerre, en f\u00e9vrier\u00a02022.<\/p>\n<p class=\"paragraph textModule textModule--type-paragraph \" style=\"\">Affaires mondiales Canada a confirm\u00e9 \u00eatre \u00ab\u00a0au courant de rapports non confirm\u00e9s selon lesquels un citoyen canadien serait d\u00e9c\u00e9d\u00e9 r\u00e9cemment en Ukraine\u00a0\u00bb, a indiqu\u00e9 un porte-parole par courriel. \u00ab\u00a0Pour des raisons de confidentialit\u00e9, aucune autre information ne peut \u00eatre divulgu\u00e9e.\u00a0\u00bb<\/p>\n","protected":false},"excerpt":{"rendered":"Un soldat volontaire canadien est mort sur le front, en Ukraine. Il avait seulement 24\u00a0ans. Publi\u00e9 \u00e0 17\u00a0h\u00a022&hellip;\n","protected":false},"author":2,"featured_media":378727,"comment_status":"","ping_status":"","sticky":false,"template":"","format":"standard","meta":{"footnotes":""},"categories":[1590],"tags":[11,1777,674,12,220],"class_list":{"0":"post-378726","1":"post","2":"type-post","3":"status-publish","4":"format-standard","5":"has-post-thumbnail","7":"category-ukraine","8":"tag-actualites","9":"tag-eu","10":"tag-europe","11":"tag-news","12":"tag-ukraine"},"share_on_mastodon":{"url":"https:\/\/pubeurope.com\/@fr\/115176556793611534","error":""},"_links":{"self":[{"href":"https:\/\/www.europesays.com\/fr\/wp-json\/wp\/v2\/posts\/378726","targetHints":{"allow":["GET"]}}],"collection":[{"href":"https:\/\/www.europesays.com\/fr\/wp-json\/wp\/v2\/posts"}],"about":[{"href":"https:\/\/www.europesays.com\/fr\/wp-json\/wp\/v2\/types\/post"}],"author":[{"embeddable":true,"href":"https:\/\/www.europesays.com\/fr\/wp-json\/wp\/v2\/users\/2"}],"replies":[{"embeddable":true,"href":"https:\/\/www.europesays.com\/fr\/wp-json\/wp\/v2\/comments?post=378726"}],"version-history":[{"count":0,"href":"https:\/\/www.europesays.com\/fr\/wp-json\/wp\/v2\/posts\/378726\/revisions"}],"wp:featuredmedia":[{"embeddable":true,"href":"https:\/\/www.europesays.com\/fr\/wp-json\/wp\/v2\/media\/378727"}],"wp:attachment":[{"href":"https:\/\/www.europesays.com\/fr\/wp-json\/wp\/v2\/media?parent=378726"}],"wp:term":[{"taxonomy":"category","embeddable":true,"href":"https:\/\/www.europesays.com\/fr\/wp-json\/wp\/v2\/categories?post=378726"},{"taxonomy":"post_tag","embeddable":true,"href":"https:\/\/www.europesays.com\/fr\/wp-json\/wp\/v2\/tags?post=378726"}],"curies":[{"name":"wp","href":"https:\/\/api.w.org\/{rel}","templated":true}]}}