{"id":378728,"date":"2025-09-09T21:52:11","date_gmt":"2025-09-09T21:52:11","guid":{"rendered":"https:\/\/www.europesays.com\/fr\/378728\/"},"modified":"2025-09-09T21:52:11","modified_gmt":"2025-09-09T21:52:11","slug":"trump-affirme-que-les-etats-unis-et-linde-poursuivent-les-negociations-pour-lever-les-barrieres-commerciales","status":"publish","type":"post","link":"https:\/\/www.europesays.com\/fr\/378728\/","title":{"rendered":"Trump affirme que les \u00c9tats-Unis et l&rsquo;Inde poursuivent les n\u00e9gociations pour lever les barri\u00e8res commerciales"},"content":{"rendered":"<p class=\"txt-s3 my-0\"><b>Another One Bites the Dust<\/b><\/p>\n<p class=\" mt-10 mb-0 txt-overflow-4\">\n                            La France continue d&rsquo;animer les march\u00e9s, fa\u00e7on th\u00e9\u00e2tre de boulevard. Le Parlement n&rsquo;a pas accord\u00e9 sa confiance au gouvernement. Emmanuel Macron va devoir remplacer Fran\u00e7ois Bayrou, dont le coup de poker s&rsquo;est transform\u00e9 en d\u00e9sastre politique. Les march\u00e9s financiers n&rsquo;en ont pas grand-chose \u00e0 faire pour l&rsquo;instant. Wall Street moins que les autres, puisque les indices y battent r\u00e9guli\u00e8rement des records.\n                    <\/p>\n","protected":false},"excerpt":{"rendered":"Another One Bites the Dust La France continue d&rsquo;animer les march\u00e9s, fa\u00e7on th\u00e9\u00e2tre de boulevard. Le Parlement n&rsquo;a&hellip;\n","protected":false},"author":2,"featured_media":2490,"comment_status":"","ping_status":"","sticky":false,"template":"","format":"standard","meta":{"footnotes":""},"categories":[1589],"tags":[11,340,73,1866,12,1864,1865,1863,308],"class_list":{"0":"post-378728","1":"post","2":"type-post","3":"status-publish","4":"format-standard","5":"has-post-thumbnail","7":"category-etats-unis","8":"tag-actualites","9":"tag-bourse","10":"tag-etats-unis","11":"tag-etats-unis-damerique","12":"tag-news","13":"tag-united-states","14":"tag-united-states-of-america","15":"tag-us","16":"tag-usa"},"share_on_mastodon":{"url":"https:\/\/pubeurope.com\/@fr\/115176560652147323","error":""},"_links":{"self":[{"href":"https:\/\/www.europesays.com\/fr\/wp-json\/wp\/v2\/posts\/378728","targetHints":{"allow":["GET"]}}],"collection":[{"href":"https:\/\/www.europesays.com\/fr\/wp-json\/wp\/v2\/posts"}],"about":[{"href":"https:\/\/www.europesays.com\/fr\/wp-json\/wp\/v2\/types\/post"}],"author":[{"embeddable":true,"href":"https:\/\/www.europesays.com\/fr\/wp-json\/wp\/v2\/users\/2"}],"replies":[{"embeddable":true,"href":"https:\/\/www.europesays.com\/fr\/wp-json\/wp\/v2\/comments?post=378728"}],"version-history":[{"count":0,"href":"https:\/\/www.europesays.com\/fr\/wp-json\/wp\/v2\/posts\/378728\/revisions"}],"wp:featuredmedia":[{"embeddable":true,"href":"https:\/\/www.europesays.com\/fr\/wp-json\/wp\/v2\/media\/2490"}],"wp:attachment":[{"href":"https:\/\/www.europesays.com\/fr\/wp-json\/wp\/v2\/media?parent=378728"}],"wp:term":[{"taxonomy":"category","embeddable":true,"href":"https:\/\/www.europesays.com\/fr\/wp-json\/wp\/v2\/categories?post=378728"},{"taxonomy":"post_tag","embeddable":true,"href":"https:\/\/www.europesays.com\/fr\/wp-json\/wp\/v2\/tags?post=378728"}],"curies":[{"name":"wp","href":"https:\/\/api.w.org\/{rel}","templated":true}]}}