{"id":378731,"date":"2025-09-09T21:54:11","date_gmt":"2025-09-09T21:54:11","guid":{"rendered":"https:\/\/www.europesays.com\/fr\/378731\/"},"modified":"2025-09-09T21:54:11","modified_gmt":"2025-09-09T21:54:11","slug":"lallemagne-presse-lue-dassouplir-linterdiction-de-vente-des-voitures-thermiques-en-2035-actualites","status":"publish","type":"post","link":"https:\/\/www.europesays.com\/fr\/378731\/","title":{"rendered":"L&rsquo;Allemagne presse l&rsquo;UE d&rsquo;assouplir l&rsquo;interdiction de vente des voitures thermiques en 2035 : Actualit\u00e9s"},"content":{"rendered":"<p class=\"lead \">Le chancelier allemand Friedrich Merz a r\u00e9clam\u00e9 mardi plus de \u00ab\u00a0flexibilit\u00e9\u00a0\u00bb dans la r\u00e9glementation europ\u00e9enne qui pr\u00e9voit une interdiction des ventes de voitures thermiques apr\u00e8s 2035, un calendrier d\u00e9cri\u00e9 par l&rsquo;industrie automobile, secteur-cl\u00e9 plong\u00e9 dans la crise.<\/p>\n<p class=\"lead \">\u00ab\u00a0Nous tenons bien s\u00fbr fondamentalement \u00e0 la transition vers la mobilit\u00e9 \u00e9lectrique\u00a0\u00bb, mais \u00ab\u00a0il nous faut une r\u00e9glementation europ\u00e9enne intelligente, fiable et souple\u00a0\u00bb, a d\u00e9clar\u00e9 le chancelier, en inaugurant le salon international de l&rsquo;automobile \u00e0 Munich.<\/p>\n<p class=\"lead \">Lors de son tour du salon le faisant passer par le stand de l&rsquo;\u00e9quipementier allemand Mahle, il a insist\u00e9 : \u00ab\u00a0ce que nous devons fixer comme objectif, c&rsquo;est la neutralit\u00e9 climatique. Mais c&rsquo;est \u00e0 vos ing\u00e9nieurs et ing\u00e9nieures de trouver le moyen d&rsquo;y parvenir\u00a0\u00bb.<\/p>\n<p class=\"lead \">Le message r\u00e9sonne aupr\u00e8s des g\u00e9ants allemands BMW, Mercedes et Volkswagen, qui remettent ouvertement en cause l&rsquo;objectif de 2035 fix\u00e9 par Bruxelles.<\/p>\n<p class=\"lead \">Devant le chancelier, Arnd Franz, PDG de Mahle, a exhort\u00e9 Bruxelles \u00e0 \u00ab\u00a0laisser de la libert\u00e9 aux id\u00e9es et \u00e0 la concurrence des technologies\u00a0\u00bb.<\/p>\n<p class=\"lead \">M. Merz a confirm\u00e9 ses r\u00e9serves sur le choix d\u2019une seule technologie pour mener \u00e0 bien la transition climatique. Celle-ci doit se produire, selon lui, de la mani\u00e8re la plus rentable possible en restant flexible sur les technologies.<\/p>\n<p class=\"lead \">Le secteur de l&rsquo;auto mise sur l&rsquo;\u00e9lectrique, mais estime que le virage, en termes de ventes de mod\u00e8les neufs en Europe, est trop lent pour atteindre pleinement le cap fix\u00e9 d&rsquo;ici 10 ans.<\/p>\n<p class=\"lead \">&#8211; Concurrence chinoise &#8211;<\/p>\n<p class=\"lead \">Plus de 150 entreprises &#8211; constructeurs de v\u00e9hicules \u00e9lectriques, fabricants de batteries ou op\u00e9rateurs de recharge &#8211; voient les choses diff\u00e9remment, exhortant lundi la pr\u00e9sidente de la Commission europ\u00e9enne \u00e0 \u00ab\u00a0ne pas reculer\u00a0\u00bb.<\/p>\n<p class=\"lead \">Au sein de la coalition au pouvoir \u00e0 Berlin, le parti social-d\u00e9mocrate (SPD) a mis en garde mardi contre un recul sur les objectifs climatiques.<\/p>\n<p class=\"lead \">\u00ab\u00a0Remettre en question la sortie des moteurs thermiques met en danger la comp\u00e9titivit\u00e9 \u00e0 long terme et d\u00e9stabilise notre \u00e9conomie\u00a0\u00bb, a d\u00e9clar\u00e9 Armand Zorn, vice-pr\u00e9sident du groupe SPD au Bundestag.<\/p>\n<p class=\"lead \">Les constructeurs europ\u00e9ens rencontreront vendredi Ursula von der Leyen \u00e0 Bruxelles pour discuter de l&rsquo;avenir du secteur face aux d\u00e9fis de l&rsquo;\u00e9lectrification, de la concurrence et des tensions commerciales.<\/p>\n<p class=\"lead \">Jan Vlasak, 35 ans, qui travaille chez un constructeur allemand dont il ne veut pas dire le nom, dit esp\u00e9rer que l&rsquo;UE c\u00e8dera.<\/p>\n<p class=\"lead \">\u00ab\u00a0Je pense que (la date de 2035) devrait \u00eatre revue, repouss\u00e9e de cinq ou dix ans, ce serait bien\u00a0\u00bb, confie-t-il \u00e0 l&rsquo;AFP, dans les couloirs du salon. <\/p>\n<p class=\"lead \">L&rsquo;\u00e9conomie europ\u00e9enne est \u00ab\u00a0dans une impasse\u00a0\u00bb, contrairement \u00e0 la Chine, ma\u00eetresse dans l&rsquo;art du v\u00e9hicule \u00e9lectrique \u00e0 co\u00fbt raisonnable, abonde Markus Sigmund, employ\u00e9 chez un grand fournisseur. <\/p>\n<p class=\"lead \">Le salon de Munich accueille une centaine d&rsquo;exposants chinois sur environ 700, soit 40% de plus qu&rsquo;en 2023. <\/p>\n<p class=\"lead \">Mais M. Merz n&rsquo;en a visit\u00e9 aucun pendant son passage.<\/p>\n<p class=\"lead \">&#8211; \u00ab\u00a0Mis\u00e9rable\u00a0\u00bb Allemagne &#8211;<\/p>\n<p class=\"lead \">Alors que le g\u00e9ant chinois BYD a pr\u00e9sent\u00e9 sa compacte Dolphin Surf \u00e0 20.000 euros, produite d\u00e8s 2025 en Hongrie pour contourner les droits de douane, Volkswagen a r\u00e9pliqu\u00e9 avec trois marques (VW, Cupra, \u0160koda) et des mod\u00e8les d&rsquo;entr\u00e9e de gamme \u00e0 25.000 euros, qui seront lanc\u00e9s en 2026. <\/p>\n<p class=\"lead \">L&rsquo;objectif ? Capter environ 20% du segment des petites voitures \u00e9lectriques en Europe, soit plusieurs centaines de milliers de v\u00e9hicules par an.<\/p>\n<p class=\"lead \">Un absent de marque \u00e0 Munich: l&rsquo;Am\u00e9ricain Tesla, pr\u00e9sent il y a deux ans, et dont les ventes europ\u00e9ennes, grev\u00e9es par le soutien d&rsquo;Elon Musk \u00e0 l&rsquo;extr\u00eame droite du Vieux Continent, ont chut\u00e9 de 43% au premier semestre. <\/p>\n<p class=\"lead \">M. Merz a rappel\u00e9 la tenue d&rsquo;une prochaine \u00ab\u00a0concertation\u00a0\u00bb sur l&rsquo;avenir de l&rsquo;industrie automobile allemande, impliquant r\u00e9gions et syndicats, alors que le secteur a perdu plus de 50.000 emplois en un an sur un total d&rsquo;environ 800.000, selon EY.<\/p>\n<p class=\"lead \">Volkswagen va se s\u00e9parer de 35.000 employ\u00e9s d&rsquo;ici 2030 et arr\u00eater la production dans deux usines allemandes, quand Porsche, Audi et des centaines de sous-traitants d\u00e9graissent \u00e9galement leurs effectifs.<\/p>\n<p class=\"lead \">\u00ab\u00a0La situation est mis\u00e9rable pour l&rsquo;\u00e9conomie allemande\u00a0\u00bb, r\u00e9sume Ferdinand Dudenh\u00f6ffer, expert du secteur.<\/p>\n<p class=\"small font-weight-bold text-gray3 \"> publi\u00e9 le 9 septembre \u00e0 19h51, AFP<\/p>\n<p>                             Partager<\/p>\n","protected":false},"excerpt":{"rendered":"Le chancelier allemand Friedrich Merz a r\u00e9clam\u00e9 mardi plus de \u00ab\u00a0flexibilit\u00e9\u00a0\u00bb dans la r\u00e9glementation europ\u00e9enne qui pr\u00e9voit une&hellip;\n","protected":false},"author":2,"featured_media":378732,"comment_status":"","ping_status":"","sticky":false,"template":"","format":"standard","meta":{"footnotes":""},"categories":[1587],"tags":[13790,14427,11,672,646,1804,309,1129,1805,1803,1777,674,1801,693,12,1802,1778],"class_list":{"0":"post-378731","1":"post","2":"type-post","3":"status-publish","4":"format-standard","5":"has-post-thumbnail","7":"category-allemagne","8":"tag-conomie","9":"tag-nergie","10":"tag-actualites","11":"tag-allemagne","12":"tag-automobile","13":"tag-bundesrepublik-deutschland","14":"tag-chine","15":"tag-climat","16":"tag-de","17":"tag-deutschland","18":"tag-eu","19":"tag-europe","20":"tag-germany","21":"tag-industrie","22":"tag-news","23":"tag-republique-federale-dallemagne","24":"tag-ue"},"share_on_mastodon":{"url":"https:\/\/pubeurope.com\/@fr\/115176569023803056","error":""},"_links":{"self":[{"href":"https:\/\/www.europesays.com\/fr\/wp-json\/wp\/v2\/posts\/378731","targetHints":{"allow":["GET"]}}],"collection":[{"href":"https:\/\/www.europesays.com\/fr\/wp-json\/wp\/v2\/posts"}],"about":[{"href":"https:\/\/www.europesays.com\/fr\/wp-json\/wp\/v2\/types\/post"}],"author":[{"embeddable":true,"href":"https:\/\/www.europesays.com\/fr\/wp-json\/wp\/v2\/users\/2"}],"replies":[{"embeddable":true,"href":"https:\/\/www.europesays.com\/fr\/wp-json\/wp\/v2\/comments?post=378731"}],"version-history":[{"count":0,"href":"https:\/\/www.europesays.com\/fr\/wp-json\/wp\/v2\/posts\/378731\/revisions"}],"wp:featuredmedia":[{"embeddable":true,"href":"https:\/\/www.europesays.com\/fr\/wp-json\/wp\/v2\/media\/378732"}],"wp:attachment":[{"href":"https:\/\/www.europesays.com\/fr\/wp-json\/wp\/v2\/media?parent=378731"}],"wp:term":[{"taxonomy":"category","embeddable":true,"href":"https:\/\/www.europesays.com\/fr\/wp-json\/wp\/v2\/categories?post=378731"},{"taxonomy":"post_tag","embeddable":true,"href":"https:\/\/www.europesays.com\/fr\/wp-json\/wp\/v2\/tags?post=378731"}],"curies":[{"name":"wp","href":"https:\/\/api.w.org\/{rel}","templated":true}]}}