{"id":378743,"date":"2025-09-09T22:02:13","date_gmt":"2025-09-09T22:02:13","guid":{"rendered":"https:\/\/www.europesays.com\/fr\/378743\/"},"modified":"2025-09-09T22:02:13","modified_gmt":"2025-09-09T22:02:13","slug":"grosse-satisfaction-un-jeune-cadre-du-club-va-prolonger","status":"publish","type":"post","link":"https:\/\/www.europesays.com\/fr\/378743\/","title":{"rendered":"grosse satisfaction, un jeune cadre du club va prolonger"},"content":{"rendered":"<p>Killian Tixeront est sur le point de prolonger son contrat pour deux saisons suppl\u00e9mentaires. Libre l\u2019\u00e9t\u00e9 prochain, le joueur form\u00e9 au club ne se voyait pas ailleurs. L\u2019ASM, de son c\u00f4t\u00e9, tenait absolument \u00e0 le conserver. L\u2019accord est imminent et les discussions ont avanc\u00e9 sans accroc.<\/p>\n<p>\u00a0<\/p>\n<p>Une continuit\u00e9 strat\u00e9gique<\/p>\n<p>Apr\u00e8s la prolongation du capitaine Baptiste Jauneau, c\u2019est un autre cadre de la jeune garde qui s\u2019appr\u00eate ainsi \u00e0 rempiler. Tixeront incarne cette g\u00e9n\u00e9ration montante que Clermont veut ancrer dans son projet. Sa fid\u00e9lit\u00e9 au maillot jaune et bleu s\u2019inscrit dans une logique de construction durable.<\/p>\n<p>19<\/p>\n<p>Dimanche, lors de la premi\u00e8re journ\u00e9e de Top 14 face au Stade Toulousain (d\u00e9faite 24-34), Killian Tixeront \u00e9tait titulaire. Une place qu\u2019il occupe r\u00e9guli\u00e8rement depuis la saison pass\u00e9e. Il a disput\u00e9 29 rencontres sous les ordres de Christophe Urios lors de la pr\u00e9c\u00e9dente campagne. Sa r\u00e9gularit\u00e9 a d&rsquo;ailleurs conduit le manager \u00e0 le nommer vice-capitaine tout r\u00e9cemment.<\/p>\n<p>Partagez cette info avec vos amis et vos proches en cliquant ici<br \/>Pour r\u00e9sumer<\/p>\n<p>Killian Tixeront va prolonger deux saisons avec Clermont. Form\u00e9 au club, vice-capitaine et titulaire r\u00e9gulier, il incarne la jeune garde que l\u2019ASM veut stabiliser. L\u2019accord est proche, dans la continuit\u00e9 des prolongations strat\u00e9giques du club.<\/p>\n<p> <img decoding=\"async\" width=\"76\" height=\"76\" loading=\"lazy\" src=\"https:\/\/www.europesays.com\/fr\/wp-content\/uploads\/2025\/04\/avatar-quinze.png\" alt=\"Voldi Fr\u00e9jus\u00a0Hounvio\"\/><\/p>\n","protected":false},"excerpt":{"rendered":"Killian Tixeront est sur le point de prolonger son contrat pour deux saisons suppl\u00e9mentaires. Libre l\u2019\u00e9t\u00e9 prochain, le&hellip;\n","protected":false},"author":2,"featured_media":378744,"comment_status":"","ping_status":"","sticky":false,"template":"","format":"standard","meta":{"footnotes":""},"categories":[1416],"tags":[1011,27,479,1468,60],"class_list":{"0":"post-378743","1":"post","2":"type-post","3":"status-publish","4":"format-standard","5":"has-post-thumbnail","7":"category-rugby","8":"tag-fr","9":"tag-france","10":"tag-rugby","11":"tag-rugby-football","12":"tag-sports"},"share_on_mastodon":{"url":"https:\/\/pubeurope.com\/@fr\/115176599961802673","error":""},"_links":{"self":[{"href":"https:\/\/www.europesays.com\/fr\/wp-json\/wp\/v2\/posts\/378743","targetHints":{"allow":["GET"]}}],"collection":[{"href":"https:\/\/www.europesays.com\/fr\/wp-json\/wp\/v2\/posts"}],"about":[{"href":"https:\/\/www.europesays.com\/fr\/wp-json\/wp\/v2\/types\/post"}],"author":[{"embeddable":true,"href":"https:\/\/www.europesays.com\/fr\/wp-json\/wp\/v2\/users\/2"}],"replies":[{"embeddable":true,"href":"https:\/\/www.europesays.com\/fr\/wp-json\/wp\/v2\/comments?post=378743"}],"version-history":[{"count":0,"href":"https:\/\/www.europesays.com\/fr\/wp-json\/wp\/v2\/posts\/378743\/revisions"}],"wp:featuredmedia":[{"embeddable":true,"href":"https:\/\/www.europesays.com\/fr\/wp-json\/wp\/v2\/media\/378744"}],"wp:attachment":[{"href":"https:\/\/www.europesays.com\/fr\/wp-json\/wp\/v2\/media?parent=378743"}],"wp:term":[{"taxonomy":"category","embeddable":true,"href":"https:\/\/www.europesays.com\/fr\/wp-json\/wp\/v2\/categories?post=378743"},{"taxonomy":"post_tag","embeddable":true,"href":"https:\/\/www.europesays.com\/fr\/wp-json\/wp\/v2\/tags?post=378743"}],"curies":[{"name":"wp","href":"https:\/\/api.w.org\/{rel}","templated":true}]}}