{"id":378747,"date":"2025-09-09T22:05:10","date_gmt":"2025-09-09T22:05:10","guid":{"rendered":"https:\/\/www.europesays.com\/fr\/378747\/"},"modified":"2025-09-09T22:05:10","modified_gmt":"2025-09-09T22:05:10","slug":"motogp-2025-soucis-yamaha-v4-ktm-litalie","status":"publish","type":"post","link":"https:\/\/www.europesays.com\/fr\/378747\/","title":{"rendered":"MotoGP 2025 : Soucis: Yamaha V4, KTM, l\u2019Italie\u2026"},"content":{"rendered":"<p>A sec de victoires ou presque pour les pilotes italiens, pourtant les plus nombreux dans les palmar\u00e8s mondiaux des GP depuis 1949, c&rsquo;est le triste constat de nos confr\u00e8res italiens sur ce d\u00e9but bien avanc\u00e9 de la saison 2025. C&rsquo;est simple, deux victoires en MotoGP seulement, Bagnaia aux USA et Bezzecchi en Angleterre, on pourrait ajouter qu&rsquo;elles sont dues \u00e0 des d\u00e9faillances, celle de Marquez qui chute \u00e0 Austin, celle de Quartararo en carafe alors qu&rsquo;il m\u00e8ne \u00e0 Silverstone. Mais une course ce n&rsquo;est pas des \u00ab Si \u00bb c&rsquo;est un drapeau \u00e0 damiers. Ce qui est incroyable en fait c&rsquo;est que la France avec ses deux malheureux pilotes en MotoGP, avec la victoire de Zarco au Mans, fait 50% du r\u00e9sultat des Italiens ! On rappelle alors qu&rsquo;en MotoGP, il y a neuf Espagnols titulaires, six Italiens, deux Fran\u00e7ais, un N\u00e9o Z&rsquo;, un Tha\u00ef, un Australien, un Japonais, un Portugais. Donc majorit\u00e9 espagnole relative, mais sur quinze GP, douze ont \u00e9t\u00e9 gagn\u00e9s par l&rsquo;Espagne, deux par l&rsquo;Italie, un par la France. On ne parle pas des sprints qui ne sont pas compt\u00e9s dans les palmar\u00e8s, juste dans les points. On notera juste que ces douze victoires espagnoles, il y en a onze pour Marc Marquez et deux pour son fr\u00e8re. Gros ph\u00e9nom\u00e8ne de concentration familiale ! Pire, en Moto2 et Moto3, aucune victoire italienne&#8230; Rappel, aucun pilote fran\u00e7ais dans les deux cylindr\u00e9es. Le Moto2 n&rsquo;a que deux pilotes italiens, Arbolino et Vietti, plus de toute premi\u00e8re fra\u00eecheur, pour douze Espagnols&#8230; Espagnols qui ne sont que un et deux au g\u00e9n\u00e9ral, devant le Br\u00e9silien Moreira&#8230; Pas de victoire italienne non plus en Moto3, qui est la cylindr\u00e9e de l&rsquo;avenir, \u00e0 laquelle d&rsquo;ailleurs Dorna s&rsquo;int\u00e9resse si peu ! Sept pilotes italiens titulaires, contre sept Espagnols ! Mais cinq Espagnols en t\u00eate au g\u00e9n\u00e9ral, le premier italien, Foggia, encore un vioque, est douze ! En effet, l&rsquo;Italie a de quoi s&rsquo;inqui\u00e9ter, c&rsquo;est une sorte de naufrage. <strong>Aiuto<\/strong> ! Au secours !<\/p>\n","protected":false},"excerpt":{"rendered":"A sec de victoires ou presque pour les pilotes italiens, pourtant les plus nombreux dans les palmar\u00e8s mondiaux&hellip;\n","protected":false},"author":2,"featured_media":378748,"comment_status":"","ping_status":"","sticky":false,"template":"","format":"standard","meta":{"footnotes":""},"categories":[1413],"tags":[1011,27,1457,1456,60],"class_list":{"0":"post-378747","1":"post","2":"type-post","3":"status-publish","4":"format-standard","5":"has-post-thumbnail","7":"category-moto","8":"tag-fr","9":"tag-france","10":"tag-moto","11":"tag-motocycle","12":"tag-sports"},"share_on_mastodon":{"url":"https:\/\/pubeurope.com\/@fr\/115176611730728163","error":""},"_links":{"self":[{"href":"https:\/\/www.europesays.com\/fr\/wp-json\/wp\/v2\/posts\/378747","targetHints":{"allow":["GET"]}}],"collection":[{"href":"https:\/\/www.europesays.com\/fr\/wp-json\/wp\/v2\/posts"}],"about":[{"href":"https:\/\/www.europesays.com\/fr\/wp-json\/wp\/v2\/types\/post"}],"author":[{"embeddable":true,"href":"https:\/\/www.europesays.com\/fr\/wp-json\/wp\/v2\/users\/2"}],"replies":[{"embeddable":true,"href":"https:\/\/www.europesays.com\/fr\/wp-json\/wp\/v2\/comments?post=378747"}],"version-history":[{"count":0,"href":"https:\/\/www.europesays.com\/fr\/wp-json\/wp\/v2\/posts\/378747\/revisions"}],"wp:featuredmedia":[{"embeddable":true,"href":"https:\/\/www.europesays.com\/fr\/wp-json\/wp\/v2\/media\/378748"}],"wp:attachment":[{"href":"https:\/\/www.europesays.com\/fr\/wp-json\/wp\/v2\/media?parent=378747"}],"wp:term":[{"taxonomy":"category","embeddable":true,"href":"https:\/\/www.europesays.com\/fr\/wp-json\/wp\/v2\/categories?post=378747"},{"taxonomy":"post_tag","embeddable":true,"href":"https:\/\/www.europesays.com\/fr\/wp-json\/wp\/v2\/tags?post=378747"}],"curies":[{"name":"wp","href":"https:\/\/api.w.org\/{rel}","templated":true}]}}