{"id":378749,"date":"2025-09-09T22:06:18","date_gmt":"2025-09-09T22:06:18","guid":{"rendered":"https:\/\/www.europesays.com\/fr\/378749\/"},"modified":"2025-09-09T22:06:18","modified_gmt":"2025-09-09T22:06:18","slug":"le-livre-quil-faut-lire-sur-les-jeunes-annees-du-champion","status":"publish","type":"post","link":"https:\/\/www.europesays.com\/fr\/378749\/","title":{"rendered":"le livre qu\u2019il faut lire sur les jeunes ann\u00e9es du champion"},"content":{"rendered":"<p>C\u2019est un petit bonhomme, mais un sacr\u00e9 bonhomme. Un bonhomme n\u00e9 par hasard en 1955 \u00e0 Lorette dans la Loire, mais qui a grandi et qui s\u2019est construit \u00e0 Saint-Chamond, dans le m\u00eame d\u00e9partement, une ville qui regarde entre Lyon et Saint-Etienne, \u00e0 l\u2019ombre du massif du Pilat et des chemin\u00e9es des usines.<\/p>\n<p>C\u2019est l\u00e0 que tout a commenc\u00e9 pour Alain Prost, qui f\u00eate cette ann\u00e9e ses 70 ans et le 40e anniversaire de son premier titre de champion du monde de Formule\u00a01, remport\u00e9 le 6\u00a0octobre 1985 sur le circuit de Brands Hatch, au Royaume-Uni. Pour ces deux raisons, l\u2019ann\u00e9e 2025 est une ann\u00e9e particuli\u00e8re pour l\u2019ancien pilote, qui&#8230;<\/p>\n","protected":false},"excerpt":{"rendered":"C\u2019est un petit bonhomme, mais un sacr\u00e9 bonhomme. Un bonhomme n\u00e9 par hasard en 1955 \u00e0 Lorette dans&hellip;\n","protected":false},"author":2,"featured_media":378750,"comment_status":"","ping_status":"","sticky":false,"template":"","format":"standard","meta":{"footnotes":""},"categories":[1412],"tags":[1976,1451,1452,1453,1454,1455,1011,27,1686,517,60],"class_list":{"0":"post-378749","1":"post","2":"type-post","3":"status-publish","4":"format-standard","5":"has-post-thumbnail","7":"category-f1","8":"tag-auto-moto","9":"tag-f1","10":"tag-formula-1","11":"tag-formula1","12":"tag-formule-1","13":"tag-formule1","14":"tag-fr","15":"tag-france","16":"tag-import-print","17":"tag-sport","18":"tag-sports"},"share_on_mastodon":{"url":"https:\/\/pubeurope.com\/@fr\/115176615675524872","error":""},"_links":{"self":[{"href":"https:\/\/www.europesays.com\/fr\/wp-json\/wp\/v2\/posts\/378749","targetHints":{"allow":["GET"]}}],"collection":[{"href":"https:\/\/www.europesays.com\/fr\/wp-json\/wp\/v2\/posts"}],"about":[{"href":"https:\/\/www.europesays.com\/fr\/wp-json\/wp\/v2\/types\/post"}],"author":[{"embeddable":true,"href":"https:\/\/www.europesays.com\/fr\/wp-json\/wp\/v2\/users\/2"}],"replies":[{"embeddable":true,"href":"https:\/\/www.europesays.com\/fr\/wp-json\/wp\/v2\/comments?post=378749"}],"version-history":[{"count":0,"href":"https:\/\/www.europesays.com\/fr\/wp-json\/wp\/v2\/posts\/378749\/revisions"}],"wp:featuredmedia":[{"embeddable":true,"href":"https:\/\/www.europesays.com\/fr\/wp-json\/wp\/v2\/media\/378750"}],"wp:attachment":[{"href":"https:\/\/www.europesays.com\/fr\/wp-json\/wp\/v2\/media?parent=378749"}],"wp:term":[{"taxonomy":"category","embeddable":true,"href":"https:\/\/www.europesays.com\/fr\/wp-json\/wp\/v2\/categories?post=378749"},{"taxonomy":"post_tag","embeddable":true,"href":"https:\/\/www.europesays.com\/fr\/wp-json\/wp\/v2\/tags?post=378749"}],"curies":[{"name":"wp","href":"https:\/\/api.w.org\/{rel}","templated":true}]}}