{"id":378757,"date":"2025-09-09T22:11:21","date_gmt":"2025-09-09T22:11:21","guid":{"rendered":"https:\/\/www.europesays.com\/fr\/378757\/"},"modified":"2025-09-09T22:11:21","modified_gmt":"2025-09-09T22:11:21","slug":"emprunter-un-livre-dans-le-metro-voici-le-projet-etonnant-de-cette-ville-pour-relancer-la","status":"publish","type":"post","link":"https:\/\/www.europesays.com\/fr\/378757\/","title":{"rendered":"Emprunter un livre dans le m\u00e9tro\u00a0: voici le projet \u00e9tonnant de cette ville pour relancer la"},"content":{"rendered":"<tr wp_automatic_readability=\"2.9338235294118\">\n<td valign=\"middle\" align=\"center\" class=\"col-logo\">\n    <img decoding=\"async\" src=\"https:\/\/www.europesays.com\/fr\/wp-content\/uploads\/2025\/05\/ouest-france.gif\" alt=\"logo Ouest-France\" height=\"66\"\/><\/p>\n<\/td>\n<td class=\"col-titre\">\n\t\t\tMardi 09 septembre 2025 19:10<br \/>\n\t\t\t<a class=\"icon-bulle sizeL count\" href=\"#ancreAvis\"><br \/>\n\t&#8230;<br \/>\n<\/a><\/td>\n<\/tr>\n<p>\t\t<a class=\"mavillebox2 elmt-photo\" href=\"https:\/\/maville.com\/photosmvi\/2025\/09\/09\/P35451823D6967778G.jpg\" title=\" La biblioth\u00e8que Metroteka dispose d\u2019un grand choix de livres disponibles \u00e0 tous les visiteurs.  \u00a9  Photo\u00a0: BIBLIOTH\u00c8QUE PUBLIQUE DU QUARTIER DE TARG\u00d3WEK DE LA CAPITALE DE VARSOVIE  &lt;!--TAG-BLC credit--&gt;\" rel=\"galerie_actu noopener\" target=\"_blank\"><br \/>\n\t<img decoding=\"async\" src=\"https:\/\/www.europesays.com\/fr\/wp-content\/uploads\/2025\/09\/P35451823D6967778G_crop_640-330_.jpg\" alt=\"photo  la biblioth\u00e8que metroteka dispose d\u2019un grand choix de livres disponibles \u00e0 tous les visiteurs.  \u00a9  photo\u00a0: biblioth\u00e8que publique du quartier de targ\u00f3wek de la capitale de varsovie \"\/><br \/>\n\t2<br \/>\n<\/a><\/p>\n<p class=\"elmt-legende\"> La biblioth\u00e8que Metroteka dispose d\u2019un grand choix de livres disponibles \u00e0 tous les visiteurs.  \u00a9  Photo\u00a0: BIBLIOTH\u00c8QUE PUBLIQUE DU QUARTIER DE TARG\u00d3WEK DE LA CAPITALE DE VARSOVIE  <\/p>\n<p><a class=\"mavillebox2\" href=\"https:\/\/maville.com\/photosmvi\/2025\/09\/09\/P35451824D6967778G.jpg\" title=\"le mur v\u00e9g\u00e9tal hydroponique am\u00e8ne de la fra\u00eecheur et une odeur de nature dans les souterrains polonais. \u00a9  photo\u00a0: biblioth\u00e8que publique du quartier de targ\u00f3wek de la capitale de varsovie \" rel=\"galerie_actu noopener\" target=\"_blank\"><\/p>\n<p>\t\tLe 4\u00a0septembre 2025, la ville de Varsovie en Pologne a inaugur\u00e9 Metroteka, une biblioth\u00e8que souterraine nich\u00e9e en plein c\u0153ur d\u2019une station de m\u00e9tro. Elle permet aux habitants de louer des livres gr\u00e2ce \u00e0 une technologie de pointe, de profiter d\u2019espaces de d\u00e9tente ou encore de boire un caf\u00e9 gratuitement. Une initiative prise pour relancer l\u2019attrait \u00e0 la lecture et, en baisse constante depuis plusieurs ann\u00e9es.<\/p>\n<p>\t\t Par Arthur CHARLIER. \u00a0\u00a0<br \/>\n\t\tOuest-France\u00a0\u00a0<\/p>\n<p>\t\t&#13;<\/p>\n","protected":false},"excerpt":{"rendered":"Mardi 09 septembre 2025 19:10 &#8230; 2 La biblioth\u00e8que Metroteka dispose d\u2019un grand choix de livres disponibles \u00e0&hellip;\n","protected":false},"author":2,"featured_media":378758,"comment_status":"","ping_status":"","sticky":false,"template":"","format":"standard","meta":{"footnotes":""},"categories":[1357],"tags":[1379,58,51214,59,51215,1011,27,2046,2003,1380,4047,766,1095,15886,4824],"class_list":{"0":"post-378757","1":"post","2":"type-post","3":"status-publish","4":"format-standard","5":"has-post-thumbnail","7":"category-livres","8":"tag-books","9":"tag-divertissement","10":"tag-emprunter","11":"tag-entertainment","12":"tag-etonnant","13":"tag-fr","14":"tag-france","15":"tag-lecture","16":"tag-livre","17":"tag-livres","18":"tag-metro","19":"tag-nantes","20":"tag-projet","21":"tag-relancer","22":"tag-ville"},"share_on_mastodon":{"url":"https:\/\/pubeurope.com\/@fr\/115176635724914409","error":""},"_links":{"self":[{"href":"https:\/\/www.europesays.com\/fr\/wp-json\/wp\/v2\/posts\/378757","targetHints":{"allow":["GET"]}}],"collection":[{"href":"https:\/\/www.europesays.com\/fr\/wp-json\/wp\/v2\/posts"}],"about":[{"href":"https:\/\/www.europesays.com\/fr\/wp-json\/wp\/v2\/types\/post"}],"author":[{"embeddable":true,"href":"https:\/\/www.europesays.com\/fr\/wp-json\/wp\/v2\/users\/2"}],"replies":[{"embeddable":true,"href":"https:\/\/www.europesays.com\/fr\/wp-json\/wp\/v2\/comments?post=378757"}],"version-history":[{"count":0,"href":"https:\/\/www.europesays.com\/fr\/wp-json\/wp\/v2\/posts\/378757\/revisions"}],"wp:featuredmedia":[{"embeddable":true,"href":"https:\/\/www.europesays.com\/fr\/wp-json\/wp\/v2\/media\/378758"}],"wp:attachment":[{"href":"https:\/\/www.europesays.com\/fr\/wp-json\/wp\/v2\/media?parent=378757"}],"wp:term":[{"taxonomy":"category","embeddable":true,"href":"https:\/\/www.europesays.com\/fr\/wp-json\/wp\/v2\/categories?post=378757"},{"taxonomy":"post_tag","embeddable":true,"href":"https:\/\/www.europesays.com\/fr\/wp-json\/wp\/v2\/tags?post=378757"}],"curies":[{"name":"wp","href":"https:\/\/api.w.org\/{rel}","templated":true}]}}