{"id":378759,"date":"2025-09-09T22:12:26","date_gmt":"2025-09-09T22:12:26","guid":{"rendered":"https:\/\/www.europesays.com\/fr\/378759\/"},"modified":"2025-09-09T22:12:26","modified_gmt":"2025-09-09T22:12:26","slug":"remplacante-de-cherie-25-rmc-life-doit-etre-lancee-le-1er-octobre","status":"publish","type":"post","link":"https:\/\/www.europesays.com\/fr\/378759\/","title":{"rendered":"Rempla\u00e7ante de Ch\u00e9rie 25, RMC Life doit \u00eatre lanc\u00e9e le 1er\u00a0octobre"},"content":{"rendered":"<p class=\"paragraph text_align_left lp-f-body-02\">Fini les tunnels de rediffusions de \u00ab Snapped : les femmes tueuses \u00bb ou de \u00ab Demeures XXL : la r\u00e9novation d\u2019une vie \u00bb, qui remplissaient une bonne partie de la grille de Ch\u00e9rie 25. D\u00e8s le 1er octobre, RMC Life prendra la rel\u00e8ve du canal 25. En tout cas si l\u2019Arcom donne son feu au rachat de la cha\u00eene du groupe NRJ par le groupe CMA-CGM de <a href=\"https:\/\/www.leparisien.fr\/culture-loisirs\/tv\/si-saade-voulait-mettre-le-feu-apres-leur-rachat-surprise-semaine-de-montagnes-russes-a-bfmtv-et-rmc-23-03-2024-QDBMIGUUHZFAFKORW2X2O23WSE.php\" target=\"_blank\" rel=\"noreferrer nofollow noopener\">Rodolphe Saad\u00e9<\/a>, d\u00e9j\u00e0 propri\u00e9taire de RMC et BFMTV. La d\u00e9cision des Sages est attendue le 17 septembre.<\/p>\n<p class=\"paragraph text_align_left lp-f-body-02\">Mais RMC Life s\u2019organise d\u2019ores et d\u00e9j\u00e0. Ce mardi, elle a communiqu\u00e9 sa toute premi\u00e8re grille de programmes au cas o\u00f9 elle obtiendrait bien le pr\u00e9cieux s\u00e9same. Avec un retour surprise, celui de \u00ab Sept \u00e0 la maison \u00bb, s\u00e9rie am\u00e9ricaine culte des ann\u00e9es 1990 dont une nouvelle version est actuellement mise en chantier par la cha\u00eene CBS. Tous les matins, RMC Life codiffusera \u00ab Good Morning Business \u00bb, la matinale de la radio BFM Business de Laure Closier, avant des rediffusions de \u00ab Faites entrer l\u2019accus\u00e9 \u00bb, p\u00e9riode Fr\u00e9d\u00e9rique Lantieri.<\/p>\n<p>Programmes in\u00e9dits avec des incarnations fortes<\/p>\n<p class=\"paragraph text_align_left lp-f-body-02\">Car RMC Life entend conserver le cr\u00e9neau de cha\u00eene \u00e0 destination du public f\u00e9minin, incarn\u00e9e par des femmes. Pour ses trois premi\u00e8res soir\u00e9es, RMC Life proposera \u00ab Miss D\u00e9tective \u00bb, film avec Sandra Bullock, \u00ab la Revanche d\u2019une blonde \u00bb avec Reese Witherspoon et la s\u00e9rie \u00ab Castle \u00bb. Mais le vrai lancement de RMC Life aura lieu mi-octobre, une fois l\u2019agr\u00e9ment du gendarme de l\u2019audiovisuel en poche.<\/p>\n<p class=\"paragraph text_align_left lp-f-body-02\">La cha\u00eene promet alors des programmes in\u00e9dits avec des incarnations fortes qu\u2019elle ne souhaite pas divulguer avant une conf\u00e9rence de presse pr\u00e9vue ces prochains jours. Cet \u00e9t\u00e9, le site CGTV indiquait que <a href=\"https:\/\/www.leparisien.fr\/culture-loisirs\/tv\/ca-na-pas-pris-une-ride-lemission-ca-se-discute-bientot-de-retour-sur-rmc-story-avec-estelle-denis-15-03-2025-G7SLH7E3GRGZLH2PZBXBSMXQUU.php\" target=\"_blank\" rel=\"noreferrer nofollow noopener\">la relance tr\u00e8s attendue de \u00ab \u00c7a se discute \u00bb par Estelle Denis<\/a> pourrait justement avoir lieu sur la petite s\u0153ur de RMC Story et RMC D\u00e9couverte. Une arriv\u00e9e plus que plausible. Le reste de la programmation sera d\u00e9voil\u00e9 la semaine prochaine.<\/p>\n","protected":false},"excerpt":{"rendered":"Fini les tunnels de rediffusions de \u00ab Snapped : les femmes tueuses \u00bb ou de \u00ab Demeures XXL&hellip;\n","protected":false},"author":2,"featured_media":378760,"comment_status":"","ping_status":"","sticky":false,"template":"","format":"standard","meta":{"footnotes":""},"categories":[1356],"tags":[872,58,59,1011,27,252,2205,1364],"class_list":{"0":"post-378759","1":"post","2":"type-post","3":"status-publish","4":"format-standard","5":"has-post-thumbnail","7":"category-television","8":"tag-culture-et-loisirs","9":"tag-divertissement","10":"tag-entertainment","11":"tag-fr","12":"tag-france","13":"tag-television","14":"tag-television-medias","15":"tag-tv"},"share_on_mastodon":{"url":"https:\/\/pubeurope.com\/@fr\/115176639715815007","error":""},"_links":{"self":[{"href":"https:\/\/www.europesays.com\/fr\/wp-json\/wp\/v2\/posts\/378759","targetHints":{"allow":["GET"]}}],"collection":[{"href":"https:\/\/www.europesays.com\/fr\/wp-json\/wp\/v2\/posts"}],"about":[{"href":"https:\/\/www.europesays.com\/fr\/wp-json\/wp\/v2\/types\/post"}],"author":[{"embeddable":true,"href":"https:\/\/www.europesays.com\/fr\/wp-json\/wp\/v2\/users\/2"}],"replies":[{"embeddable":true,"href":"https:\/\/www.europesays.com\/fr\/wp-json\/wp\/v2\/comments?post=378759"}],"version-history":[{"count":0,"href":"https:\/\/www.europesays.com\/fr\/wp-json\/wp\/v2\/posts\/378759\/revisions"}],"wp:featuredmedia":[{"embeddable":true,"href":"https:\/\/www.europesays.com\/fr\/wp-json\/wp\/v2\/media\/378760"}],"wp:attachment":[{"href":"https:\/\/www.europesays.com\/fr\/wp-json\/wp\/v2\/media?parent=378759"}],"wp:term":[{"taxonomy":"category","embeddable":true,"href":"https:\/\/www.europesays.com\/fr\/wp-json\/wp\/v2\/categories?post=378759"},{"taxonomy":"post_tag","embeddable":true,"href":"https:\/\/www.europesays.com\/fr\/wp-json\/wp\/v2\/tags?post=378759"}],"curies":[{"name":"wp","href":"https:\/\/api.w.org\/{rel}","templated":true}]}}