{"id":378761,"date":"2025-09-09T22:13:14","date_gmt":"2025-09-09T22:13:14","guid":{"rendered":"https:\/\/www.europesays.com\/fr\/378761\/"},"modified":"2025-09-09T22:13:14","modified_gmt":"2025-09-09T22:13:14","slug":"je-tirerai-ma-reverence-florent-pagny-annonce-quil-arretera-the-voice-apres-la-prochaine-saison","status":"publish","type":"post","link":"https:\/\/www.europesays.com\/fr\/378761\/","title":{"rendered":"\u00ab Je tirerai ma r\u00e9v\u00e9rence \u00bb\u2026 Florent Pagny annonce qu\u2019il arr\u00eatera \u00ab The Voice \u00bb apr\u00e8s la prochaine saison"},"content":{"rendered":"<p class=\"mb-4 text-lg md:leading-8 break-words\"><strong>FAUTEUIL VIDE &#8211; Le chanteur a toutefois fait savoir qu\u2019il ne fermait pas la porte \u00e0 un retour d\u2019ici quelques ann\u00e9es<\/strong><\/p>\n<p class=\"mb-4 text-lg md:leading-8 break-words\">Il ne tr\u00f4nera bient\u00f4t plus dans son fauteuil rouge\u00a0: le chanteur <a href=\"https:\/\/www.20minutes.fr\/dossier\/florent_pagny?at_medium=RSS%20feed&amp;at_campaign=ynews&amp;utm_source=yahoo&amp;utm_medium=rss&amp;utm_campaign=news_feed&amp;utm_content=in_article_link\" rel=\"nofollow noopener\" target=\"_blank\" data-ylk=\"slk:Florent Pagny;elm:context_link;itc:0;sec:content-canvas\" class=\"link \">Florent Pagny<\/a> quittera l\u2019\u00e9mission <a href=\"https:\/\/www.20minutes.fr\/television\/the-voice\/?at_medium=RSS%20feed&amp;at_campaign=ynews&amp;utm_source=yahoo&amp;utm_medium=rss&amp;utm_campaign=news_feed&amp;utm_content=in_article_link\" rel=\"nofollow noopener\" target=\"_blank\" data-ylk=\"slk:The Voice;elm:context_link;itc:0;sec:content-canvas\" class=\"link \">The Voice<\/a>, dont il est l\u2019un des coachs historiques, \u00e0 l\u2019issue de la saison 15 que diffusera <a href=\"https:\/\/www.20minutes.fr\/dossier\/tf1?at_medium=RSS%20feed&amp;at_campaign=ynews&amp;utm_source=yahoo&amp;utm_medium=rss&amp;utm_campaign=news_feed&amp;utm_content=in_article_link\" rel=\"nofollow noopener\" target=\"_blank\" data-ylk=\"slk:TF1;elm:context_link;itc:0;sec:content-canvas\" class=\"link \">TF1<\/a> en\u00a02006, a-t-il d\u00e9clar\u00e9, lundi 8\u00a0septembre 2025, <a href=\"https:\/\/www.programme-television.org\/news\/tv\/emissions-tele\/apres-je-tirerai-ma-reverence-florent-pagny-de-retour-dans-the-voice-2026-4745087?at_medium=RSS%20feed&amp;at_campaign=ynews&amp;utm_source=yahoo&amp;utm_medium=rss&amp;utm_campaign=news_feed&amp;utm_content=in_article_link\" rel=\"nofollow noopener\" target=\"_blank\" data-ylk=\"slk:\u00e0 T\u00e9l\u00e9 7 Jours;elm:context_link;itc:0;sec:content-canvas\" class=\"link \">\u00e0 T\u00e9l\u00e9 7 Jours<\/a>.<\/p>\n<p class=\"mb-4 text-lg md:leading-8 break-words\">\u00ab\u00a0Je vais faire cette quinzi\u00e8me saison, et apr\u00e8s je tirerai ma r\u00e9v\u00e9rence [\u2026] je laisserai tout le monde tranquille pendant longtemps\u00a0\u00bb, a ajout\u00e9 Florent Pagny, sans pr\u00e9ciser les motifs qui l\u2019avaient pouss\u00e9 \u00e0 prendre une telle d\u00e9cision.<\/p>\n<p>La porte reste ouverte<\/p>\n<p class=\"mb-4 text-lg md:leading-8 break-words\">Pourrait-il s\u2019agir de probl\u00e8mes de <a href=\"https:\/\/www.20minutes.fr\/sante\/?at_medium=RSS%20feed&amp;at_campaign=ynews&amp;utm_source=yahoo&amp;utm_medium=rss&amp;utm_campaign=news_feed&amp;utm_content=in_article_link\" rel=\"nofollow noopener\" target=\"_blank\" data-ylk=\"slk:sant\u00e9;elm:context_link;itc:0;sec:content-canvas\" class=\"link \">sant\u00e9<\/a>\u00a0? C\u2019est possible, sachant qu\u2019il est atteint d\u2019un <a href=\"https:\/\/www.20minutes.fr\/dossier\/cancer_du_poumon?at_medium=RSS%20feed&amp;at_campaign=ynews&amp;utm_source=yahoo&amp;utm_medium=rss&amp;utm_campaign=news_feed&amp;utm_content=in_article_link\" rel=\"nofollow noopener\" target=\"_blank\" data-ylk=\"slk:cancer du poumon;elm:context_link;itc:0;sec:content-canvas\" class=\"link \">cancer du poumon<\/a> depuis janvier\u00a02022 et que si la maladie a plusieurs fois \u00ab\u00a0recul\u00e9\u00a0\u00bb, le chanteur a \u00e9t\u00e9 <a href=\"https:\/\/www.20minutes.fr\/arts-stars\/people\/4045019-20230710-florent-pagny-confie-recidive-cancer-aujourd-hui-fais-profil-bas?at_medium=RSS%20feed&amp;at_campaign=ynews&amp;utm_source=yahoo&amp;utm_medium=rss&amp;utm_campaign=news_feed&amp;utm_content=in_article_link\" rel=\"nofollow noopener\" target=\"_blank\" data-ylk=\"slk:victime de deux rechutes;elm:context_link;itc:0;sec:content-canvas\" class=\"link \">victime de deux rechutes<\/a> en\u00a02023. Pour autant, il a confi\u00e9 aller \u00ab\u00a0beaucoup mieux\u00a0\u00bb <a href=\"https:\/\/www.bfmtv.com\/people\/j-ai-la-banane-florent-pagny-donne-des-nouvelles-de-sa-sante-deux-ans-apres-la-recidive-de-son-cancer_AN-202509010377.html?at_medium=RSS%20feed&amp;at_campaign=ynews&amp;utm_source=yahoo&amp;utm_medium=rss&amp;utm_campaign=news_feed&amp;utm_content=in_article_link\" rel=\"nofollow noopener\" target=\"_blank\" data-ylk=\"slk:\u00e0 BFMTV;elm:context_link;itc:0;sec:content-canvas\" class=\"link \">\u00e0 BFMTV<\/a>, le 31\u00a0ao\u00fbt 2025.<\/p>\n<p class=\"mb-4 text-lg md:leading-8 break-words\">En tout cas, l\u2019interpr\u00e8te de l\u2019inoubliable <a href=\"https:\/\/www.youtube.com\/watch?v=g-gh2hIRhkc&amp;at_medium=RSS%20feed&amp;at_campaign=ynews&amp;utm_source=yahoo&amp;utm_medium=rss&amp;utm_campaign=news_feed&amp;utm_content=in_article_link\" rel=\"nofollow noopener\" target=\"_blank\" data-ylk=\"slk:Savoir aimer;elm:context_link;itc:0;sec:content-canvas\" class=\"link \">Savoir aimer<\/a> assure que son \u00e9loignement des plateaux de The Voice n\u2019est pas d\u00e9finitif\u00a0: \u00ab\u00a0par respect pour tout ce qui s\u2019est pass\u00e9 [\u2026] s\u2019ils sont capables de tenir encore et d\u2019aller jusqu\u2019\u00e0 la 20e saison [qui serait alors diffus\u00e9e en\u00a02031], l\u00e0, je reviendrai\u00a0\u00bb.<\/p>\n<p><a href=\"https:\/\/www.20minutes.fr\/dossier\/florent_pagny\" rel=\"nofollow noopener\" target=\"_blank\" data-ylk=\"slk:Notre dossier \u00ab Florent Pagny \u00bb;elm:context_link;itc:0;sec:content-canvas\" class=\"link \">Notre dossier \u00ab Florent Pagny \u00bb<\/a><\/p>\n<p class=\"mb-4 text-lg md:leading-8 break-words\">Pour rappel, le chanteur de 63 ans a d\u00e9j\u00e0 particip\u00e9 11 fois \u00e0 l\u2019\u00e9mission pr\u00e9sent\u00e9e par <a href=\"https:\/\/www.20minutes.fr\/dossier\/nikos_aliagas?at_medium=RSS%20feed&amp;at_campaign=ynews&amp;utm_source=yahoo&amp;utm_medium=rss&amp;utm_campaign=news_feed&amp;utm_content=in_article_link\" rel=\"nofollow noopener\" target=\"_blank\" data-ylk=\"slk:Nikos Aliagas;elm:context_link;itc:0;sec:content-canvas\" class=\"link \">Nikos Aliagas<\/a>, qu\u2019il a d\u2019ailleurs remport\u00e9e \u00e0 six reprises. The Voice version 2026 devrait rentrer en production d\u00e8s l\u2019automne\u00a02025\u00a0; avec Florent Pagny, donc,<a href=\"https:\/\/www.20minutes.fr\/dossier\/zaz?at_medium=RSS%20feed&amp;at_campaign=ynews&amp;utm_source=yahoo&amp;utm_medium=rss&amp;utm_campaign=news_feed&amp;utm_content=in_article_link\" rel=\"nofollow noopener\" target=\"_blank\" data-ylk=\"slk:Zaz;elm:context_link;itc:0;sec:content-canvas\" class=\"link \"> Zaz<\/a> et Patricia Kaas\u2026 mais sans <a href=\"https:\/\/www.20minutes.fr\/arts-stars\/people\/vianney-bureau\/?at_medium=RSS%20feed&amp;at_campaign=ynews&amp;utm_source=yahoo&amp;utm_medium=rss&amp;utm_campaign=news_feed&amp;utm_content=in_article_link\" rel=\"nofollow noopener\" target=\"_blank\" data-ylk=\"slk:Vianney;elm:context_link;itc:0;sec:content-canvas\" class=\"link \">Vianney<\/a>, occup\u00e9 <a href=\"https:\/\/www.20minutes.fr\/arts-stars\/people\/4166085-20250731-vianney-lance-tutos-construction-cabane?at_medium=RSS%20feed&amp;at_campaign=ynews&amp;utm_source=yahoo&amp;utm_medium=rss&amp;utm_campaign=news_feed&amp;utm_content=in_article_link\" rel=\"nofollow noopener\" target=\"_blank\" data-ylk=\"slk:par de nouveaux projets;elm:context_link;itc:0;sec:content-canvas\" class=\"link \">par de nouveaux projets<\/a>.<\/p>\n<p class=\"mb-4 text-lg md:leading-8 break-words\"><a href=\"https:\/\/www.20minutes.fr\/arts-stars\/people\/4172055-20250909-tirerai-reverence-florent-pagny-annonce-arretera-the-voice-apres-prochaine-saison?at_medium=RSS%20feed&amp;at_campaign=ynews&amp;utm_source=yahoo&amp;utm_medium=rss&amp;utm_campaign=news_feed&amp;utm_content=read_more_link&quot;\" rel=\"nofollow noopener\" target=\"_blank\" data-ylk=\"slk:Lire la suite sur 20minutes;elm:context_link;itc:0;sec:content-canvas\" class=\"link \">Lire la suite sur 20minutes<\/a><\/p>\n<p>\u00c0 lire aussi :<br \/><a href=\"https:\/\/www.20minutes.fr\/arts-stars\/television\/the-voice\/4147228-20250406-the-voice-florent-pagny-cree-surprise-prend-decision-radicale-inedite?at_medium=RSS%20feed&amp;at_campaign=ynews&amp;utm_source=yahoo&amp;utm_medium=rss&amp;utm_campaign=news_feed&amp;utm_content=related_content_link\" rel=\"nofollow noopener\" target=\"_blank\" data-ylk=\"slk:\u00ab\u00a0The Voice\u00a0\u00bb\u00a0: Florent Pagny cr\u00e9e la surprise et prend une d\u00e9cision radicale (et in\u00e9dite);elm:context_link;itc:0;sec:content-canvas\" class=\"link \">\u00ab\u00a0The Voice\u00a0\u00bb\u00a0: Florent Pagny cr\u00e9e la surprise et prend une d\u00e9cision radicale (et in\u00e9dite)<\/a><br \/><a href=\"https:\/\/www.20minutes.fr\/arts-stars\/television\/the-voice\/4150558-20250427-the-voice-4-finalistes-14e-saison?at_medium=RSS%20feed&amp;at_campaign=ynews&amp;utm_source=yahoo&amp;utm_medium=rss&amp;utm_campaign=news_feed&amp;utm_content=related_content_link\" rel=\"nofollow noopener\" target=\"_blank\" data-ylk=\"slk:\u00ab\u00a0The Voice\u00a0\u00bb\u00a0: Qui sont les 4 finalistes de la 14e saison\u00a0?;elm:context_link;itc:0;sec:content-canvas\" class=\"link \">\u00ab\u00a0The Voice\u00a0\u00bb\u00a0: Qui sont les 4 finalistes de la 14e saison\u00a0?<\/a><\/p>\n","protected":false},"excerpt":{"rendered":"FAUTEUIL VIDE &#8211; Le chanteur a toutefois fait savoir qu\u2019il ne fermait pas la porte \u00e0 un retour&hellip;\n","protected":false},"author":2,"featured_media":378762,"comment_status":"","ping_status":"","sticky":false,"template":"","format":"standard","meta":{"footnotes":""},"categories":[1355],"tags":[58,59,3109,1011,27,4006,1361,873,9576,3074],"class_list":{"0":"post-378761","1":"post","2":"type-post","3":"status-publish","4":"format-standard","5":"has-post-thumbnail","7":"category-musique","8":"tag-divertissement","9":"tag-entertainment","10":"tag-florent-pagny","11":"tag-fr","12":"tag-france","13":"tag-le-chanteur","14":"tag-music","15":"tag-musique","16":"tag-qu","17":"tag-the-voice"},"share_on_mastodon":{"url":"https:\/\/pubeurope.com\/@fr\/115176643248750274","error":""},"_links":{"self":[{"href":"https:\/\/www.europesays.com\/fr\/wp-json\/wp\/v2\/posts\/378761","targetHints":{"allow":["GET"]}}],"collection":[{"href":"https:\/\/www.europesays.com\/fr\/wp-json\/wp\/v2\/posts"}],"about":[{"href":"https:\/\/www.europesays.com\/fr\/wp-json\/wp\/v2\/types\/post"}],"author":[{"embeddable":true,"href":"https:\/\/www.europesays.com\/fr\/wp-json\/wp\/v2\/users\/2"}],"replies":[{"embeddable":true,"href":"https:\/\/www.europesays.com\/fr\/wp-json\/wp\/v2\/comments?post=378761"}],"version-history":[{"count":0,"href":"https:\/\/www.europesays.com\/fr\/wp-json\/wp\/v2\/posts\/378761\/revisions"}],"wp:featuredmedia":[{"embeddable":true,"href":"https:\/\/www.europesays.com\/fr\/wp-json\/wp\/v2\/media\/378762"}],"wp:attachment":[{"href":"https:\/\/www.europesays.com\/fr\/wp-json\/wp\/v2\/media?parent=378761"}],"wp:term":[{"taxonomy":"category","embeddable":true,"href":"https:\/\/www.europesays.com\/fr\/wp-json\/wp\/v2\/categories?post=378761"},{"taxonomy":"post_tag","embeddable":true,"href":"https:\/\/www.europesays.com\/fr\/wp-json\/wp\/v2\/tags?post=378761"}],"curies":[{"name":"wp","href":"https:\/\/api.w.org\/{rel}","templated":true}]}}