{"id":378773,"date":"2025-09-09T22:19:10","date_gmt":"2025-09-09T22:19:10","guid":{"rendered":"https:\/\/www.europesays.com\/fr\/378773\/"},"modified":"2025-09-09T22:19:10","modified_gmt":"2025-09-09T22:19:10","slug":"budget-des-retraites-la-chute-du-gouvernement-bayrou-va-t-elle-bouleverser-vos-finances","status":"publish","type":"post","link":"https:\/\/www.europesays.com\/fr\/378773\/","title":{"rendered":"Budget des retrait\u00e9s : la chute du gouvernement Bayrou va-t-elle bouleverser vos finances ?"},"content":{"rendered":"<p>Effet de surprise, stupeur \u00e0 l&rsquo;Assembl\u00e9e, cha\u00eenes d&rsquo;info en boucle : le 8 septembre 2025 restera dans les m\u00e9moires comme le jour o\u00f9 le gouvernement Bayrou a \u00e9t\u00e9 terrass\u00e9 par un vote de d\u00e9fiance. Depuis, dans les conversations, une question s&rsquo;invite partout, des march\u00e9s de province aux groupes WhatsApp familiaux : cette d\u00e9flagration politique va-t-elle impacter le portefeuille des retrait\u00e9s fran\u00e7ais, d\u00e9j\u00e0 sous tension face \u00e0 l&rsquo;inflation ? Entre projets suspendus, incertitudes budg\u00e9taires et promesses envol\u00e9es, la prudence est de mise. Plong\u00e9e dans ce nouveau casse-t\u00eate du budget des seniors, o\u00f9 tout semblait \u00e9crit\u2026 jusqu&rsquo;\u00e0 ce que le vent tourne brutalement.<\/p>\n<p>Chute du gouvernement Bayrou : ce que cela change dans la vie des retrait\u00e9s<br \/>\n Un tremblement politique aux r\u00e9percussions \u00e9conomiques inattendues<\/p>\n<p>Quand un gouvernement vacille, l&rsquo;onde de choc n&rsquo;\u00e9pargne pas le quotidien, surtout celui des retrait\u00e9s. L&rsquo;\u00e9quipe Bayrou, tomb\u00e9e au lendemain d&rsquo;un vote de d\u00e9fiance, venait d&rsquo;engager la France sur la voie d&rsquo;un plan de rigueur sans pr\u00e9c\u00e9dent. Sa d\u00e9mission a jet\u00e9 un <strong>trouble profond<\/strong>, provoquant une forme d&rsquo;attentisme g\u00e9n\u00e9ralis\u00e9. Pour les retrait\u00e9s, le temps de la certitude para\u00eet d\u00e9sormais bien loin.<\/p>\n<p>En l&rsquo;espace de quelques heures, les mesures pr\u00e9vues pour limiter le d\u00e9ficit public ont \u00e9t\u00e9 <strong>gel\u00e9es<\/strong>, ouvrant la porte \u00e0 une phase transitoire o\u00f9 le flou domine. Concr\u00e8tement, cela signifie que certaines r\u00e8gles budg\u00e9taires annonc\u00e9es disparaissent du paysage, mais que l&rsquo;avenir demeure impr\u00e9visible.<\/p>\n<p>Les premi\u00e8res annonces qui inqui\u00e8tent : quelles promesses en suspens ?<\/p>\n<p>Au c\u0153ur des d\u00e9bats, la fameuse <strong>\u00ab\u00a0ann\u00e9e blanche\u00a0\u00bb<\/strong> destin\u00e9e \u00e0 priver 17 millions de retrait\u00e9s de toute revalorisation de leur pension en 2026. Cette mesure choc, suspendue pour l&rsquo;instant, suscitait une vive inqui\u00e9tude. En th\u00e9orie, un retrait\u00e9 au minimum vieillesse devait perdre pr\u00e8s de 168 euros par an face \u00e0 l&rsquo;inflation pr\u00e9vue. Outre cette \u00ab\u00a0ann\u00e9e blanche\u00a0\u00bb, d&rsquo;autres dispositions pr\u00e9voyant gel du bar\u00e8me fiscal ou r\u00e9forme des abattements tombaient \u00e0 l&rsquo;eau, du moins provisoirement. Mais se r\u00e9jouir serait tirer des conclusions h\u00e2tives\u2026<\/p>\n<p>Les mesures phares pour les seniors : menac\u00e9es ou consolid\u00e9es ?<br \/>\nRetraites et fiscalit\u00e9 : quelles r\u00e9formes pourraient \u00eatre remises en question ?<\/p>\n<p>La strat\u00e9gie budg\u00e9taire du gouvernement Bayrou ciblait frontalement les dispositifs de soutien aux seniors. Outre le gel des retraites, il \u00e9tait question de d\u00e9sindexation totale des <a href=\"https:\/\/journaldesseniors.20minutes.fr\/retraite\/retraites-ne-passez-pas-a-cote-de-vos-droits-sur-la-pension-de-reversion-cette-demarche-aupres-de-lagirc-arrco-est-indispensable\/\" target=\"_blank\" rel=\"noopener\">pensions<\/a> par rapport \u00e0 l&rsquo;inflation, une <strong>petite r\u00e9volution<\/strong> potentiellement d\u00e9sastreuse pour le pouvoir d&rsquo;achat.<\/p>\n<p>Le gel du bar\u00e8me de l&rsquo;imp\u00f4t sur le revenu devait \u00e9galement provoquer l&rsquo;entr\u00e9e dans l&rsquo;imposition de nombreux retrait\u00e9s modestes, tandis que la suppression de l&rsquo;abattement fiscal de 10 % au profit d&rsquo;une <strong>d\u00e9duction forfaitaire unique<\/strong> risquait de p\u00e9naliser, en particulier, les petits revenus. Voici, sous forme de tableau, les principaux changements qui \u00e9taient pr\u00e9vus :<\/p>\n<tr>\nMesure pr\u00e9vue<br \/>\nImpact imm\u00e9diat annul\u00e9<br \/>\nCons\u00e9quence potentielle si appliqu\u00e9e plus tard<br \/>\n<\/tr>\n<tr>\n<td>\u00ab\u00a0Ann\u00e9e blanche\u00a0\u00bb sur pensions<\/td>\n<td>Plus de revalorisation gel\u00e9e en 2026<\/td>\n<td>Perte de 1 \u00e0 2 % de pouvoir d&rsquo;achat\/an si ce type de mesures revient<\/td>\n<\/tr>\n<tr>\n<td>D\u00e9sindexation sur l&rsquo;inflation<\/td>\n<td>Maintien possible de l&rsquo;indexation (pour l&rsquo;instant)<\/td>\n<td>\u00c9rosion progressive des pensions<\/td>\n<\/tr>\n<tr>\n<td>Gel du bar\u00e8me fiscal<\/td>\n<td>Les seuils pourraient \u00eatre adapt\u00e9s<\/td>\n<td>Risque d&rsquo;imposition accrue si l&rsquo;inflation continue<\/td>\n<\/tr>\n<tr>\n<td>Suppression de l&rsquo;abattement 10 %<\/td>\n<td>Pas de modification imm\u00e9diate de l&rsquo;imposition<\/td>\n<td>Augmentation d&rsquo;imp\u00f4ts pour les petites pensions<\/td>\n<\/tr>\n<p>Sant\u00e9, aides sociales, pouvoir d&rsquo;achat : vers une remise \u00e0 plat des dispositifs existants ?<\/p>\n<p>Le d\u00e9part de Fran\u00e7ois Bayrou ne r\u00e9sout pas la question du financement de la solidarit\u00e9 nationale. Dans les causes de sa chute, la contestation d&rsquo;une politique per\u00e7ue comme \u00ab\u00a0anti-seniors\u00a0\u00bb a pes\u00e9 lourd. S&rsquo;il n&rsquo;est plus question pour l&rsquo;instant de la r\u00e9duction drastique des aides sociales ou du gel de l&rsquo;ASPA (minimum vieillesse), tout d\u00e9pendra des <strong>orientations du futur gouvernement<\/strong>.<\/p>\n<p>La suspension des r\u00e9formes en sant\u00e9 et le report des changements sur plusieurs allocations cr\u00e9ent une incertitude suppl\u00e9mentaire pour les retrait\u00e9s les plus fragiles. L&rsquo;arbitrage entre \u00ab\u00a0justice fiscale\u00a0\u00bb et n\u00e9cessit\u00e9 de r\u00e9duire le d\u00e9ficit se jouera dans les semaines \u00e0 venir, avec un risque non n\u00e9gligeable de voir revenir, sous une autre forme, des mesures similaires \u00e0 celles qui suscitent l&rsquo;indignation.<\/p>\n<p>Le grand flou budg\u00e9taire : comment anticiper l&rsquo;incertitude ?<br \/>\n Ce que disent (vraiment) les \u00e9conomistes sur l&rsquo;avenir des finances des retrait\u00e9s<\/p>\n<p>D\u00e9sormais, le budget de la France et celui des retrait\u00e9s sont suspendus aux al\u00e9as politiques. Le d\u00e9ficit public, estim\u00e9 \u00e0 5,8 % du PIB en 2024, reste <strong>inchang\u00e9<\/strong>, alors que les recettes pour y rem\u00e9dier sont, elles, gel\u00e9es. Pas d&rsquo;aust\u00e9rit\u00e9 imm\u00e9diate, certes, mais aucune garantie non plus sur l&rsquo;avenir des prestations.<\/p>\n<p>Si l&rsquo;absence de revalorisation des pensions en 2026 devait peser sur le budget des retrait\u00e9s, la vacance du pouvoir n&rsquo;efface en rien les contraintes impos\u00e9es par la dette et l&rsquo;Europe. Tout compromis gouvernemental passera forc\u00e9ment par des r\u00e9ajustements qui, \u00e0 terme, pourront s&rsquo;apparenter \u00e0 un retour diff\u00e9r\u00e9 de la rigueur, cette fameuse \u00ab\u00a0patate chaude\u00a0\u00bb qui se transmet d&rsquo;un ex\u00e9cutif \u00e0 l&rsquo;autre.<\/p>\n<p> Bons r\u00e9flexes et strat\u00e9gies pour prot\u00e9ger son budget face \u00e0 la crise politique<\/p>\n<p>Face \u00e0 l&rsquo;incertitude, mieux vaut ne pas c\u00e9der \u00e0 la panique \u2013 ni d\u00e9penser imprudemment. Les retrait\u00e9s peuvent adopter quelques <strong>r\u00e9flexes simples mais efficaces<\/strong> :<\/p>\n<ul>\n<li><strong>Pr\u00e9voir un coussin de s\u00e9curit\u00e9<\/strong> : garder une r\u00e9serve d&rsquo;\u00e9pargne pour faire face \u00e0 des d\u00e9penses impr\u00e9vues ou une revalorisation retard\u00e9e.<\/li>\n<li><strong>V\u00e9rifier r\u00e9guli\u00e8rement sa fiscalit\u00e9<\/strong> : surveiller d&rsquo;\u00e9ventuelles \u00e9volutions automatis\u00e9es dans le calcul de l&rsquo;imp\u00f4t.<\/li>\n<li><strong>Se tenir inform\u00e9<\/strong> : suivre de pr\u00e8s les annonces budg\u00e9taires \u00e0 venir, notamment lors du d\u00e9bat sur la loi de finances de l&rsquo;automne.<\/li>\n<li><strong>R\u00e9viser ses contrats<\/strong> : sant\u00e9, pr\u00e9voyance, d\u00e9pendance, autant de postes \u00e0 \u00e9valuer, dans un contexte mouvant.<\/li>\n<\/ul>\n<p>Adopter d\u00e8s \u00e0 pr\u00e9sent ces bonnes pratiques, c&rsquo;est \u00e9viter d&rsquo;\u00eatre pris au d\u00e9pourvu et consolider sa s\u00e9r\u00e9nit\u00e9 financi\u00e8re, malgr\u00e9 le tumulte ambiant.<\/p>\n<p> Ce qu&rsquo;il faut retenir et surveiller pour prot\u00e9ger ses finances<br \/>\n Synth\u00e8se des enjeux imm\u00e9diats pour les retrait\u00e9s<\/p>\n<p>\u00c0 tr\u00e8s court terme, les retrait\u00e9s b\u00e9n\u00e9ficient d&rsquo;une accalmie : pas de gel des pensions, pas de r\u00e9forme fiscale expresse, ni de coupes \u00ab\u00a0s\u00e8ches\u00a0\u00bb sur les prestations. Mais la <strong>vigilance reste de mise<\/strong>. Avec un budget 2026 \u00e0 redessiner de fond en comble et une majorit\u00e9 parlementaire fractur\u00e9e, rien n&rsquo;est d\u00e9finitivement acquis, ni perdu.<\/p>\n<p>Le spectre d&rsquo;un retour, sous d&rsquo;autres couleurs politiques, des mesures rejet\u00e9es r\u00f4de toujours. Cette \u00ab\u00a0pause\u00a0\u00bb budg\u00e9taire pourrait rapidement laisser place \u00e0 des d\u00e9cisions tout aussi sensibles. La prudence impose donc de surveiller chaque annonce, qu&rsquo;elle \u00e9mane du futur gouvernement, du Parlement ou m\u00eame du Pr\u00e9sident de la R\u00e9publique.<\/p>\n<p> Les signaux \u00e0 guetter dans les semaines \u00e0 venir<\/p>\n<p>Pour anticiper un \u00e9ventuel retour de b\u00e2ton, quelques <strong>signaux seront \u00e0 surveiller<\/strong> de pr\u00e8s :<\/p>\n<ul>\n<li>L&rsquo;orientation du nouveau Premier ministre et de son \u00e9quipe en mati\u00e8re de retraites.<\/li>\n<li>Le calendrier du projet de loi de finances 2026 et la priorit\u00e9 donn\u00e9e \u00e0 la r\u00e9duction du d\u00e9ficit.<\/li>\n<li>Les d\u00e9bats parlementaires sur le maintien ou la suppression des dispositifs fiscaux actuels.<\/li>\n<li>La r\u00e9action des march\u00e9s financiers, qui pourrait influer sur le co\u00fbt de la dette et, indirectement, sur les marges de man\u0153uvre \u00e9conomiques du pays.<\/li>\n<\/ul>\n<p>Rien n&rsquo;exclut, in fine, des ajustements de derni\u00e8re minute, une \u00ab fen\u00eatre de tir \u00bb pour r\u00e9introduire des mesures impopulaires mais jug\u00e9es in\u00e9vitables par certains d\u00e9cideurs.<\/p>\n<p>En d\u00e9finitive, si la chute du gouvernement Bayrou offre aux retrait\u00e9s un r\u00e9pit temporaire, le contexte global plaide pour une vigilance accrue. Les finances publiques fran\u00e7aises ne laissant pas beaucoup de marge de man\u0153uvre, chaque retrait\u00e9 a tout int\u00e9r\u00eat \u00e0 garder un \u0153il alerte sur l&rsquo;actualit\u00e9 budg\u00e9taire des prochaines semaines. La question demeure si la r\u00e9silience des seniors, d\u00e9j\u00e0 \u00e9prouv\u00e9e par la crise, tiendra le choc d&rsquo;un nouveau virage politique\u2026 ou d&rsquo;une prochaine r\u00e9forme surprise.<\/p>\n","protected":false},"excerpt":{"rendered":"Effet de surprise, stupeur \u00e0 l&rsquo;Assembl\u00e9e, cha\u00eenes d&rsquo;info en boucle : le 8 septembre 2025 restera dans les&hellip;\n","protected":false},"author":2,"featured_media":378774,"comment_status":"","ping_status":"","sticky":false,"template":"","format":"standard","meta":{"footnotes":""},"categories":[6],"tags":[35,33,34,1011,27,56],"class_list":{"0":"post-378773","1":"post","2":"type-post","3":"status-publish","4":"format-standard","5":"has-post-thumbnail","7":"category-economie","8":"tag-business","9":"tag-economie","10":"tag-economy","11":"tag-fr","12":"tag-france","13":"tag-push"},"share_on_mastodon":{"url":"https:\/\/pubeurope.com\/@fr\/115176666760026215","error":""},"_links":{"self":[{"href":"https:\/\/www.europesays.com\/fr\/wp-json\/wp\/v2\/posts\/378773","targetHints":{"allow":["GET"]}}],"collection":[{"href":"https:\/\/www.europesays.com\/fr\/wp-json\/wp\/v2\/posts"}],"about":[{"href":"https:\/\/www.europesays.com\/fr\/wp-json\/wp\/v2\/types\/post"}],"author":[{"embeddable":true,"href":"https:\/\/www.europesays.com\/fr\/wp-json\/wp\/v2\/users\/2"}],"replies":[{"embeddable":true,"href":"https:\/\/www.europesays.com\/fr\/wp-json\/wp\/v2\/comments?post=378773"}],"version-history":[{"count":0,"href":"https:\/\/www.europesays.com\/fr\/wp-json\/wp\/v2\/posts\/378773\/revisions"}],"wp:featuredmedia":[{"embeddable":true,"href":"https:\/\/www.europesays.com\/fr\/wp-json\/wp\/v2\/media\/378774"}],"wp:attachment":[{"href":"https:\/\/www.europesays.com\/fr\/wp-json\/wp\/v2\/media?parent=378773"}],"wp:term":[{"taxonomy":"category","embeddable":true,"href":"https:\/\/www.europesays.com\/fr\/wp-json\/wp\/v2\/categories?post=378773"},{"taxonomy":"post_tag","embeddable":true,"href":"https:\/\/www.europesays.com\/fr\/wp-json\/wp\/v2\/tags?post=378773"}],"curies":[{"name":"wp","href":"https:\/\/api.w.org\/{rel}","templated":true}]}}