{"id":378777,"date":"2025-09-09T22:21:15","date_gmt":"2025-09-09T22:21:15","guid":{"rendered":"https:\/\/www.europesays.com\/fr\/378777\/"},"modified":"2025-09-09T22:21:15","modified_gmt":"2025-09-09T22:21:15","slug":"thomas-legrand-renonce-a-son-emission-sur-france-inter-apres-la-video-polemique-avec-le-ps","status":"publish","type":"post","link":"https:\/\/www.europesays.com\/fr\/378777\/","title":{"rendered":"Thomas Legrand renonce \u00e0 son \u00e9mission sur France Inter apr\u00e8s la vid\u00e9o pol\u00e9mique avec le PS"},"content":{"rendered":"<p>        <img decoding=\"async\" loading=\"lazy\" src=\"https:\/\/www.europesays.com\/fr\/wp-content\/uploads\/2025\/09\/f77701f_upload-1-34w9bygqjk1f-capture-d-a-cran-2025-09-06-083643.png\"  width=\"728\" height=\"410\" alt=\"Thomas Legrand suspendu par France Inter apr\u00e8s une vid\u00e9o compromettante (et anti-Dati) avec des cadres PS\"\/>  <\/p>\n<p>Capture France Inter<\/p>\n<p>Thomas Legrand suspendu par France Inter apr\u00e8s une vid\u00e9o compromettante (et anti-Dati) avec des cadres PS<\/p>\n<p class=\"asset asset-text\">RADIO &#8211; Trois jours apr\u00e8s avoir \u00e9t\u00e9 suspendu par France Inter, <a href=\"https:\/\/www.huffingtonpost.fr\/medias\/article\/thomas-legrand-suspendu-par-france-inter-apres-une-video-compromettante-et-anti-dati-avec-des-cadres-ps_254486.html\" target=\"_blank\" rel=\"noopener\">Thomas Legrand<\/a> a annonc\u00e9 qu\u2019il renon\u00e7ait \u00e0 y pr\u00e9senter l\u2019\u00e9mission hebdomadaire En qu\u00eate de politique. La d\u00e9cision du journaliste, qui travaille \u00e9galement chez Lib\u00e9ration, intervient apr\u00e8s la <a href=\"https:\/\/www.huffingtonpost.fr\/politique\/article\/thomas-legrand-s-explique-apres-les-videos-polemiques-avec-des-cadres-du-ps-le-parti-refute-toute-collusion_254495.html\" target=\"_blank\" rel=\"noopener\">publication d\u2019une vid\u00e9o<\/a> le montrant en compagnie de Patrick Cohen, ayant des propos litigieux concernant <a href=\"https:\/\/www.huffingtonpost.fr\/politique\/article\/municipales-2026-qui-sont-les-candidats-prets-a-succeder-a-anne-hidalgo-a-paris_254151.html\" target=\"_blank\" rel=\"noopener\">Rachida Dati candidate \u00e0 la mairie de Paris<\/a>, et ce devant des responsables du PS.<\/p>\n<p class=\"asset asset-text\">C\u2019est sur le r\u00e9seau social X que Thomas Legrand a annonc\u00e9 arr\u00eater sa participation \u00e0 la matinale du dimanche matin. Dans son message, le journaliste explique sobrement et sans s\u2019\u00e9pancher sur les raisons de cette d\u00e9cision\u00a0: \u00ab\u00a0J\u2019ai annonc\u00e9 ce matin \u00e0 la direction de France Inter qu\u2019il m\u2019est d\u00e9sormais impossible d\u2019assurer sereinement le d\u00e9bat hebdomadaire pr\u00e9vu dans la nouvelle grille. France Inter est ma radio. La direction m\u2019a assur\u00e9 de sa confiance.\u00a0\u00bb<\/p>\n<p class=\"asset asset-text\">La radio a \u00e9galement r\u00e9agi dans un communiqu\u00e9 suite \u00e0 la publication du journaliste, qui a offici\u00e9 pendant 14\u00a0ans \u00e0 l\u2019\u00e9dito politique de la matinale. \u00ab\u00a0Cette d\u00e9cision traduit son profond attachement au service public et son souhait de prot\u00e9ger le travail des journalistes de la r\u00e9daction\u00a0\u00bb, avance le communiqu\u00e9, tout en pr\u00e9cisant que la direction de la station du service public n\u2019a \u00ab\u00a0jamais dout\u00e9 de sa version des faits\u00a0et condamne \u00e0 nouveau les m\u00e9thodes ill\u00e9gales ainsi que les menaces dont il est la cible\u00a0\u00bb.<\/p>\n<p> La lecture de ce contenu est susceptible d\u2019entra\u00eener un d\u00e9p\u00f4t de cookies de la part de l\u2019op\u00e9rateur tiers qui l\u2019h\u00e9berge. Compte-tenu des choix que vous avez exprim\u00e9s en mati\u00e8re de d\u00e9p\u00f4t de cookies, nous avons bloqu\u00e9 l\u2019affichage de ce contenu. Si vous souhaitez y acc\u00e9der, vous devez accepter la cat\u00e9gorie de cookies \u201cContenus tiers\u201d en cliquant sur le bouton ci-dessous. <\/p>\n<p> Lire la Vid\u00e9o        <\/p>\n<p class=\"asset asset-text\">Dans son message, France Inter maintient cependant que malgr\u00e9 sa suspension effective depuis vendredi dernier, Thomas Legrand n\u2019est pas mis en retrait de l\u2019antenne \u00ab\u00a0Thomas est une voix famili\u00e8re de France Inter et le restera\u00a0\u00bb , tout en pr\u00e9cisant que \u00ab\u00a0les formes adapt\u00e9es\u00a0\u00bb de ses interventions sont en r\u00e9flexion.<\/p>\n<p class=\"asset asset-text\">Pour rappel, dans la vid\u00e9o publi\u00e9e par le mensuel\u00a0L\u2019Incorrect, Thomas Legrand d\u00e9clare\u00a0:\u00a0\u00ab\u00a0Nous, on fait ce qu\u2019il faut pour Dati, Patrick (Cohen) et moi\u00a0\u00bb. Des images qui auraient \u00e9t\u00e9 tourn\u00e9es en juillet \u00e0 Paris, sans que les principaux int\u00e9ress\u00e9s ne s\u2019en aper\u00e7oivent. Dans ce rendez-vous informel auquel participe \u00e9galement Patrick Cohen, actuel \u00e9ditorialiste de France Inter, les deux journalistes \u00e9changent avec le secr\u00e9taire g\u00e9n\u00e9ral du PS, Pierre Jouvet, et le pr\u00e9sident du conseil national du PS, Luc Broussy.<\/p>\n<p class=\"asset asset-text\">Suite \u00e0 la publication de la vid\u00e9o, Rachida Dati elle-m\u00eame avait demand\u00e9 que des sanctions soient prises accusant leurs propos de contraires \u00e0 la d\u00e9ontologie journalistique. Thomas Legrand et Patrick Cohen avaient r\u00e9pondu \u00e0 la pol\u00e9mique en avan\u00e7ant notamment que les extraits avaient \u00e9t\u00e9 tronqu\u00e9s par le m\u00e9dia d\u2019extr\u00eame-droite.<\/p>\n<p class=\"asset asset-text\">Tous deux ont \u00e9galement mis en avant les liens, indispensables mais sans collusion, entre les m\u00e9dias et les responsables politiques\u00a0\u00ab\u00a0La r\u00e9alit\u00e9 est qu\u2019il arrive \u00e0 tous les journalistes de rencontrer des personnalit\u00e9s de toutes tendances pour des conversations sans filtres. Celles-ci ne r\u00e9v\u00e8lent en rien une relation privil\u00e9gi\u00e9e avec les uns ou les autres\u00a0\u00bb, se d\u00e9fendait notamment Thomas Legrand sur X apr\u00e8s sa suspension. Patrick Cohen avait lui annonc\u00e9 son intention de porter plainte.<\/p>\n","protected":false},"excerpt":{"rendered":"Capture France Inter Thomas Legrand suspendu par France Inter apr\u00e8s une vid\u00e9o compromettante (et anti-Dati) avec des cadres&hellip;\n","protected":false},"author":2,"featured_media":370362,"comment_status":"","ping_status":"","sticky":false,"template":"","format":"standard","meta":{"footnotes":""},"categories":[4],"tags":[11,251,1011,27,9102,500,12,13960,417,25],"class_list":{"0":"post-378777","1":"post","2":"type-post","3":"status-publish","4":"format-standard","5":"has-post-thumbnail","7":"category-france","8":"tag-actualites","9":"tag-culture","10":"tag-fr","11":"tag-france","12":"tag-france-inter","13":"tag-medias","14":"tag-news","15":"tag-patrick-cohen","16":"tag-rachida-dati","17":"tag-republique-francaise"},"share_on_mastodon":{"url":"https:\/\/pubeurope.com\/@fr\/115176674780391849","error":""},"_links":{"self":[{"href":"https:\/\/www.europesays.com\/fr\/wp-json\/wp\/v2\/posts\/378777","targetHints":{"allow":["GET"]}}],"collection":[{"href":"https:\/\/www.europesays.com\/fr\/wp-json\/wp\/v2\/posts"}],"about":[{"href":"https:\/\/www.europesays.com\/fr\/wp-json\/wp\/v2\/types\/post"}],"author":[{"embeddable":true,"href":"https:\/\/www.europesays.com\/fr\/wp-json\/wp\/v2\/users\/2"}],"replies":[{"embeddable":true,"href":"https:\/\/www.europesays.com\/fr\/wp-json\/wp\/v2\/comments?post=378777"}],"version-history":[{"count":0,"href":"https:\/\/www.europesays.com\/fr\/wp-json\/wp\/v2\/posts\/378777\/revisions"}],"wp:featuredmedia":[{"embeddable":true,"href":"https:\/\/www.europesays.com\/fr\/wp-json\/wp\/v2\/media\/370362"}],"wp:attachment":[{"href":"https:\/\/www.europesays.com\/fr\/wp-json\/wp\/v2\/media?parent=378777"}],"wp:term":[{"taxonomy":"category","embeddable":true,"href":"https:\/\/www.europesays.com\/fr\/wp-json\/wp\/v2\/categories?post=378777"},{"taxonomy":"post_tag","embeddable":true,"href":"https:\/\/www.europesays.com\/fr\/wp-json\/wp\/v2\/tags?post=378777"}],"curies":[{"name":"wp","href":"https:\/\/api.w.org\/{rel}","templated":true}]}}