{"id":378782,"date":"2025-09-09T22:24:14","date_gmt":"2025-09-09T22:24:14","guid":{"rendered":"https:\/\/www.europesays.com\/fr\/378782\/"},"modified":"2025-09-09T22:24:14","modified_gmt":"2025-09-09T22:24:14","slug":"bloquons-tout-dans-la-loire-le-prevu-et-limprevu","status":"publish","type":"post","link":"https:\/\/www.europesays.com\/fr\/378782\/","title":{"rendered":"Bloquons tout dans la Loire\u00a0: le pr\u00e9vu et l\u2019impr\u00e9vu"},"content":{"rendered":"<p>Il faut s\u2019attendre \u00e0 des blocages inopin\u00e9s \u2013 infrastructures de transports, supermarch\u00e9s, etc. \u2013 demain dans la Loire, impr\u00e9visibles par nature sur leur forme. Mais aussi des rassemblements plus classiques. Le mouvement \u00ab\u00a0Bloquons tout\u00a0\u00bb, parti des r\u00e9seaux sociaux \u2013 pour comprendre son cheminement depuis le d\u00e9but jusqu\u2019ici au niveau national, nous vous renvoyons \u00e0 cette <a href=\"https:\/\/www.franceinfo.fr\/societe\/bloquons-tout-mouvement-du-10-septembre\/d-un-appel-au-boycott-a-bloquons-tout-comment-le-mouvement-du-10-septembre-a-change-de-mot-d-ordre_7461475.html?utm_source=firefox-newtab-fr-fr\" target=\"_blank\" rel=\"noreferrer noopener nofollow\">synth\u00e8se<\/a> sign\u00e9e France Info \u2013 sera bien s\u00fbr d\u00e9clin\u00e9 dans la Loire ce mercredi 10 septembre. Il semble \u00e0 Saint-Etienne qu\u2019un regroupement est pr\u00e9vu depuis Ch\u00e2teaucreux en d\u00e9but de matin\u00e9e dans la foul\u00e9e d\u2019un blocage des voies annonc\u00e9 sur les r\u00e9seaux. D\u2019autres actions devraient \u00e9videmment se d\u00e9rouler dans le Roannais et dans le Forez, \u00e0 Montbrison, voire dans de plus petites communes. \u00a0\u00a0\u00a0<\/p>\n<p>Les commer\u00e7ants st\u00e9phanois appel\u00e9s \u00e0 se prot\u00e9ger<\/p>\n<p>Si certains syndicats ne s\u2019associent pas au mouvement, attendant une mobilisation g\u00e9n\u00e9rale le jeudi 18, dans la Loire, une intersyndicale CGT Solidaires Loire, FSU, FO et CNT le fait. Elle appelle \u00e0 se mobiliser \u00e0 15 h devant la Bourse du travail de Saint-Etienne pr\u00e9voyant de d\u00e9filer jusqu\u2019\u00e0 l\u2019h\u00f4tel de ville pour exiger, face \u00e0 l\u2019aust\u00e9rit\u00e9 pr\u00e9sent\u00e9e par le feu gouvernement Bayrou \u00ab\u00a0justice fiscale\u00a0\u00bb (\u00ab\u00a0r\u00e9tablir l\u2019imp\u00f4t sur les grandes fortunes, taxer leur patrimoine, conditionner les aides aux entreprise\u00a0\u00bb), \u00ab\u00a0justice sociale\u00a0\u00bb (\u00ab\u00a0abrogation de la r\u00e9forme des retraites, hausse des salaires, recrutement dans les services publics, \u00e9galit\u00e9\u00a0\u00bb), \u00ab\u00a0justice environnementale\u00a0\u00bb (\u00ab\u00a0abandon de la Loi Duplomb, investissements dans la transition \u00e9cologique\u00a0\u00bb) Une manifestation de la m\u00eame intersyndicale est \u00e9galement annonc\u00e9e \u00e0 Roanne et reliera \u00e0 partir de 10 h 30 le tribunal judiciaire \u00e0 la sous-pr\u00e9fecture.<\/p>\n<p>A c\u00f4t\u00e9 de la grande masse de bloqueurs et\/ou manifestants sinc\u00e8res dans leur initiative que l\u2019on soit pour ou contre, la crainte de nouveaux <a href=\"https:\/\/www.if-saint-etienne.fr\/societe\/au-niveau-des-commerces-saint-etienne-est-une-des-villes-les-plus-touchees-de-france\" rel=\"nofollow noopener\" target=\"_blank\">a<\/a><a href=\"https:\/\/www.if-saint-etienne.fr\/societe\/au-niveau-des-commerces-saint-etienne-est-une-des-villes-les-plus-touchees-de-france\" target=\"_blank\" rel=\"noreferrer noopener nofollow\">c<\/a><a href=\"https:\/\/www.if-saint-etienne.fr\/societe\/au-niveau-des-commerces-saint-etienne-est-une-des-villes-les-plus-touchees-de-france\" rel=\"nofollow noopener\" target=\"_blank\">tes<\/a> de vandalisme et pillages par des groupes aux diverses motivations sur les biens publics, commerces et entreprises est \u00e9videmment l\u00e0, au regard de ce qui s\u2019est pass\u00e9 lors d\u2019\u00e9ruptions sociales ces derni\u00e8res ann\u00e9es. Selon nos informations, la police nationale a \u0153uvr\u00e9 cet apr\u00e8s-midi \u00e0 sensibiliser massivement les commerces du centre de Saint-Etienne pour les inviter \u00e0 prendre des mesures de protection de leurs boutiques. M\u00eame si certaines ont aussi annonc\u00e9 sur les r\u00e9seaux fermer demain par solidarit\u00e9 avec le mouvement. \u00a0<\/p>\n","protected":false},"excerpt":{"rendered":"Il faut s\u2019attendre \u00e0 des blocages inopin\u00e9s \u2013 infrastructures de transports, supermarch\u00e9s, etc. \u2013 demain dans la Loire,&hellip;\n","protected":false},"author":2,"featured_media":77017,"comment_status":"","ping_status":"","sticky":false,"template":"","format":"standard","meta":{"footnotes":""},"categories":[9653],"tags":[1111,11,2430,1777,674,1011,27,12,25,4001],"class_list":{"0":"post-378782","1":"post","2":"type-post","3":"status-publish","4":"format-standard","5":"has-post-thumbnail","7":"category-saint-etienne","8":"tag-actu","9":"tag-actualites","10":"tag-auvergne-rhone-alpes","11":"tag-eu","12":"tag-europe","13":"tag-fr","14":"tag-france","15":"tag-news","16":"tag-republique-francaise","17":"tag-saint-etienne"},"share_on_mastodon":{"url":"https:\/\/pubeurope.com\/@fr\/115176686444115681","error":""},"_links":{"self":[{"href":"https:\/\/www.europesays.com\/fr\/wp-json\/wp\/v2\/posts\/378782","targetHints":{"allow":["GET"]}}],"collection":[{"href":"https:\/\/www.europesays.com\/fr\/wp-json\/wp\/v2\/posts"}],"about":[{"href":"https:\/\/www.europesays.com\/fr\/wp-json\/wp\/v2\/types\/post"}],"author":[{"embeddable":true,"href":"https:\/\/www.europesays.com\/fr\/wp-json\/wp\/v2\/users\/2"}],"replies":[{"embeddable":true,"href":"https:\/\/www.europesays.com\/fr\/wp-json\/wp\/v2\/comments?post=378782"}],"version-history":[{"count":0,"href":"https:\/\/www.europesays.com\/fr\/wp-json\/wp\/v2\/posts\/378782\/revisions"}],"wp:featuredmedia":[{"embeddable":true,"href":"https:\/\/www.europesays.com\/fr\/wp-json\/wp\/v2\/media\/77017"}],"wp:attachment":[{"href":"https:\/\/www.europesays.com\/fr\/wp-json\/wp\/v2\/media?parent=378782"}],"wp:term":[{"taxonomy":"category","embeddable":true,"href":"https:\/\/www.europesays.com\/fr\/wp-json\/wp\/v2\/categories?post=378782"},{"taxonomy":"post_tag","embeddable":true,"href":"https:\/\/www.europesays.com\/fr\/wp-json\/wp\/v2\/tags?post=378782"}],"curies":[{"name":"wp","href":"https:\/\/api.w.org\/{rel}","templated":true}]}}