{"id":378793,"date":"2025-09-09T22:30:13","date_gmt":"2025-09-09T22:30:13","guid":{"rendered":"https:\/\/www.europesays.com\/fr\/378793\/"},"modified":"2025-09-09T22:30:13","modified_gmt":"2025-09-09T22:30:13","slug":"pour-lutter-contre-la-precarite-les-etudiants-appellent-a-se-mobiliser","status":"publish","type":"post","link":"https:\/\/www.europesays.com\/fr\/378793\/","title":{"rendered":"pour lutter contre la pr\u00e9carit\u00e9, les \u00e9tudiants appellent \u00e0 se mobiliser"},"content":{"rendered":"<p class=\"article__intro\">Les \u00e9tudiants de l&rsquo;universit\u00e9 Paul Valery de Montpellier appellent \u00e0 rejoindre la contestation du 10 septembre, pour lutter contre la pr\u00e9carit\u00e9 croissante qui touche de plus en plus de jeunes. En France, un \u00e9tudiant sur cinq ne mange pas \u00e0 sa faim.<\/p>\n<p>\n      La Quotidienne Soci\u00e9t\u00e9\n    <\/p>\n<p>\n      De la vie quotidienne aux grands enjeux, recevez tous les jours les sujets qui font la soci\u00e9t\u00e9 locale, comme la justice, l\u2019\u00e9ducation, la sant\u00e9 et la famille.\n    <\/p>\n<p>    France T\u00e9l\u00e9visions utilise votre adresse e-mail afin de vous envoyer la newsletter \u00ab\u00a0La Quotidienne Soci\u00e9t\u00e9\u00a0\u00bb. Vous pouvez vous d\u00e9sinscrire \u00e0 tout moment via le lien en bas de cette newsletter. <a target=\"_blank\" href=\"https:\/\/www.francetelevisions.fr\/groupe\/confidentialite\/politique-de-confidentialite\/politique-de-confidentialite-de-france-televisions-6503\" rel=\"nofollow noopener\">Notre politique de confidentialit\u00e9<\/a><\/p>\n<p>Eux aussi veulent participer au blocage du 10 septembre. Plus de 300 \u00e9tudiants se sont rassembl\u00e9s \u00e0 Montpellier pour d\u00e9cider des actions \u00e0 mener. Sur les bancs de la facult\u00e9, beaucoup de jeunes d\u00e9j\u00e0 militants, mais il faudra plus de monde pour se faire entendre.<\/p>\n<p>\u00ab\u00a0On discute de ce qui pr\u00e9occupe les \u00e9tudiants pour les convaincre que le 10, c&rsquo;est le moment de d\u00e9fendre leurs int\u00e9r\u00eats\u00a0\u00bb, explique Loriane Ozenerov, militante \u00ab\u00a0Le poing lev\u00e9\u00a0\u00bb et \u00e9tudiante \u00e0 l&rsquo;universit\u00e9 Paul Val\u00e9ry.<\/p>\n<p>Au lendemain de la rentr\u00e9e, ces militants informent les nouveaux \u00e9tudiants. L&rsquo;occasion de les inviter \u00e0 rejoindre le blocage du 10 septembre.<\/p>\n<p>\u00ab\u00a0Cette journ\u00e9e n&rsquo;est pas une occasion manqu\u00e9e, parce que nous, en tant qu&rsquo;\u00e9tudiants, les politiques d&rsquo;aust\u00e9rit\u00e9 qui s&rsquo;annoncent de plus en plus touchent en priorit\u00e9 la jeunesse. Nous, \u00e9tudiants, nous sommes pr\u00e9caires et on l&rsquo;est de plus en plus\u00a0\u00bb, mart\u00e8le Enola Kraemer, membre du SCUM et \u00e9tudiante \u00e0 l&rsquo;universit\u00e9 de Montpellier.<\/p>\n<\/p>\n<p>La pr\u00e9carit\u00e9, l&rsquo;une des racines de la col\u00e8re de ces jeunes. Un \u00e9tudiant sur cinq ne mange pas \u00e0 sa faim, selon une \u00e9tude du syndicat La Fage.<\/p>\n<p>Ysatis ira manifester. Boursi\u00e8re, elle d\u00e9pend enti\u00e8rement des aides du Crous, 550 euros par mois.<\/p>\n<p>\u00ab\u00a0Sachant que mon loyer est de 257 euros, pour les courses jusqu&rsquo;\u00e0 la fin du mois, il me reste vraiment peu. On gal\u00e8re \u00e0 chaque fois en fin de mois\u00a0\u00bb, ajoute Ysalis Glin, \u00e9tudiante en psychologie \u00e0 l&rsquo;universit\u00e9 Paul Val\u00e9ry.<\/p>\n<p>Les \u00e9tudiants comptent bien prendre toute leur place dans ce mouvement citoyen, \u00e0 la diff\u00e9rence de la mobilisation des Gilets jaunes, dont ils n&rsquo;ont pas fait vraiment partie.<\/p>\n","protected":false},"excerpt":{"rendered":"Les \u00e9tudiants de l&rsquo;universit\u00e9 Paul Valery de Montpellier appellent \u00e0 rejoindre la contestation du 10 septembre, pour lutter&hellip;\n","protected":false},"author":2,"featured_media":378794,"comment_status":"","ping_status":"","sticky":false,"template":"","format":"standard","meta":{"footnotes":""},"categories":[9599],"tags":[1111,11,1777,674,1011,27,2208,12,2680,25],"class_list":{"0":"post-378793","1":"post","2":"type-post","3":"status-publish","4":"format-standard","5":"has-post-thumbnail","7":"category-montpellier","8":"tag-actu","9":"tag-actualites","10":"tag-eu","11":"tag-europe","12":"tag-fr","13":"tag-france","14":"tag-montpellier","15":"tag-news","16":"tag-occitanie","17":"tag-republique-francaise"},"share_on_mastodon":{"url":"https:\/\/pubeurope.com\/@fr\/115176710059403861","error":""},"_links":{"self":[{"href":"https:\/\/www.europesays.com\/fr\/wp-json\/wp\/v2\/posts\/378793","targetHints":{"allow":["GET"]}}],"collection":[{"href":"https:\/\/www.europesays.com\/fr\/wp-json\/wp\/v2\/posts"}],"about":[{"href":"https:\/\/www.europesays.com\/fr\/wp-json\/wp\/v2\/types\/post"}],"author":[{"embeddable":true,"href":"https:\/\/www.europesays.com\/fr\/wp-json\/wp\/v2\/users\/2"}],"replies":[{"embeddable":true,"href":"https:\/\/www.europesays.com\/fr\/wp-json\/wp\/v2\/comments?post=378793"}],"version-history":[{"count":0,"href":"https:\/\/www.europesays.com\/fr\/wp-json\/wp\/v2\/posts\/378793\/revisions"}],"wp:featuredmedia":[{"embeddable":true,"href":"https:\/\/www.europesays.com\/fr\/wp-json\/wp\/v2\/media\/378794"}],"wp:attachment":[{"href":"https:\/\/www.europesays.com\/fr\/wp-json\/wp\/v2\/media?parent=378793"}],"wp:term":[{"taxonomy":"category","embeddable":true,"href":"https:\/\/www.europesays.com\/fr\/wp-json\/wp\/v2\/categories?post=378793"},{"taxonomy":"post_tag","embeddable":true,"href":"https:\/\/www.europesays.com\/fr\/wp-json\/wp\/v2\/tags?post=378793"}],"curies":[{"name":"wp","href":"https:\/\/api.w.org\/{rel}","templated":true}]}}