{"id":378800,"date":"2025-09-09T22:34:10","date_gmt":"2025-09-09T22:34:10","guid":{"rendered":"https:\/\/www.europesays.com\/fr\/378800\/"},"modified":"2025-09-09T22:34:10","modified_gmt":"2025-09-09T22:34:10","slug":"300-etudiants-en-assemblee-generale-au-lendemain-du-renvoi-de-bayrou","status":"publish","type":"post","link":"https:\/\/www.europesays.com\/fr\/378800\/","title":{"rendered":"300 \u00e9tudiants en assembl\u00e9e g\u00e9n\u00e9rale au lendemain du renvoi de Bayrou"},"content":{"rendered":"<p>Ce mardi 9 septembre, \u00e0 midi, les \u00e9tudiant\u00b7es se sont r\u00e9uni\u00b7es en AG \u00e0 l\u2019Universit\u00e9 Grenoble Alpes (UGA), rejoints par des membres du personnel de l\u2019universit\u00e9, r\u00e9uni\u00b7es de leur c\u00f4t\u00e9 la veille. En tout, ce sont plus de 300 personnes qui ont d\u00e9battu de l\u2019intervention du mouvement \u00e9tudiant dans le mouvement du 10 septembre, des chiffres qui n\u2019avaient pas \u00e9t\u00e9 vus \u00e0 Grenoble depuis la bataille des retraites en 2023.<\/p>\n<p>Cette AG a \u00e9t\u00e9 convoqu\u00e9e par le groupe de travail \u00ab\u00a0lieux d\u2019\u00e9tudes\u00a0\u00bb issu des assembl\u00e9es g\u00e9n\u00e9rales de pr\u00e9paration au 10 septembre. Les \u00e9tudiant\u00b7es grenoblois\u00b7es ont choisi d\u2019y participer parce que l\u2019aust\u00e9rit\u00e9 frappe de plein fouet l\u2019universit\u00e9 et que le projet de soci\u00e9t\u00e9 port\u00e9 par les gouvernements bourgeois concerne autant les travailleurs que celles et ceux qui le seront demain. Les bilans des luttes pass\u00e9es, en particulier de la r\u00e9forme des retraites, ont nourri les discussions\u00a0: il ne faut pas attendre que la crise se r\u00e9solve d\u2019en haut, mais imposer une issue par en bas, au gouvernement et au patronat, sur nos propres termes. Pour cela, les m\u00e9thodes de la lutte \u2014 blocage et gr\u00e8ve \u2014 sont apparues comme indispensables pour s\u2019attaquer aux profits de ceux qui nous gouvernent.<\/p>\n<p>Dans ce cadre, les intervenants de l\u2019assembl\u00e9e ont soulign\u00e9 qu\u2019il fallait d\u2019abord r\u00e9ussir \u00e0 mobiliser massivement le reste des \u00e9tudiant\u00b7es de l\u2019universit\u00e9. Car si une AG de 300 participant\u00b7es est une premi\u00e8re \u00e9tape encourageante, l\u2019UGA compte plus de 50 000 inscrit\u00b7es. Le 10 septembre, il a donc \u00e9t\u00e9 d\u00e9cid\u00e9 de bloquer certaines UFR afin de d\u00e9brayer les \u00e9tudiant\u00b7es, de les informer sur le mouvement et de les inviter \u00e0 se retrouver \u00e0 12h30 en une nouvelle AG sur le campus qui pourra continuer et \u00e9largir les discussions sur les modes de lutte et les revendications. Un cort\u00e8ge \u00e9tudiant partira ensuite du campus \u00e0 15h pour rejoindre la manifestation grenobloise pr\u00e9vue \u00e0 16h en ville.<\/p>\n<p>Si des mots d\u2019ordre ne sont pas encore fix\u00e9s et restent \u00e0 d\u00e9battre, plusieurs axes se sont n\u00e9anmoins affirm\u00e9s clairement. D\u2019abord, la d\u00e9nonciation de l\u2019aust\u00e9rit\u00e9\u00a0: d\u00e9j\u00e0 scandaleuse pour les travailleur\u00b7euses, elle frappe aussi celles et ceux en devenir \u00e0 l\u2019universit\u00e9. Cela se traduit par des moyens en baisse, davantage de s\u00e9lection et des politiques racistes, notamment \u00e0 travers les frais d\u2019inscription exorbitants impos\u00e9s aux \u00e9tudiant\u00b7es \u00e9tranger\u00b7es. Or, si le discours aust\u00e9ritaire cherche \u00e0 faire croire qu\u2019\u00ab\u00a0il n\u2019y a plus d\u2019argent\u00a0\u00bb, la r\u00e9alit\u00e9 est toute autre\u00a0: ces richesses sont massivement transf\u00e9r\u00e9es vers le patronat, avec les 211 milliards d\u2019euros d\u2019aides publiques vers\u00e9es chaque ann\u00e9e aux entreprises, ou encore englouties dans l\u2019augmentation des budgets militaires. Cette militarisation de l\u2019\u00e9conomie et des consciences, qui cible particuli\u00e8rement la jeunesse, a \u00e9t\u00e9 plusieurs fois d\u00e9nonc\u00e9e, tout comme l\u2019imp\u00e9rialisme qu\u2019elle permet et qui se manifeste aujourd\u2019hui dans le g\u00e9nocide en cours en Palestine. Enfin, l\u2019UGA elle-m\u00eame cristallise ces probl\u00e9matiques, gangren\u00e9e par les int\u00e9r\u00eats priv\u00e9s du secteur militaire et ses liens avec Isra\u00ebl.<\/p>\n<p>En d\u00e9finitive, cette premi\u00e8re assembl\u00e9e g\u00e9n\u00e9rale \u00e9tudiante montre qu\u2019une partie de la jeunesse refuse de rester spectatrice des attaques en cours. Avec le mouvement du 10 septembre, les \u00e9tudiant\u00b7es de Grenoble entendent peser dans la mobilisation, aux c\u00f4t\u00e9s des travailleur\u00b7euses, en commen\u00e7ant par le blocage de la fac et une seconde AG appel\u00e9e demain. La suite d\u00e9pendra de la capacit\u00e9 \u00e0 \u00e9largir le mouvement et \u00e0 convaincre massivement en d\u00e9cidant de revendications politiques fortes, pour que l\u2019universit\u00e9 ne soit pas un bastion isol\u00e9, mais un alli\u00e9 central du mouvement social contre Macron et l\u2019avenir de guerre et de mis\u00e8re qu\u2019il nous promet.<\/p>\n","protected":false},"excerpt":{"rendered":"Ce mardi 9 septembre, \u00e0 midi, les \u00e9tudiant\u00b7es se sont r\u00e9uni\u00b7es en AG \u00e0 l\u2019Universit\u00e9 Grenoble Alpes (UGA),&hellip;\n","protected":false},"author":2,"featured_media":378801,"comment_status":"","ping_status":"","sticky":false,"template":"","format":"standard","meta":{"footnotes":""},"categories":[9566],"tags":[1111,11,2430,1777,674,1011,27,2731,12,25],"class_list":{"0":"post-378800","1":"post","2":"type-post","3":"status-publish","4":"format-standard","5":"has-post-thumbnail","7":"category-grenoble","8":"tag-actu","9":"tag-actualites","10":"tag-auvergne-rhone-alpes","11":"tag-eu","12":"tag-europe","13":"tag-fr","14":"tag-france","15":"tag-grenoble","16":"tag-news","17":"tag-republique-francaise"},"share_on_mastodon":{"url":"https:\/\/pubeurope.com\/@fr\/115176725944795304","error":""},"_links":{"self":[{"href":"https:\/\/www.europesays.com\/fr\/wp-json\/wp\/v2\/posts\/378800","targetHints":{"allow":["GET"]}}],"collection":[{"href":"https:\/\/www.europesays.com\/fr\/wp-json\/wp\/v2\/posts"}],"about":[{"href":"https:\/\/www.europesays.com\/fr\/wp-json\/wp\/v2\/types\/post"}],"author":[{"embeddable":true,"href":"https:\/\/www.europesays.com\/fr\/wp-json\/wp\/v2\/users\/2"}],"replies":[{"embeddable":true,"href":"https:\/\/www.europesays.com\/fr\/wp-json\/wp\/v2\/comments?post=378800"}],"version-history":[{"count":0,"href":"https:\/\/www.europesays.com\/fr\/wp-json\/wp\/v2\/posts\/378800\/revisions"}],"wp:featuredmedia":[{"embeddable":true,"href":"https:\/\/www.europesays.com\/fr\/wp-json\/wp\/v2\/media\/378801"}],"wp:attachment":[{"href":"https:\/\/www.europesays.com\/fr\/wp-json\/wp\/v2\/media?parent=378800"}],"wp:term":[{"taxonomy":"category","embeddable":true,"href":"https:\/\/www.europesays.com\/fr\/wp-json\/wp\/v2\/categories?post=378800"},{"taxonomy":"post_tag","embeddable":true,"href":"https:\/\/www.europesays.com\/fr\/wp-json\/wp\/v2\/tags?post=378800"}],"curies":[{"name":"wp","href":"https:\/\/api.w.org\/{rel}","templated":true}]}}