{"id":378804,"date":"2025-09-09T22:36:13","date_gmt":"2025-09-09T22:36:13","guid":{"rendered":"https:\/\/www.europesays.com\/fr\/378804\/"},"modified":"2025-09-09T22:36:13","modified_gmt":"2025-09-09T22:36:13","slug":"que-faire-le-10-septembre-a-rennes","status":"publish","type":"post","link":"https:\/\/www.europesays.com\/fr\/378804\/","title":{"rendered":"que faire le 10 septembre \u00e0 Rennes ?"},"content":{"rendered":"<p>Depuis plusieurs semaines, le mouvement Bloquons Tout appelle \u00e0 bloquer l\u2019\u00e9conomie gr\u00e2ce aux blocages routiers et aux gr\u00e8ves. Deux jours apr\u00e8s la d\u00e9mission du Premier ministre Fran\u00e7ois Bayrou, les diff\u00e9rents secteurs de la jeunesse et du monde du travail vont entrer dans la bataille. \u00c0 Rennes, une manifestation est pr\u00e9vue \u00e0 partir de 11h30 \u00e0 R\u00e9publique, mais d\u2019autres actions sont pr\u00e9vues tout au long de la journ\u00e9e. La manifestation sera suivie d\u2019un repas (gratuit) au BAM.<\/p>\n<p>La jeunesse et le mouvement \u00e9tudiant avec Bloquons Tout et les travailleurs<\/p>\n<p>Ces derniers jours, les assembl\u00e9es g\u00e9n\u00e9rales de <a href=\"https:\/\/www.revolutionpermanente.fr\/Rennes-1-Sciences-Po-INSA-des-centaines-d-etudiants-en-assemblee-generale-a-Rennes-pour-le-10\" rel=\"nofollow noopener\" target=\"_blank\">Rennes 1, de l\u2019INSA, de Sciences Po et de Rennes 2 ont vot\u00e9 le soutien au mouvement Bloquons Tout<\/a>. A Rennes 2, le matin du 10, un <a href=\"https:\/\/www.revolutionpermanente.fr\/Rennes-2-Plus-de-500-personnes-en-AG-pour-preparer-le-10-septembre-et-soutenir-les-greves\" rel=\"nofollow noopener\" target=\"_blank\">rassemblement<\/a> est pr\u00e9vu devant la facult\u00e9 pour les volontaires qui voudraient renforcer les points de blocages de la ville. Une partie des \u00e9tudiants ira participer aux <a href=\"https:\/\/www.letelegramme.fr\/ille-et-vilaine\/mouvement-du-10-septembre-la-carte-des-blocages-prevus-en-ille-et-vilaine-6885213.php\" class=\"spip_out\" rel=\"noopener noreferrer external nofollow\" target=\"_blank\">blocages \u00e0 Henri Fr\u00e9ville et \u00e0 Via Silva<\/a>. \u00c0 Rennes 1, des \u00e9tudiants se joindront au blocage \u00e0 Via Silva avant un d\u00e9part collectif vers la manifestation (rendez-vous \u00e0 11h00 devant le b\u00e2timent 2A du campus de Beaulieu).<\/p>\n<p>Diff\u00e9rents campus ont d\u00e9j\u00e0 pr\u00e9vu une <a href=\"https:\/\/www.revolutionpermanente.fr\/Sciences-Po-Rennes-2-Lyon-2-plusieurs-facs-fermees-le-10-pour-empecher-les-etudiants-de-se\" rel=\"nofollow noopener\" target=\"_blank\">r\u00e9pression administrative en fermant les lieux d\u2019\u00e9tudes le 10<\/a>, pour emp\u00eacher les \u00e9tudiants de se rejoindre et de s\u2019organiser. A Sciences Po Rennes, les \u00e9tudiants ont re\u00e7u un e-mail expliquant le possible retour des vigiles \u00e0 l\u2019entr\u00e9e de l\u2019\u00e9cole\u00a0: \u00ab\u00a0Un mouvement social est annonc\u00e9 cette semaine. Dans ce contexte, des contr\u00f4les d\u2019acc\u00e8s sont susceptibles d\u2019avoir lieu \u00e0 l\u2019entr\u00e9e de l\u2019\u00e9tablissement.\u00a0\u00bb Sur le campus de Droit et Sciences politiques de Rennes 1, la direction d\u00e9fend que\u00a0: \u00ab\u00a0nous sommes amen\u00e9s \u00e0 fermer administrativement la Facult\u00e9 ce mercredi 10 septembre [&#8230;] l\u2019ensemble des activit\u00e9s p\u00e9dagogiques basculeront en distanciel.\u00a0\u00bb De son c\u00f4t\u00e9, la pr\u00e9sidence de Rennes 2 annonce que \u00ab\u00a0la direction de l\u2019universit\u00e9 a pris la d\u00e9cision de fermer les campus de Villejean et de La Harpe\u00a0\u00bb pour emp\u00eacher la mobilisation du 10 septembre.<\/p>\n<p>Il est probable que les lyc\u00e9ens et les lyc\u00e9ennes de Rennes et des alentours se mobilisent le 10 septembre. En plus du contexte de crise politique que conna\u00eet la V\u00e8me R\u00e9publique, la mise au pas de la jeunesse est une motivation suppl\u00e9mentaire pour se mobiliser. Elle se voit notamment \u00e0 travers le <a href=\"https:\/\/www.ouest-france.fr\/bretagne\/rennes-35000\/drogue-armes-les-policiers-a-laffut-devant-le-lycee-a-rennes-05067f6a-2738-11f0-b7b8-37276f4d776e\" class=\"spip_out\" rel=\"noopener noreferrer external nofollow\" target=\"_blank\">renforcement des contr\u00f4les policiers \u00e0 l\u2019entr\u00e9e des lyc\u00e9es rennais ces derniers mois, par exemple au lyc\u00e9e Jean Mac\u00e9.<\/a>. A 11h30, un cort\u00e8ge \u00e9tudiant et lyc\u00e9en prendra part \u00e0 la manifestation du 10, \u00e0 Place de Bretagne. Mais le personnel l\u2019\u00e9ducation s\u2019organise \u00e9galement, avec une AG apr\u00e8s la manifestation, \u00e0 15h \u00e0 l\u2019INSPE.<\/p>\n<p>Dans le monde du travail, la mobilisation s\u2019annonce forte dans la sant\u00e9<\/p>\n<p>La sant\u00e9 va \u00eatre un des principaux secteurs du monde du travail mobilis\u00e9s le 10 septembre \u00e0 Rennes. Dans le secteur hospitalier, qui est le premier employeur de la ville, deux rassemblements sont pr\u00e9vus mercredi. Devant l\u2019h\u00f4pital Guillaume R\u00e9gnier, les travailleurs et travailleuses de la sant\u00e9 organisent un piquet de gr\u00e8ve et une assembl\u00e9e de 10h \u00e0 15h, tandis que les syndicats Sud, CGT et FO du CHU de Rennes appellent \u00e0 un <a href=\"https:\/\/www.facebook.com\/photo\/?fbid=1282878016967564&amp;set=a.511822587406448\" class=\"spip_out\" rel=\"noopener noreferrer external nofollow\" target=\"_blank\">rassemblement \u00e0 13h devant la Chambre de Commerce et de l\u2019Industrie<\/a>, contre \u00ab\u00a0les attaques sur nos droits (arr\u00eats maladies, cong\u00e9s pay\u00e9s, ch\u00f4mage, retraite)\u00a0!\u00a0\u00bb. <br class=\"autobr\"\/><br \/>\nA Rennes 2, <a href=\"https:\/\/www.revolutionpermanente.fr\/Rennes-2-Plus-de-500-personnes-en-AG-pour-preparer-le-10-septembre-et-soutenir-les-greves\" rel=\"nofollow noopener\" target=\"_blank\">l\u2019assembl\u00e9e g\u00e9n\u00e9rale des \u00e9tudiants et du personnel a vot\u00e9 l\u2019envoi d\u2019une d\u00e9l\u00e9gation au piquet de gr\u00e8ve de l\u2019h\u00f4pital Guillaume R\u00e9gnier<\/a>, en soutien aux travailleurs de la sant\u00e9 en gr\u00e8ve.<\/p>\n<p>Devant Askoria, l\u2019\u00e9cole de travail social, un rassemblement est pr\u00e9vu mercredi \u00e0 8h15, avant la manifestation. L\u2019ensemble des travailleurs et travailleuses du social et du soin sont invit\u00e9s \u00e0 participer \u00e0 une AG aux ateliers du vent \u00e0 14h.<\/p>\n<p>Des travailleurs d\u2019autres secteurs aimeraient participer \u00e0 la date du 10 septembre<\/p>\n<p>Lundi soir, pr\u00e9sents sur la place de la mairie \u00e0 Rennes pour f\u00eater la d\u00e9mission de Fran\u00e7ois Bayrou, des travailleurs d\u2019autres secteurs ont exprim\u00e9 le d\u00e9sir de participer \u00e0 la bataille du 10 septembre.<br class=\"autobr\"\/><br \/>\nMartin, travailleur au Leclerc de Vern-sur-Seiche, \u00e0 c\u00f4t\u00e9 de Rennes, regrette que ses coll\u00e8gues ne puissent pas se mettre en gr\u00e8ve le 10. Au micro de R\u00e9volution Permanente, il explique que les raisons de se mobiliser ne manquent pas. \u00ab\u00a0J\u2019ai d\u00e9j\u00e0 eu des coll\u00e8gues qui m\u2019ont parl\u00e9 de nationaliser la grande distribution.\u00a0\u00bb La principale difficult\u00e9, c\u2019est \u00ab\u00a0l\u2019impossibilit\u00e9 de joindre les deux bouts. [&#8230;] Pour des raisons mat\u00e9rielles et \u00e9conomiques, ils ont peur de sauter le pas.\u00a0\u00bb<\/p>\n<p>Il d\u00e9plore la passivit\u00e9 de certains d\u00e9l\u00e9gu\u00e9s syndicaux qu\u2019il a connu dans la distribution. \u00ab\u00a0Malheureusement, les syndicats, les seules fois o\u00f9 j\u2019ai eu affaire \u00e0 eux, j\u2019ai pas pu leur faire confiance [&#8230;] J\u2019ai eu une d\u00e9l\u00e9gu\u00e9e syndicale dans une bo\u00eete qui n\u2019appelait \u00e0 aucun combat, elle n\u2019essayait jamais de discuter pour savoir ce qui allait mal.\u00a0\u00bb<\/p>\n<p>Apr\u00e8s la chute de Bayrou, Camille, employ\u00e9e \u00e0 Biocoop esp\u00e8re voir Macron tomber \u00ab\u00a0d\u00e8s que possible.\u00a0\u00bb Mais en attendant, les candidats pour Matignon sont peu r\u00e9jouissants. La possibilit\u00e9 de voir le Rassemblement National au pouvoir l\u2019inqui\u00e8te. C\u2019est pourquoi il faut \u00ab\u00a0r\u00e9sister, et continuer \u00e0 gueuler, pour faire entendre la voix du peuple.\u00a0\u00bb Proche de LFI, elle estime qu\u2019avec un gouvernement socialiste \u00ab\u00a0on serait sur un statu quo, ce serait du Macron.\u00a0\u00bb<\/p>\n<p>Cuisinier dans la restauration collective, Martin se mobilise contre \u00ab\u00a0cette caste d\u2019ultra-riches qui gouvernent\u00a0\u00bb. Le travailleur de 23 ans non-syndiqu\u00e9 cite les l\u00e9gislatives, la loi Duplomb, plein de fois o\u00f9 \u00ab\u00a0le peuple parle\u00a0\u00bb sans \u00eatre \u00e9cout\u00e9. Il se mobilisera le 10 septembre, parce que \u00ab\u00a0bloquer tout, \u00e7a veut dire rappeler qui d\u00e9cide, tenir t\u00eate.\u00a0\u00bb<\/p>\n<p>Participons au 10 pour construire le 18<\/p>\n<p>Ces t\u00e9moignages montrent une r\u00e9elle envie de se battre contre les offensives aust\u00e9ritaires, contre la pr\u00e9carit\u00e9 \u00e9tudiante, et contre les institutions antid\u00e9mocratiques de <a href=\"https:\/\/www.revolutionpermanente.fr\/Au-bord-de-la-rupture-la-Ve-Republique-dans-une-crise-terminale\" rel=\"nofollow noopener\" target=\"_blank\">la V\u00e8me R\u00e9publique, plus en crise que jamais<\/a>.<\/p>\n<p>Pour frapper fort, la jeunesse lyc\u00e9enne et \u00e9tudiante doit se jeter dans la bataille aux c\u00f4t\u00e9s du monde du travail, des ouvriers et des ouvri\u00e8res, et cela commence par soutenir le piquet de gr\u00e8ve de l\u2019h\u00f4pital Guillaume R\u00e9gnier \u00e0 Rennes mercredi. Cette dynamique d\u2019alliance entre \u00e9tudiants et travailleurs doit s\u2019\u00e9largir \u00e0 tout le mouvement \u00e9tudiant.<\/p>\n<p>Le 10 est une occasion de r\u00e9aliser une d\u00e9monstration de force, et de pr\u00e9parer la date de mobilisation du 18 septembre, avec encore plus de secteurs du monde du travail en gr\u00e8ve, et d\u2019\u00e9tudiants mobilis\u00e9s, en vue d\u2019une gr\u00e8ve g\u00e9n\u00e9rale politique et nationale. Sans attendre, nous appelons l\u2019ensemble du mouvement \u00e0 se rendre aux AG qui suivront le 10. \u00c0 Rennes 1, l\u2019AG des \u00e9tudiants aura lieu du jeudi 11 \u00e0 12h devant le b\u00e2timent 2A, et une AG du personnel aura lieu le mardi 16 dans l\u2019amphi E du m\u00eame b\u00e2timent.<\/p>\n","protected":false},"excerpt":{"rendered":"Depuis plusieurs semaines, le mouvement Bloquons Tout appelle \u00e0 bloquer l\u2019\u00e9conomie gr\u00e2ce aux blocages routiers et aux gr\u00e8ves.&hellip;\n","protected":false},"author":2,"featured_media":378805,"comment_status":"","ping_status":"","sticky":false,"template":"","format":"standard","meta":{"footnotes":""},"categories":[2821],"tags":[1111,11,829,1777,674,1011,27,12,584,25],"class_list":{"0":"post-378804","1":"post","2":"type-post","3":"status-publish","4":"format-standard","5":"has-post-thumbnail","7":"category-rennes","8":"tag-actu","9":"tag-actualites","10":"tag-bretagne","11":"tag-eu","12":"tag-europe","13":"tag-fr","14":"tag-france","15":"tag-news","16":"tag-rennes","17":"tag-republique-francaise"},"share_on_mastodon":{"url":"https:\/\/pubeurope.com\/@fr\/115176733684427278","error":""},"_links":{"self":[{"href":"https:\/\/www.europesays.com\/fr\/wp-json\/wp\/v2\/posts\/378804","targetHints":{"allow":["GET"]}}],"collection":[{"href":"https:\/\/www.europesays.com\/fr\/wp-json\/wp\/v2\/posts"}],"about":[{"href":"https:\/\/www.europesays.com\/fr\/wp-json\/wp\/v2\/types\/post"}],"author":[{"embeddable":true,"href":"https:\/\/www.europesays.com\/fr\/wp-json\/wp\/v2\/users\/2"}],"replies":[{"embeddable":true,"href":"https:\/\/www.europesays.com\/fr\/wp-json\/wp\/v2\/comments?post=378804"}],"version-history":[{"count":0,"href":"https:\/\/www.europesays.com\/fr\/wp-json\/wp\/v2\/posts\/378804\/revisions"}],"wp:featuredmedia":[{"embeddable":true,"href":"https:\/\/www.europesays.com\/fr\/wp-json\/wp\/v2\/media\/378805"}],"wp:attachment":[{"href":"https:\/\/www.europesays.com\/fr\/wp-json\/wp\/v2\/media?parent=378804"}],"wp:term":[{"taxonomy":"category","embeddable":true,"href":"https:\/\/www.europesays.com\/fr\/wp-json\/wp\/v2\/categories?post=378804"},{"taxonomy":"post_tag","embeddable":true,"href":"https:\/\/www.europesays.com\/fr\/wp-json\/wp\/v2\/tags?post=378804"}],"curies":[{"name":"wp","href":"https:\/\/api.w.org\/{rel}","templated":true}]}}