{"id":378806,"date":"2025-09-09T22:37:17","date_gmt":"2025-09-09T22:37:17","guid":{"rendered":"https:\/\/www.europesays.com\/fr\/378806\/"},"modified":"2025-09-09T22:37:17","modified_gmt":"2025-09-09T22:37:17","slug":"ce-week-end-200-associations-nous-invitent-a-une-fete-xxl","status":"publish","type":"post","link":"https:\/\/www.europesays.com\/fr\/378806\/","title":{"rendered":"ce week-end, 200 associations nous invitent \u00e0 une f\u00eate XXL"},"content":{"rendered":"<p><b>Riche, plurielle, vivante, elle fait bouger la ville : plein feux sur la vie associative strasbourgeoise et eurom\u00e9tropolitaine. \u00c0 l\u2019occasion de la rentr\u00e9e, 200 associations qui feront palpiter notre ann\u00e9e se r\u00e9uniront ce week-end au parc de la Citadelle. Tu veux t\u2019investir ? Laisse-les te s\u00e9duire ! Animations gratuites, rencontres\u2026 Les 13 et 14 septembre, elles viendront y montrer l\u2019\u00e9tendue de leurs talents, et de leur engagement.<\/b><\/p>\n<p>Avec la rentr\u00e9e viennent (souvent) les bonnes r\u00e9solutions. Si tu cherches \u00e0 t\u2019investir dans une association strasbourgeoise, participer \u00e0 faire bouger la ville\u2026 Ce rendez-vous est pour toi !<\/p>\n<p><b>Les samedi 13 et dimanche 14 septembre, la Maison des associations de Strasbourg<\/b> (qui accompagne et f\u00e9d\u00e8re les associations de Strasbourg et de l\u2019Eurom\u00e9tropole) <b>r\u00e9installe son annuel Village des assos<\/b>, en partenariat avec la Ville et l\u2019Eurom\u00e9tropole de Strasbourg.<\/p>\n<p>                <img width=\"333\" height=\"500\" src=\"https:\/\/www.europesays.com\/fr\/wp-content\/uploads\/2025\/09\/village-des-assos-2020-credit-maison-des-associations-12.jpg\" class=\"attachment-gallery size-gallery\" alt=\"village des assos 2020 credit maison des associations (12)\" data-full-url=\"https:\/\/www.europesays.com\/fr\/wp-content\/uploads\/2025\/09\/village-des-assos-2020-credit-maison-des-associations-12.jpg\" decoding=\"async\" loading=\"lazy\"  \/>            <\/p>\n<p>                <img width=\"574\" height=\"500\" src=\"https:\/\/www.europesays.com\/fr\/wp-content\/uploads\/2025\/09\/village-des-assos-2020-credit-maison-des-associations-6.jpg\" class=\"attachment-gallery size-gallery\" alt=\"village des assos 2020 credit maison des associations (6)\" data-full-url=\"https:\/\/www.europesays.com\/fr\/wp-content\/uploads\/2025\/09\/village-des-assos-2020-credit-maison-des-associations-6.jpg\" decoding=\"async\" loading=\"lazy\"  \/>            <\/p>\n<p>                    \u00a9 Maison des associations \/ Documents remis<\/p>\n<p>Pendant deux jours, r\u00e9unies sous des tonnelles au parc de la Citadelle, 200 associations viendront \u00e0 la rencontre des curieux\/ses, leur<b> pr\u00e9senter leurs actions<\/b>, et peut-\u00eatre<strong> s<\/strong><b>usciter chez eux, ou chez toi, de nouvelles vocations<\/b>.<\/p>\n<p>Peur de t\u2019y perdre\u00a0? Pas de panique\u00a0: pour t\u2019y retrouver parmi les centaines de propositions, le Village sera <b>d\u00e9coup\u00e9 en huit quartiers th\u00e9matiques<\/b>. \u00ab Humanitaire et aide internationale \u00bb, \u00ab bien-\u00eatre et sant\u00e9 \u00bb, \u00ab \u00e9ducation et formation \u00bb, \u00ab environnement et nature \u00bb, \u00ab arts et cultures du monde \u00bb, \u00ab acc\u00e8s aux droits et lutte contre les discriminations \u00bb, \u00ab sports et loisirs \u00bb.<\/p>\n<p>Et depuis cette ann\u00e9e, <b>le quartier des \u00ab\u00a0nouveaux projets associatifs\u00a0\u00bb<\/b>, pour mettre en valeur et <b>soutenir les assos \u00e9mergentes <\/b>et leurs b\u00e9n\u00e9voles.<\/p>\n<p>    <img width=\"800\" height=\"480\" src=\"https:\/\/www.europesays.com\/fr\/wp-content\/uploads\/2025\/09\/cropped-fond-vda-2020-800x480.jpg\" class=\"attachment-image-size-L size-image-size-L\" alt=\"village des assos\" decoding=\"async\" loading=\"lazy\"  \/>         \u00a9 Site web du Village des assos \/ Capture d&rsquo;\u00e9cran <\/p>\n<p>Un Village qui vit\u00a0!<\/p>\n<p>Outre ses stands, le Village des assos, c\u2019est aussi<b> une ambiance conviviale avec petite restauration et buvette <\/b>(avec des douceurs de chez Humanis, Omnino, Elsass HomeBurger, Les Gaufres de Sophie, Ha\u00eftiennement Bon, King\u2019s Pa\u00eblla, et Oma Food Truck).<\/p>\n<p>Mais aussi\u00a0:<b> un joli programme d\u2019animations gratuites<\/b>, gr\u00e2ce aux associations participantes. <strong>Initiations au rock avec Boogie Spirit<\/strong> ou \u00e0 la<strong> langue des signes fran\u00e7aise<\/strong> (avec Com\u2019Signes Grand Est), <strong>dict\u00e9e de la rentr\u00e9e<\/strong> par D-Clic\u2026 L\u2019offre est \u00e0 l\u2019image du tissu associatif local : vari\u00e9e.<\/p>\n<p>    <img width=\"800\" height=\"598\" src=\"https:\/\/www.europesays.com\/fr\/wp-content\/uploads\/2025\/09\/village-des-assos-3.jpg\" class=\"attachment-image-size-L size-image-size-L\" alt=\"village des assos\" decoding=\"async\" loading=\"lazy\"  \/>         \u00a9 Maison des associations \/ Document remis <\/p>\n<p>Et pour nous en mettre plein les yeux, les assos sortent le grand jeu\u2026 En investissant les <strong>deux sc\u00e8nes<\/strong> du Village avec <strong>des performances<\/strong>.<\/p>\n<p><strong>Mistral-Est<\/strong>, <strong>Graine de Cirque<\/strong>, gospel, <strong>flamenco<\/strong>, K-pop, musiques du Br\u00e9sil, du Burkina Faso, des Antilles, <b>cithare chinoise<\/b>, ou karat\u00e9\u2026 Tout le week-end, les associations strasbourgeoises nous offriront <b>un tour du monde<\/b>\u00a0en <b>avant-go\u00fbt de leurs activit\u00e9s<\/b>, pour trouver la pratique artistique qui nous fera voyager cette ann\u00e9e.<\/p>\n<p>Le Village des assos lance \u00e9galement un appel aux musicien(ne)s pro ou amateurs\/rices, \u00e0 qui il laissera la sc\u00e8ne pour <b>des jam sessions <\/b>(samedi de 12h \u00e0 13h et dimanche de 11h \u00e0 12h). Un moment de<b> rencontres musicales improvis\u00e9es <\/b>entre passionn\u00e9(e)s.<\/p>\n<p>    <img width=\"800\" height=\"603\" src=\"https:\/\/www.europesays.com\/fr\/wp-content\/uploads\/2025\/09\/village-des-assos-2-800x603.jpg\" class=\"attachment-image-size-L size-image-size-L\" alt=\"village des assos\" decoding=\"async\" loading=\"lazy\"  \/>         \u00a9 Maison des associations \/ Document remis <\/p>\n<p>Les nouveaut\u00e9s 2025<\/p>\n<p>Et l\u2019\u00e9dition 2025 annonce <b>quelques nouveaut\u00e9s\u00a0<\/b>! Tout d\u2019abord, des temps de rencontres entre les responsables associatifs et le public, dans le cadre de <b>la 100e Journ\u00e9e multi-conseils du samedi 13 (de 16h \u00e0 18h)<\/b>. <b>Un jeu de questions\/r\u00e9ponses <\/b>mis en sc\u00e8ne autour des questions les plus souvent pos\u00e9es aux associations.<\/p>\n<p>Ensuite\u00a0: <b>le Pass\u2019Asso<\/b> (en partenariat avec la MAIF), <b>un parcours ludique destin\u00e9 aux plus jeunes<\/b> (de 0 \u00e0 17 ans), aid\u00e9(e)s des parents. L\u2019id\u00e9e\u00a0? <b>D\u00e9couvrir autrement les assos <\/b>destin\u00e9es \u00e0 la jeunesse, avec des <b>animations<\/b>, des <b>jeux<\/b>, <b>mini-ateliers<\/b>, etc.<\/p>\n<p>    <img width=\"800\" height=\"602\" src=\"https:\/\/www.europesays.com\/fr\/wp-content\/uploads\/2025\/09\/village-des-assos-800x602.jpg\" class=\"attachment-image-size-L size-image-size-L\" alt=\"village des assos\" decoding=\"async\" loading=\"lazy\"  \/>         \u00a9 Maison des associations \/ Document remis <\/p>\n<p>Et dans la m\u00eame veine\u00a0:<b> le OFF du Village des assos<\/b>, celui-ci \u00e0 destination seulement<b> des groupes scolaires <\/b>de l\u2019\u00e9cole primaire au lyc\u00e9e. Un rendez-vous en amont du week-end, le vendredi 12 septembre, pour <b>sensibiliser la jeunesse \u00e0 l\u2019engagement citoyen <\/b>(et \u00e0 ses vertus), au travers d\u2019activit\u00e9s.<\/p>\n<p>Une belle id\u00e9e de passation, de transmission. Alors si les plus jeunes s\u2019y mettent\u00a0: qu\u2019attends-tu pour t\u2019inscrire dans une asso\u00a0?<strong> Rendez-vous ce week-end et <a href=\"https:\/\/village-assos.mdas.org\" target=\"_blank\" rel=\"noopener nofollow\">le programme complet est disponible ici<\/a> !<\/strong><\/p>\n<p>            Le Village des assos 2025<\/p>\n<p>            Quoi ? <\/p>\n<p>Week-end de rencontres et animations avec 200 associations strasbourgeoises et eurom\u00e9tropolitaines<br \/>Organis\u00e9 par la Maisons des associations en partenariat avec la Ville et l\u2019Eurom\u00e9tropole de Strasbourg<\/p>\n<p>                Quand ?<\/p>\n<p>Samedi 13 septembre de 12h \u00e0 18h, et dimanche 14 septembre de 11h \u00e0 17h<\/p>\n<p>            o\u00f9 ?<\/p>\n<p>Au parc de la Citadelle \u00e0 Strasbourg<\/p>\n<p>                Plus d&rsquo;infos ?<\/p>\n<p><a href=\"https:\/\/village-assos.mdas.org\/\" target=\"_blank\" rel=\"noopener nofollow\">Programme et infos<\/a><br \/><a href=\"https:\/\/www.facebook.com\/events\/1026519379347783\" target=\"_blank\" rel=\"noopener nofollow\">L\u2019\u00e9v\u00e9nement Facebook<\/a><\/p>\n","protected":false},"excerpt":{"rendered":"Riche, plurielle, vivante, elle fait bouger la ville : plein feux sur la vie associative strasbourgeoise et eurom\u00e9tropolitaine.&hellip;\n","protected":false},"author":2,"featured_media":378807,"comment_status":"","ping_status":"","sticky":false,"template":"","format":"standard","meta":{"footnotes":""},"categories":[2820],"tags":[1111,11,1777,674,1011,27,775,12,25,640],"class_list":{"0":"post-378806","1":"post","2":"type-post","3":"status-publish","4":"format-standard","5":"has-post-thumbnail","7":"category-strasbourg","8":"tag-actu","9":"tag-actualites","10":"tag-eu","11":"tag-europe","12":"tag-fr","13":"tag-france","14":"tag-grand-est","15":"tag-news","16":"tag-republique-francaise","17":"tag-strasbourg"},"share_on_mastodon":{"url":"https:\/\/pubeurope.com\/@fr\/115176738219454803","error":""},"_links":{"self":[{"href":"https:\/\/www.europesays.com\/fr\/wp-json\/wp\/v2\/posts\/378806","targetHints":{"allow":["GET"]}}],"collection":[{"href":"https:\/\/www.europesays.com\/fr\/wp-json\/wp\/v2\/posts"}],"about":[{"href":"https:\/\/www.europesays.com\/fr\/wp-json\/wp\/v2\/types\/post"}],"author":[{"embeddable":true,"href":"https:\/\/www.europesays.com\/fr\/wp-json\/wp\/v2\/users\/2"}],"replies":[{"embeddable":true,"href":"https:\/\/www.europesays.com\/fr\/wp-json\/wp\/v2\/comments?post=378806"}],"version-history":[{"count":0,"href":"https:\/\/www.europesays.com\/fr\/wp-json\/wp\/v2\/posts\/378806\/revisions"}],"wp:featuredmedia":[{"embeddable":true,"href":"https:\/\/www.europesays.com\/fr\/wp-json\/wp\/v2\/media\/378807"}],"wp:attachment":[{"href":"https:\/\/www.europesays.com\/fr\/wp-json\/wp\/v2\/media?parent=378806"}],"wp:term":[{"taxonomy":"category","embeddable":true,"href":"https:\/\/www.europesays.com\/fr\/wp-json\/wp\/v2\/categories?post=378806"},{"taxonomy":"post_tag","embeddable":true,"href":"https:\/\/www.europesays.com\/fr\/wp-json\/wp\/v2\/tags?post=378806"}],"curies":[{"name":"wp","href":"https:\/\/api.w.org\/{rel}","templated":true}]}}