{"id":37881,"date":"2025-04-20T03:31:09","date_gmt":"2025-04-20T03:31:09","guid":{"rendered":"https:\/\/www.europesays.com\/fr\/37881\/"},"modified":"2025-04-20T03:31:09","modified_gmt":"2025-04-20T03:31:09","slug":"un-arbitre-blesse-par-des-projectiles-lors-du-derby-de-rouen-19-04-2025-a-2341","status":"publish","type":"post","link":"https:\/\/www.europesays.com\/fr\/37881\/","title":{"rendered":"Un arbitre bless\u00e9 par des projectiles lors du derby de Rouen &#8211; 19\/04\/2025 \u00e0 23:41"},"content":{"rendered":"<p>        <img fetchpriority=\"high\" decoding=\"async\" src=\"https:\/\/www.europesays.com\/fr\/wp-content\/uploads\/2025\/04\/a8596567d638ac017a0556654f526061-760x507.jpg\" alt=\"Un arbitre bless\u00e9 par des projectiles lors du derby de Rouen\" loading=\"eager\" width=\"760\" height=\"507\" style=\"max-width: 100%!important; height: auto;\"\/><\/p>\n<p class=\"c-image-news__legend\">Un arbitre bless\u00e9 par des projectiles lors du derby de Rouen<\/p>\n<p>\n D\u00e9bordements en National.\n<\/p>\n<p>\n La fin de match du derby entre Quevilly et Royen (2-1) a tourn\u00e9 au vinaigre ce vendredi. La rencontre a \u00e9t\u00e9 marqu\u00e9e par plusieurs \u00e9chauffour\u00e9es sur le terrain, deux cartons rouges et quelques provocations en direction des tribunes qui ont fait monter la tension au stade Robert-Diochon, enceinte partag\u00e9e par les deux formations. Ce samedi, la pr\u00e9fecture de Seine-Maritime a expliqu\u00e9 dans un communiqu\u00e9 qu\u2019<br \/>\n <strong><br \/>\n  un arbitre assistant avait \u00e9t\u00e9 bless\u00e9 \u00e0 la t\u00eate par des jets de projectiles<br \/>\n <\/strong><br \/>\n . Ceux-ci auraient \u00e9t\u00e9 lanc\u00e9s<\/p>\n<p>  \u00ab<\/p>\n<p>  \u00e0 toute force depuis la tribune Lenoble<\/p>\n<p> ,<\/p>\n<p>  d\u00e9volue aux supporters du FC Rouen \u00bb.<\/p>\n<p> \u2026\n<\/p>\n<p>\n <strong><br \/>\n  FL pour SOFOOT.com<br \/>\n <\/strong>\n<\/p>\n<p><a data-tag-commander-click=\"{&quot;label&quot;: &quot;articles::lire_la_suite_site_partenaire::so_foot::un_arbitre_blesse_par_des_projectiles_lors_du_derby_de_rouen&quot;, &quot;s2&quot;: 2, &quot;type&quot;: &quot;exit&quot;}\" target=\"_blank\" rel=\"noopener noreferrer canonical nofollow\" class=\"lienExterne c-link c-link--animated u-text-size-lg\" href=\"https:\/\/www.sofoot.com\/breves\/un-arbitre-blesse-par-des-projectiles-lors-du-derby-de-rouen\">Lire la suite de l&rsquo;article sur SoFoot.com<\/a><\/p>\n","protected":false},"excerpt":{"rendered":"Un arbitre bless\u00e9 par des projectiles lors du derby de Rouen D\u00e9bordements en National. La fin de match&hellip;\n","protected":false},"author":2,"featured_media":37882,"comment_status":"","ping_status":"","sticky":false,"template":"","format":"standard","meta":{"footnotes":""},"categories":[9587],"tags":[400,1111,11,398,408,405,1777,674,1011,27,403,402,399,404,12,5161,25,9590,401,406,407],"class_list":{"0":"post-37881","1":"post","2":"type-post","3":"status-publish","4":"format-standard","5":"has-post-thumbnail","7":"category-rouen","8":"tag-action-cac-40","9":"tag-actu","10":"tag-actualites","11":"tag-bourse-de-paris","12":"tag-boursorama","13":"tag-cotations","14":"tag-eu","15":"tag-europe","16":"tag-fr","17":"tag-france","18":"tag-indices-devises","19":"tag-investir","20":"tag-investissement","21":"tag-marche-boursier","22":"tag-news","23":"tag-normandie","24":"tag-republique-francaise","25":"tag-rouen","26":"tag-sicav","27":"tag-trackers","28":"tag-warrants"},"share_on_mastodon":{"url":"https:\/\/pubeurope.com\/@fr\/114368183311759180","error":""},"_links":{"self":[{"href":"https:\/\/www.europesays.com\/fr\/wp-json\/wp\/v2\/posts\/37881","targetHints":{"allow":["GET"]}}],"collection":[{"href":"https:\/\/www.europesays.com\/fr\/wp-json\/wp\/v2\/posts"}],"about":[{"href":"https:\/\/www.europesays.com\/fr\/wp-json\/wp\/v2\/types\/post"}],"author":[{"embeddable":true,"href":"https:\/\/www.europesays.com\/fr\/wp-json\/wp\/v2\/users\/2"}],"replies":[{"embeddable":true,"href":"https:\/\/www.europesays.com\/fr\/wp-json\/wp\/v2\/comments?post=37881"}],"version-history":[{"count":0,"href":"https:\/\/www.europesays.com\/fr\/wp-json\/wp\/v2\/posts\/37881\/revisions"}],"wp:featuredmedia":[{"embeddable":true,"href":"https:\/\/www.europesays.com\/fr\/wp-json\/wp\/v2\/media\/37882"}],"wp:attachment":[{"href":"https:\/\/www.europesays.com\/fr\/wp-json\/wp\/v2\/media?parent=37881"}],"wp:term":[{"taxonomy":"category","embeddable":true,"href":"https:\/\/www.europesays.com\/fr\/wp-json\/wp\/v2\/categories?post=37881"},{"taxonomy":"post_tag","embeddable":true,"href":"https:\/\/www.europesays.com\/fr\/wp-json\/wp\/v2\/tags?post=37881"}],"curies":[{"name":"wp","href":"https:\/\/api.w.org\/{rel}","templated":true}]}}