{"id":378810,"date":"2025-09-09T22:39:11","date_gmt":"2025-09-09T22:39:11","guid":{"rendered":"https:\/\/www.europesays.com\/fr\/378810\/"},"modified":"2025-09-09T22:39:11","modified_gmt":"2025-09-09T22:39:11","slug":"ce-nest-pas-une-victoire-mais-une-avancee-57-ans-apres-le-crash-de-la-caravelle-ajaccio-nice-le-nouvel-espoir-des-familles-des-victimes","status":"publish","type":"post","link":"https:\/\/www.europesays.com\/fr\/378810\/","title":{"rendered":"\u00ab\u00a0Ce n\u2019est pas une victoire mais une avanc\u00e9e\u00a0\u00bb: 57 ans apr\u00e8s le crash de la Caravelle Ajaccio-Nice, le nouvel espoir des familles des victimes"},"content":{"rendered":"<p>Le protocole est inchang\u00e9. Les rares visages encore fid\u00e8les au rendez-vous sont familiers. Mais les perspectives sont bien diff\u00e9rentes, cette ann\u00e9e, \u00e0 l\u2019heure de c\u00e9l\u00e9brer le 57e anniversaire du crash de la Caravelle Ajaccio-Nice.<\/p>\n<p>Ce mardi midi \u00e0 Nice, devant la st\u00e8le du souvenir \u00e9rig\u00e9e \u00e0 l\u2019entr\u00e9e de la promenade des Anglais, les regards ne se tournent pas seulement vers le pass\u00e9, mais vers un futur proche. C\u2019est act\u00e9: des recherches sous-marines vont \u00eatre men\u00e9es par la justice, d\u2019ici peu, au large du cap d\u2019Antibes, par 2.300m\u00e8tres de fond. Objectif: ausculter la carlingue de <a href=\"http:\/\/youtube.com\/watch?reload=9&amp;v=U-kjIbhsJOU\" target=\"_blank\" rel=\"noopener\">l\u2019appareil qui s\u2019est ab\u00eem\u00e9 en mer, le 11 septembre 1968<\/a>, avec ses 95 occupants \u00e0 son bord.<\/p>\n<p><a href=\"https:\/\/www.nicematin.com\/faits-de-societe\/une-avancee-historique-57-ans-apres-le-crash-de-la-caravelle-ajaccio-nice-des-recherches-vont-etre-menees-en-mer-pour-percer-le-mystere-1000654\" target=\"_blank\" rel=\"noopener\">L\u2019annonce date de vendredi<\/a>. Une juge d\u2019instruction pilotera ces op\u00e9rations, suivant deux options. Premi\u00e8re \u00e9tape: d\u2019ici fin 2025, \u00ab\u00a0une campagne de trois jours sur une zone identifi\u00e9e de 8km2, pour localiser les d\u00e9bris de l\u2019\u00e9pave de la Caravelle et, le cas \u00e9ch\u00e9ant, r\u00e9aliser des photographies sous-marines, explique au micro Mathieu Paoli, pr\u00e9sident de l\u2019association des familles de victimes. En cas d\u2019\u00e9chec, mi-2026, de nouvelles op\u00e9rations seront r\u00e9alis\u00e9es sur une zone plus large, avec des moyens techniques tr\u00e8s importants.\u00a0\u00bb<\/p>\n<p>Espoir et lucidit\u00e9<\/p>\n<p>              <img ci-src=\"https:\/\/www.varmatin.com\/temoignage\/protec\/DATA_ART_16214118-TNP9tXi1.jpg?vh=5e7aeb&amp;ci_seal=10acc4baed\" alt=\"\"\/><br \/>\n        Mathieu Paoli, pr\u00e9sident de l&rsquo;Association des familles des victimes de la catastrophe de la Caravelle Ajaccio-Nice, souhaite que celles-ci participent \u00e0 la campagne en mer. <strong>Jean Fran\u00e7ois Ottonello \/ Nice Matin.<\/strong> <\/p>\n<p>\u00ab\u00a0C\u2019est une avanc\u00e9e. Pas une victoire, une avanc\u00e9e\u00a0\u00bb, se satisfait Catherine Abb\u00e9, 57 ans, \u00ab\u00a0l\u2019\u00e2ge de l\u2019accident\u00a0\u00bb. Elle est n\u00e9e cinq mois apr\u00e8s la mort de son p\u00e8re, Michel G\u00e9rard, le chef de cabine. \u00ab\u00a0Il avait 29-30 ans. Un jeune homme&#8230;\u00a0\u00bb Les lunettes noires de Catherine laissent deviner son regard d\u00e9termin\u00e9. \u00ab\u00a0Il y a de l\u2019espoir, mais aussi de la lucidit\u00e9. Dans le pass\u00e9, des promesses n\u2019ont pas \u00e9t\u00e9 tenues. L\u00e0, il y a un calendrier et des moyens. C\u2019est la justice qui met en demeure l\u2019Etat, et donc l\u2019Arm\u00e9e, de faire ces recherches &#8211; ce qui n\u2019est pas rien!\u00a0\u00bb<\/p>\n<p>Florence Palmieri, 77 ans, a perdu son fr\u00e8re Jean-Pierre \u00e0 bord du vol AF 1611. Son p\u00e8re, \u00ab\u00a0qui \u00e9tait un grand avocat parisien, a su tout de suite que c\u2019\u00e9tait un missile parti d\u2019une base militaire dans le Var. \u00e0 l\u2019\u00e9poque, il avait contact\u00e9 M. Messmer, alors Ministre des Arm\u00e9es&#8230; qui ne lui a jamais r\u00e9pondu. Moi, je n\u2019avais que 20 ans. Mais j\u2019ai toujours \u00e9t\u00e9 convaincue que c\u2019\u00e9tait un missile.\u00a0\u00bb<\/p>\n<p>Sauveur Filippeddu, m\u00eame \u00e2ge que Florence, partage sa conviction. Le crash, qui a co\u00fbt\u00e9 la vie \u00e0 son p\u00e8re Jean-Dominique et sa s\u0153ur Martine, serait d\u00fb \u00e0 un tir accidentel. \u00ab\u00a0Nous savons. Tout le monde le sait. Ce n\u2019est plus un secret pour personne. N\u00e9anmoins, nous n\u2019avons pas la reconnaissance officielle de l\u2019\u00c9tat. Comment voulez-vous penser que c\u2019est un simple feu qui est parti des toilettes?\u00a0\u00bb<\/p>\n<p>Les r\u00e9acteurs au c\u0153ur des recherches<\/p>\n<p>              <img ci-src=\"https:\/\/www.varmatin.com\/temoignage\/protec\/DATA_ART_16215798-80uN5qum.jpg?vh=5c67a0&amp;ci_seal=255a990b47\" alt=\"\"\/><br \/>\n         <strong>Jean Fran\u00e7ois Ottonello \/ Nice Matin.<\/strong> <\/p>\n<p>Tel \u00e9tait le sc\u00e9nario officiel retenu en 1972. Mais l\u2019information judiciaire ouverte \u00e0 Nice en 2014 pour soustraction de documents et dissimulation de preuves (un d\u00e9lit non prescrit), \u00e0 l\u2019origine des prochaines recherches en mer, pourrait livrer une tout autre lecture du drame. D\u2019o\u00f9 l\u2019int\u00e9r\u00eat \u00ab\u00a0que l\u2019on voie les r\u00e9acteurs, s\u2019ils ont \u00e9t\u00e9 touch\u00e9s. Que l\u2019on voie l\u2019impact du missile qui a malheureusement amen\u00e9 la caravelle \u00e0 la catastrophe\u00a0\u00bb, soupire Sauveur Filippeddu.<\/p>\n<p>Ces r\u00e9acteurs reposent-ils toujours de par le fond, du reste? Ou ont-ils \u00ab\u00a0d\u00e9j\u00e0 \u00e9t\u00e9 remont\u00e9s et d\u00e9pos\u00e9s \u00e0 l\u2019arsenal militaire de Toulon\u00a0\u00bb, comme le pense Mathieu Paoli? La question intrigue les familles. Quatre campagnes sous-marines ont d\u00e9j\u00e0 \u00e9t\u00e9 men\u00e9es entre 1968 et 1971. Elles avaient permis de remonter 15% des d\u00e9bris. Mais pas les r\u00e9acteurs, a priori.<\/p>\n<p>\u00ab\u00a0Lib\u00e9rer nos esprits\u00a0\u00bb<\/p>\n<p>Florence Palmieri se f\u00e9licite que les op\u00e9rations soient men\u00e9es par la Marine. M\u00eame si, ironie de l\u2019histoire, elle investiguera sur une bavure militaire pr\u00e9sum\u00e9e. \u00ab\u00a0Maintenant, peut-\u00eatre qu\u2019on va savoir. Il faut avoir beaucoup de patience. Peut-\u00eatre qu\u2019\u00e0 force de faire br\u00fbler des bougies \u00e0 l\u2019\u00e9glise, on nous entend! Il faut toujours dire la v\u00e9rit\u00e9. \u00e7a sert \u00e0 quoi de cacher les choses? \u00e7a ressort un jour ou l\u2019autre&#8230; Il faut y aller.\u00a0\u00bb<\/p>\n<p>Avant cette ultime \u00e9tape, Catherine Abb\u00e9 salue <a href=\"https:\/\/www.nicematin.com\/temoignage\/-que-l-armee-reconnaisse-et-regrette-une-erreur-orphelins-depuis-le-crash-de-la-caravelle-en-1968-ils-saluent-une-avancee-decisive-dans-l-enquete-1000661\" target=\"_blank\" rel=\"noopener\">l\u2019opini\u00e2tret\u00e9 des fr\u00e8res Mathieu et Louis Paoli<\/a> qui, avec leurs avocats, les \u00ab\u00a0ont emmen\u00e9s dans cette aventure de qu\u00eate de v\u00e9rit\u00e9\u00a0\u00bb. Quoi qu\u2019il advienne d\u00e9sormais, ce combat judiciaire et m\u00e9diatique aura permis d\u2019aller au fond des choses, au sens premier du terme.<\/p>\n<p>Et si cette campagne en mer, <a href=\"https:\/\/www.nicematin.com\/justice\/caravelle-ajaccio-nice-vers-l-envoi-de-drones-sous-marins-par-2300-metres-de-fond-1000693\" target=\"_blank\" rel=\"noopener\">m\u00eame avec les moyens modernes<\/a>, laissait un go\u00fbt d\u2019inachev\u00e9? Sauveur Filippeddu ne l\u2019envisage pas. \u00ab\u00a0\u00e7a co\u00fbte de l\u2019argent. Si on fait l\u2019effort d\u2019aller jusque-l\u00e0, c\u2019est peut-\u00eatre aussi pour, enfin, lib\u00e9rer nos esprits. Nous ne voulons pas des indemnit\u00e9s. Nous voulons la v\u00e9rit\u00e9, c\u2019est tout. Pour faire enfin notre deuil.\u00a0\u00bb<\/p>\n","protected":false},"excerpt":{"rendered":"Le protocole est inchang\u00e9. Les rares visages encore fid\u00e8les au rendez-vous sont familiers. Mais les perspectives sont bien&hellip;\n","protected":false},"author":2,"featured_media":378811,"comment_status":"","ping_status":"","sticky":false,"template":"","format":"standard","meta":{"footnotes":""},"categories":[2819],"tags":[1111,11,1777,674,1011,27,303,12,2401,882,25,240],"class_list":{"0":"post-378810","1":"post","2":"type-post","3":"status-publish","4":"format-standard","5":"has-post-thumbnail","7":"category-nice","8":"tag-actu","9":"tag-actualites","10":"tag-eu","11":"tag-europe","12":"tag-fr","13":"tag-france","14":"tag-justice","15":"tag-news","16":"tag-nice","17":"tag-provence-alpes-cote-dazur","18":"tag-republique-francaise","19":"tag-temoignage"},"share_on_mastodon":{"url":"https:\/\/pubeurope.com\/@fr\/115176745444051865","error":""},"_links":{"self":[{"href":"https:\/\/www.europesays.com\/fr\/wp-json\/wp\/v2\/posts\/378810","targetHints":{"allow":["GET"]}}],"collection":[{"href":"https:\/\/www.europesays.com\/fr\/wp-json\/wp\/v2\/posts"}],"about":[{"href":"https:\/\/www.europesays.com\/fr\/wp-json\/wp\/v2\/types\/post"}],"author":[{"embeddable":true,"href":"https:\/\/www.europesays.com\/fr\/wp-json\/wp\/v2\/users\/2"}],"replies":[{"embeddable":true,"href":"https:\/\/www.europesays.com\/fr\/wp-json\/wp\/v2\/comments?post=378810"}],"version-history":[{"count":0,"href":"https:\/\/www.europesays.com\/fr\/wp-json\/wp\/v2\/posts\/378810\/revisions"}],"wp:featuredmedia":[{"embeddable":true,"href":"https:\/\/www.europesays.com\/fr\/wp-json\/wp\/v2\/media\/378811"}],"wp:attachment":[{"href":"https:\/\/www.europesays.com\/fr\/wp-json\/wp\/v2\/media?parent=378810"}],"wp:term":[{"taxonomy":"category","embeddable":true,"href":"https:\/\/www.europesays.com\/fr\/wp-json\/wp\/v2\/categories?post=378810"},{"taxonomy":"post_tag","embeddable":true,"href":"https:\/\/www.europesays.com\/fr\/wp-json\/wp\/v2\/tags?post=378810"}],"curies":[{"name":"wp","href":"https:\/\/api.w.org\/{rel}","templated":true}]}}