{"id":378816,"date":"2025-09-09T22:42:34","date_gmt":"2025-09-09T22:42:34","guid":{"rendered":"https:\/\/www.europesays.com\/fr\/378816\/"},"modified":"2025-09-09T22:42:34","modified_gmt":"2025-09-09T22:42:34","slug":"que-faire-a-nantes-ce-week-end-du-11-au-14-septembre-2025-big-city-nantes","status":"publish","type":"post","link":"https:\/\/www.europesays.com\/fr\/378816\/","title":{"rendered":"Que faire \u00e0 Nantes ce week-end du 11 au 14 septembre 2025 ? \u2013 Big City Nantes"},"content":{"rendered":"<p>La rentr\u00e9e est derri\u00e8re toi, mais pas question de tomber dans la routine ! Et pas question non plus de changer une formule qui marche. Ton incontournable<strong> \u201cQue faire \u00e0 Nantes ce week-end\u201d<\/strong> est de retour, avec le meilleur des sorties pour profiter de la fin de l\u2019\u00e9t\u00e9. Allez, fais d\u00e9filer et pr\u00e9pare ton week-end comme il se doit ! <\/p>\n<p>Que Faire \u00e0 Nantes ce week-end : le programme des sorties du jeudi 11 au dimanche 14 septembre 2025<\/p>\n<p><strong>Besoin d\u2019une pause bien m\u00e9rit\u00e9e apr\u00e8s la reprise ? Du 11 au 14 septembre 2025, c\u2019est le moment de kiffer un peu !<\/strong> <\/p>\n<p><a href=\"https:\/\/www.bigcitynantes.fr\/contact\/\" title=\"Publicit\u00e9\" target=\"_blank\" rel=\"noopener\"><br \/>\n<img decoding=\"async\" alt=\"Publicit\u00e9\" src=\"https:\/\/www.europesays.com\/fr\/wp-content\/uploads\/2025\/09\/ADS.webp.webp\" \/><br \/>\n<\/a><\/p>\n<p>\nPublicit\u00e9\n<\/p>\n<\/p>\n<p>Si t\u2019as faim de d\u00e9couvertes, ce week-end \u00e0 Nantes s\u2019annonce riche. On commence le week-end en beaut\u00e9 avec La <a href=\"https:\/\/www.bigcitynantes.fr\/que-faire-a-nantes\/journee-festive-dinauguration-de-la-boutique-moulin-roty\/\" target=\"_blank\" rel=\"noopener\">journ\u00e9e festive \u00e0 Moulin Roty.<\/a><\/p>\n<p>Ensuite, si tu es plut\u00f4t fan de musique \u00e9lectro, direction la soir\u00e9e <strong><a href=\"https:\/\/www.bigcitynantes.fr\/que-faire-a-nantes\/concert-calling-for-rave-au-zenith-de-nantes\/\" target=\"_blank\" rel=\"noopener\">Calling For Rave<\/a> au Z\u00e9nith de Nantes <\/strong>! Pr\u00e9pare-toi \u00e0 danser toute la nuit sur une programmation qui promet de te faire bouger sans rel\u00e2che.<\/p>\n<p>Pour changer de rythme, pourquoi ne pas voyager le temps d\u2019une soir\u00e9e avec la<a href=\"https:\/\/www.bigcitynantes.fr\/que-faire-a-nantes\/soiree-espagnole-xxl-a-nantes\/\" target=\"_blank\" rel=\"noopener\"> <strong>soir\u00e9e espagnole Magmaa<\/strong><\/a><a href=\"http:\/\/: https:\/\/www.bigcitynantes.fr\/que-faire-a-nantes\/soiree-espagnole-xxl-a-nantes\/\"> ?<\/a> Entre musique, flamenco et tapas, t\u2019auras l\u2019impression de d\u00e9barquer en Espagne sans m\u00eame quitter Nantes.<\/p>\n<p>Si tu es plut\u00f4t du genre \u00e0 chiner et d\u00e9nicher des tr\u00e9sors, le<a href=\"https:\/\/www.bigcitynantes.fr\/que-faire-a-nantes\/bonnes-affaires-le-grand-deballage-des-commercants-2025\/\" target=\"_blank\" rel=\"noopener\"> <strong>Grand d\u00e9ballage Plein Centre<\/strong><\/a> est fait pour toi. Entre bonnes affaires et ambiance de fou du centre-ville, c\u2019est le moment id\u00e9al pour fl\u00e2ner, fouiner et repartir avec de superbes p\u00e9pites.<\/p>\n<p>Besoin d\u2019un moment plus po\u00e9tique ? Ne manque pas<strong> <a href=\"https:\/\/www.bigcitynantes.fr\/que-faire-a-nantes\/soirees-choregraphiques-en-plein-air\/\" target=\"_blank\" rel=\"noopener\">L\u2019Enjamb\u00e9e !, <\/a><\/strong>un \u00e9v\u00e9nement de danse in situ port\u00e9 en partenariat avec l\u2019UNACOD et l\u2019\u00c9t\u00e9 Culturel 2025. Une exp\u00e9rience artistique en plein air qui promet de te faire bouger.<\/p>\n<p>Et pour finir en beaut\u00e9, les cin\u00e9philes ne peuvent pas manquer le <strong><a href=\"https:\/\/www.bigcitynantes.fr\/que-faire-a-nantes\/marathon-retour-vers-le-futur-au-cinema\/\" target=\"_blank\" rel=\"noopener\">Marathon Retour vers le futur <\/a>\u00e0 l\u2019UGC Atlantis<\/strong>. Revivre les aventures de Marty McFly et Doc Brown sur grand \u00e9cran, c\u2019est un voyage dans le temps garanti.<\/p>\n<p>Et encore, ce n\u2019est qu\u2019un avant-go\u00fbt\u2026 Descends un peu plus bas pour d\u00e9couvrir toute la s\u00e9lection de <strong>Big City Nantes<\/strong> et profite \u00e0 fond de la fin de l\u2019\u00e9t\u00e9 \u00e0 Nantes ! \u2764\ufe0f<\/p>\n","protected":false},"excerpt":{"rendered":"La rentr\u00e9e est derri\u00e8re toi, mais pas question de tomber dans la routine ! Et pas question non&hellip;\n","protected":false},"author":2,"featured_media":378817,"comment_status":"","ping_status":"","sticky":false,"template":"","format":"standard","meta":{"footnotes":""},"categories":[2818],"tags":[1111,11,48554,4156,4157,1777,674,1011,27,766,12,2636,25,953,1669,3140,4064],"class_list":{"0":"post-378816","1":"post","2":"type-post","3":"status-publish","4":"format-standard","5":"has-post-thumbnail","7":"category-nantes","8":"tag-actu","9":"tag-actualites","10":"tag-carrousel","11":"tag-concerts","12":"tag-dj-sets","13":"tag-eu","14":"tag-europe","15":"tag-fr","16":"tag-france","17":"tag-nantes","18":"tag-news","19":"tag-pays-de-la-loire","20":"tag-republique-francaise","21":"tag-soiree","22":"tag-sorties","23":"tag-spectacle","24":"tag-week-end"},"share_on_mastodon":{"url":"https:\/\/pubeurope.com\/@fr\/115176757604645795","error":""},"_links":{"self":[{"href":"https:\/\/www.europesays.com\/fr\/wp-json\/wp\/v2\/posts\/378816","targetHints":{"allow":["GET"]}}],"collection":[{"href":"https:\/\/www.europesays.com\/fr\/wp-json\/wp\/v2\/posts"}],"about":[{"href":"https:\/\/www.europesays.com\/fr\/wp-json\/wp\/v2\/types\/post"}],"author":[{"embeddable":true,"href":"https:\/\/www.europesays.com\/fr\/wp-json\/wp\/v2\/users\/2"}],"replies":[{"embeddable":true,"href":"https:\/\/www.europesays.com\/fr\/wp-json\/wp\/v2\/comments?post=378816"}],"version-history":[{"count":0,"href":"https:\/\/www.europesays.com\/fr\/wp-json\/wp\/v2\/posts\/378816\/revisions"}],"wp:featuredmedia":[{"embeddable":true,"href":"https:\/\/www.europesays.com\/fr\/wp-json\/wp\/v2\/media\/378817"}],"wp:attachment":[{"href":"https:\/\/www.europesays.com\/fr\/wp-json\/wp\/v2\/media?parent=378816"}],"wp:term":[{"taxonomy":"category","embeddable":true,"href":"https:\/\/www.europesays.com\/fr\/wp-json\/wp\/v2\/categories?post=378816"},{"taxonomy":"post_tag","embeddable":true,"href":"https:\/\/www.europesays.com\/fr\/wp-json\/wp\/v2\/tags?post=378816"}],"curies":[{"name":"wp","href":"https:\/\/api.w.org\/{rel}","templated":true}]}}