{"id":378818,"date":"2025-09-09T22:43:11","date_gmt":"2025-09-09T22:43:11","guid":{"rendered":"https:\/\/www.europesays.com\/fr\/378818\/"},"modified":"2025-09-09T22:43:11","modified_gmt":"2025-09-09T22:43:11","slug":"stephane-poisson-prend-la-tete-de-la-direction-commerciale-de-sg-sud-ouest-bordeaux-2","status":"publish","type":"post","link":"https:\/\/www.europesays.com\/fr\/378818\/","title":{"rendered":"St\u00e9phane Poisson prend la t\u00eate de la direction commerciale de SG Sud Ouest Bordeaux"},"content":{"rendered":"<p class=\"legende\">\n\t\t\t\t\t\t\t\t\tSt\u00e9phane Poisson et entr\u00e9 chez SG, alors Soci\u00e9t\u00e9 G\u00e9n\u00e9rale, en 1991. Cr\u00e9dits : SG\n\t\t\t\t\t\t\t\t<\/p>\n<p class=\"excerpt\">SG Sud Ouest nomme St\u00e9phane Poisson directeur de la direction commerciale de Bordeaux, qui regroupe quatre agences en Nouvelle-Aquitaine.<\/p>\n<p>La banque SG Sud Ouest annonce l\u2019arriv\u00e9e de St\u00e9phane Poisson \u00e0 la t\u00eate de la direction commerciale de Bordeaux. Un p\u00f4le qui regroupe 180 salari\u00e9s, r\u00e9partis entre les agences de Bordeaux centre, de Gironde rive droite, et du Lot-et-Garonne. St\u00e9phane Poisson est entr\u00e9 chez Soci\u00e9t\u00e9 G\u00e9n\u00e9rale en 1991, et y a exerc\u00e9 diverses fonctions. \u00ab Il \u00e9tait pr\u00e9c\u00e9demment directeur commercial r\u00e9gional en Bourgogne Franche-Comt\u00e9, bas\u00e9 \u00e0 Dijon \u00bb, pr\u00e9cise la banque dans un communiqu\u00e9. D\u00e9sormais, St\u00e9phane Poisson aura notamment pour mission d\u2019ancrer SG \u00ab encore plus fortement dans son \u00e9cosyst\u00e8me local \u00bb.<\/p>\n","protected":false},"excerpt":{"rendered":"St\u00e9phane Poisson et entr\u00e9 chez SG, alors Soci\u00e9t\u00e9 G\u00e9n\u00e9rale, en 1991. Cr\u00e9dits : SG SG Sud Ouest nomme&hellip;\n","protected":false},"author":2,"featured_media":378071,"comment_status":"","ping_status":"","sticky":false,"template":"","format":"standard","meta":{"footnotes":""},"categories":[2817],"tags":[1111,11,1997,1777,674,1011,27,12,2219,5645,25],"class_list":{"0":"post-378818","1":"post","2":"type-post","3":"status-publish","4":"format-standard","5":"has-post-thumbnail","7":"category-bordeaux","8":"tag-actu","9":"tag-actualites","10":"tag-bordeaux","11":"tag-eu","12":"tag-europe","13":"tag-fr","14":"tag-france","15":"tag-news","16":"tag-nouvelle-aquitaine","17":"tag-placco-placeco","18":"tag-republique-francaise"},"share_on_mastodon":{"url":"https:\/\/pubeurope.com\/@fr\/115176761245724379","error":""},"_links":{"self":[{"href":"https:\/\/www.europesays.com\/fr\/wp-json\/wp\/v2\/posts\/378818","targetHints":{"allow":["GET"]}}],"collection":[{"href":"https:\/\/www.europesays.com\/fr\/wp-json\/wp\/v2\/posts"}],"about":[{"href":"https:\/\/www.europesays.com\/fr\/wp-json\/wp\/v2\/types\/post"}],"author":[{"embeddable":true,"href":"https:\/\/www.europesays.com\/fr\/wp-json\/wp\/v2\/users\/2"}],"replies":[{"embeddable":true,"href":"https:\/\/www.europesays.com\/fr\/wp-json\/wp\/v2\/comments?post=378818"}],"version-history":[{"count":0,"href":"https:\/\/www.europesays.com\/fr\/wp-json\/wp\/v2\/posts\/378818\/revisions"}],"wp:featuredmedia":[{"embeddable":true,"href":"https:\/\/www.europesays.com\/fr\/wp-json\/wp\/v2\/media\/378071"}],"wp:attachment":[{"href":"https:\/\/www.europesays.com\/fr\/wp-json\/wp\/v2\/media?parent=378818"}],"wp:term":[{"taxonomy":"category","embeddable":true,"href":"https:\/\/www.europesays.com\/fr\/wp-json\/wp\/v2\/categories?post=378818"},{"taxonomy":"post_tag","embeddable":true,"href":"https:\/\/www.europesays.com\/fr\/wp-json\/wp\/v2\/tags?post=378818"}],"curies":[{"name":"wp","href":"https:\/\/api.w.org\/{rel}","templated":true}]}}