{"id":378819,"date":"2025-09-09T22:44:14","date_gmt":"2025-09-09T22:44:14","guid":{"rendered":"https:\/\/www.europesays.com\/fr\/378819\/"},"modified":"2025-09-09T22:44:14","modified_gmt":"2025-09-09T22:44:14","slug":"le-prefet-prend-des-mesures-ce-qui-est-interdit","status":"publish","type":"post","link":"https:\/\/www.europesays.com\/fr\/378819\/","title":{"rendered":"le pr\u00e9fet prend des mesures, ce qui est interdit"},"content":{"rendered":"<p>            Par<br \/>\n        <strong><br \/>\n            <a href=\"https:\/\/actu.fr\/auteur\/redaction-bordeaux\" title=\"Consulter tous les articles de R\u00e9daction Bordeaux\" target=\"_blank\" rel=\"noopener\">R\u00e9daction Bordeaux<\/a><br \/>\n        <\/strong><\/p>\n<p>        Publi\u00e9 le<\/p>\n<p>            9 sept. 2025 \u00e0 19h16        <\/p>\n<p>C\u2019est une journ\u00e9e de <strong>blocages, de gr\u00e8ves et de manifestations<\/strong> annonc\u00e9es. Ce mercredi 10 septembre 2025, de nombreux Fran\u00e7ais ont pr\u00e9vu de crier haut et fort leur col\u00e8re. En Gironde, <a href=\"https:\/\/actu.fr\/nouvelle-aquitaine\/bordeaux_33063\/manifestation-greve-blocage-quelles-sont-les-perturbations-attendues-le-10-septembre-a-bordeaux_63101333.html\" target=\"_blank\" rel=\"noopener\">plusieurs actions ont \u00e9t\u00e9 annonc\u00e9es<\/a> (notamment autour <a href=\"https:\/\/actu.fr\/bordeaux\/\" target=\"_blank\" rel=\"noopener\">de Bordeaux).<\/a><\/p>\n<p class=\" wall-content\">\u00ab\u00a0Les forces de s\u00e9curit\u00e9 d\u00e9partementales et les forces mobiles en renfort seront <strong>pleinement mobilis\u00e9es<\/strong> dans l\u2019ensemble du d\u00e9partement\u00a0\u00bb, pr\u00e9vient la pr\u00e9fecture. \u00c9tienne Guyot, pr\u00e9fet de la Gironde et de Nouvelle-Aquitaine, a pris sign\u00e9 plusieurs arr\u00eat\u00e9s par mesure de s\u00e9curit\u00e9.<\/p>\n<p>Quelles interdictions ?<\/p>\n<p class=\" wall-content\">Certaines restrictions sont effectives \u00e0 partir de <strong>ce mardi 9 septembre \u00e0 20h<\/strong> et jusqu\u2019au jeudi 11 septembre \u00e0 8h dans tout le d\u00e9partement. Ce qui est interdit :\u00a0<\/p>\n<ul class=\" wall-content\">\n<li>l\u2019achat, la vente, la cession,\u00a0l\u2019utilisation,\u00a0le\u00a0port et\u00a0le\u00a0transport des artifices de divertissement et articles pyrotechniques\u00a0;<\/li>\n<li>le transport et la d\u00e9tention sur l\u2019espace public de carburant, d\u2019acides et de produits inflammables ou chimiques\u00a0;<\/li>\n<li>le\u00a0port et\u00a0le\u00a0transport sans motif l\u00e9gitime\u00a0d\u2019armes\u00a0et d\u2019objets pouvant\u00a0servir d\u2019arme\u00a0;<\/li>\n<li>la d\u00e9tention et le transport de contenants en verre sur la voie publique.<\/li>\n<\/ul>\n<p class=\" wall-content\">La pr\u00e9fecture rappelle que \u00ab\u00a0tout rassemblement ou manifestation non d\u00e9clar\u00e9 est ill\u00e9gal.\u00a0\u00bb Le pr\u00e9fet a \u00e9galement tenu \u00e0 souligner \u00ab\u00a0qu\u2019aucune d\u00e9gradation ni aucune violence ne sera tol\u00e9r\u00e9e\u00a0\u00bb. Il a donn\u00e9 \u00ab\u00a0des instructions fermes aux forces de s\u00e9curit\u00e9 int\u00e9rieure pour que tout <strong>fauteur de trouble<\/strong> soit interpell\u00e9 et mis \u00e0 disposition de la Justice\u00a0\u00bb.<\/p>\n<p>Des drones utilis\u00e9s<\/p>\n<p class=\" wall-content\">En parall\u00e8le, le pr\u00e9fet a autoris\u00e9 \u00ab\u00a0la captation, l\u2019enregistrement et la transmission d\u2019images\u00a0\u00bb par les forces de s\u00e9curit\u00e9 au moyen d\u2019une cam\u00e9ra install\u00e9e sur <strong>des drones :<\/strong><\/p>\n<ul class=\" wall-content\">\n<li>la police dans la m\u00e9tropole de Bordeaux, entre 5h et minuit le 10 septembre,\u00a0<\/li>\n<li>la gendarmerie d\u00e8s 20h ce mardi et jusqu\u2019\u00e0 10h jeudi, certains p\u00e9rim\u00e8tres sp\u00e9cifiques de la m\u00e9tropole, notamment : zones industrielles, commerciales et gares, p\u00e9ages, chantier LGV, sites d\u2019Ariane, Suez, Dassault,\u00a0<\/li>\n<\/ul>\n<p>Votre r\u00e9gion, votre actu !<\/p>\n<p>Recevez chaque jour les infos qui comptent pour vous.<\/p>\n<p>\t<a href=\"https:\/\/actu.fr\/newsletter\" class=\"ac-btn ac-btn--corner ac-btn--medium ac-btn--blue800\" target=\"_blank\" rel=\"noopener\">S&rsquo;incrire<\/a><\/p>\n<ul class=\" wall-content\">\n<li>la gendarmerie dans les villes de Lesparre-M\u00e9doc, Blaye, Cavignac, Coutras, Virsac, Libourne, Tresse, Saint-Selve, Langon, Biganos, Beychac-et-Caillau, entre 20h mardi et 10h jeudi.\u00a0<\/li>\n<li>la gendarmerie dans certaines zones strat\u00e9giques d\u2019Andernos, Biganos et Mios.<\/li>\n<\/ul>\n<p class=\" wall-content\">Personnalisez votre actualit\u00e9 en ajoutant vos villes et m\u00e9dias en favori avec <a href=\"https:\/\/moncompte.actu.fr\" title=\"D\u00e9couvez Mon Actu\" rel=\"nofollow noopener\" data-trk=\"{&quot;cta&quot;:{&quot;action&quot;:&quot;https:\\\/\\\/moncompte.actu.fr&quot;,&quot;category&quot;:&quot;mon compte&quot;,&quot;from&quot;:&quot;article footer&quot;,&quot;name&quot;:&quot;Mon actu&quot;,&quot;type&quot;:&quot;cta&quot;}}\" target=\"_blank\">Mon Actu<\/a>.<\/p>\n","protected":false},"excerpt":{"rendered":"Par R\u00e9daction Bordeaux Publi\u00e9 le 9 sept. 2025 \u00e0 19h16 C\u2019est une journ\u00e9e de blocages, de gr\u00e8ves et&hellip;\n","protected":false},"author":2,"featured_media":378820,"comment_status":"","ping_status":"","sticky":false,"template":"","format":"standard","meta":{"footnotes":""},"categories":[2817],"tags":[1111,11,47212,1997,1777,674,1011,27,50957,12,2219,25,104],"class_list":{"0":"post-378819","1":"post","2":"type-post","3":"status-publish","4":"format-standard","5":"has-post-thumbnail","7":"category-bordeaux","8":"tag-actu","9":"tag-actualites","10":"tag-bloquons-tout","11":"tag-bordeaux","12":"tag-eu","13":"tag-europe","14":"tag-fr","15":"tag-france","16":"tag-mouvement-du-10-septembre","17":"tag-news","18":"tag-nouvelle-aquitaine","19":"tag-republique-francaise","20":"tag-societe"},"share_on_mastodon":{"url":"https:\/\/pubeurope.com\/@fr\/115176765093854179","error":""},"_links":{"self":[{"href":"https:\/\/www.europesays.com\/fr\/wp-json\/wp\/v2\/posts\/378819","targetHints":{"allow":["GET"]}}],"collection":[{"href":"https:\/\/www.europesays.com\/fr\/wp-json\/wp\/v2\/posts"}],"about":[{"href":"https:\/\/www.europesays.com\/fr\/wp-json\/wp\/v2\/types\/post"}],"author":[{"embeddable":true,"href":"https:\/\/www.europesays.com\/fr\/wp-json\/wp\/v2\/users\/2"}],"replies":[{"embeddable":true,"href":"https:\/\/www.europesays.com\/fr\/wp-json\/wp\/v2\/comments?post=378819"}],"version-history":[{"count":0,"href":"https:\/\/www.europesays.com\/fr\/wp-json\/wp\/v2\/posts\/378819\/revisions"}],"wp:featuredmedia":[{"embeddable":true,"href":"https:\/\/www.europesays.com\/fr\/wp-json\/wp\/v2\/media\/378820"}],"wp:attachment":[{"href":"https:\/\/www.europesays.com\/fr\/wp-json\/wp\/v2\/media?parent=378819"}],"wp:term":[{"taxonomy":"category","embeddable":true,"href":"https:\/\/www.europesays.com\/fr\/wp-json\/wp\/v2\/categories?post=378819"},{"taxonomy":"post_tag","embeddable":true,"href":"https:\/\/www.europesays.com\/fr\/wp-json\/wp\/v2\/tags?post=378819"}],"curies":[{"name":"wp","href":"https:\/\/api.w.org\/{rel}","templated":true}]}}