{"id":378827,"date":"2025-09-09T22:49:13","date_gmt":"2025-09-09T22:49:13","guid":{"rendered":"https:\/\/www.europesays.com\/fr\/378827\/"},"modified":"2025-09-09T22:49:13","modified_gmt":"2025-09-09T22:49:13","slug":"collier-arrache-coups-de-couteau-deux-femmes-dont-une-mineure-victimes-de-vols-et-agressions","status":"publish","type":"post","link":"https:\/\/www.europesays.com\/fr\/378827\/","title":{"rendered":"Collier arrach\u00e9, coups de couteau&#8230; deux femmes, dont une mineure, victimes de vols et agressions"},"content":{"rendered":"<p>Deux femmes, dont une mineure, ont \u00e9t\u00e9 agress\u00e9es pour les voler lundi \u00e0 Marseille, \u00e0 quelques heures d\u2019intervalle.<\/p>\n<p>Transport\u00e9e \u00e0 l\u2019h\u00f4pital avec un pronostic vital engag\u00e9 dans un premier temps, son \u00e9tat n\u2019inspirerait plus d\u2019inqui\u00e9tude. Mais la jeune fille de 17\u00a0ans qui a \u00e9t\u00e9 agress\u00e9e lundi dans le 15e arrondissement a pay\u00e9 tr\u00e8s cher son refus de l\u00e2cher son <a href=\"https:\/\/www.laprovence.com\/article\/faits-divers-justice\/6453725658253314\/espagne-elle-se-fait-voler-son-sac-a-main-et-apprend-quelle-est-mariee-deux-ans-plus-tard\" target=\"_blank\" rel=\"noopener\">sac \u00e0 main<\/a>.<\/p>\n<p>Il \u00e9tait 21\u00a0heures lundi soir 8\u00a0septembre, lorsque cette mineure de 17\u00a0ans a \u00e9t\u00e9 agress\u00e9e par un individu qui voulait lui voler son sac, alors qu\u2019elle empruntait \u00e0 pied le <a href=\"https:\/\/www.laprovence.com\/article\/region\/9711527609474914\/a-marseille-un-proprietaire-recupere-son-appartement-apres-deux-ans-de-bataille-contre-des-squatteurs\" target=\"_blank\" rel=\"noopener\">chemin de la Madrague Ville<\/a>.<\/p>\n<p>Un coup de couteau dans l\u2019abdomen, un autre dans le dos<\/p>\n<p>La jeune fille ne s\u2019est pas laiss\u00e9e faire et la r\u00e9sistance dont elle a fait preuve aurait provoqu\u00e9 la col\u00e8re de l\u2019assaillant qui a alors sorti un couteau, avant d\u2019ass\u00e9ner un premier coup \u00e0 l\u2019abdomen de sa victime, puis un deuxi\u00e8me dans le dos alors que la malheureuse tentait de fuir. Laissant l\u00e0 la jeune fille, le voleur a d\u00e9tal\u00e9 avec le t\u00e9l\u00e9phone portable de la victime, avant l\u2019arriv\u00e9e des secours. Une enqu\u00eate de police a \u00e9t\u00e9 ouverte.<\/p>\n<p>Plus t\u00f4t dans la journ\u00e9e, c\u2019est dans le 2e arrondissement de Marseille qu\u2019une premi\u00e8re femme, une septuag\u00e9naire, avait \u00e9t\u00e9 agress\u00e9e. Il \u00e9tait 12h30 lorsque la victime a \u00e9t\u00e9 abord\u00e9e, sur la <a href=\"https:\/\/www.laprovence.com\/article\/actualites\/24643\/marseille-operation-place-nette-autour-de-jules-guesde.html\" target=\"_blank\" rel=\"noopener\">place Jules Guesde<\/a>, par deux individus qui avaient manifestement rep\u00e9r\u00e9 le collier qu\u2019elle portait autour du cou. Apr\u00e8s l\u2019avoir amadou\u00e9e, sous pr\u00e9texte de lui demander des renseignements, et mise en confiance, ils lui ont finalement arrach\u00e9 le bijou avant de prendre la fuite. Mais l\u2019un d\u2019entre eux a pu \u00eatre interpell\u00e9 peu apr\u00e8s les faits par un \u00e9quipage de la BAC (brigade anticriminalit\u00e9) gr\u00e2ce au signalement donn\u00e9 par la victime. \u00c0 la palpation, les policiers ont d\u00e9couvert du cannabis, une bombe lacrymog\u00e8ne ainsi que 250 euros en num\u00e9raire. \u00c2g\u00e9 de 21 ans, le jeune homme qui faisait l\u2019objet d\u2019une <a href=\"https:\/\/www.laprovence.com\/article\/faits-divers-justice\/1164438665087115\/pourquoi-les-oqtf-ne-sont-pas-toujours-appliquees-le-vrai-du-faux-des-obligations-de-quitter-le-territoire\" target=\"_blank\" rel=\"noopener\">OQTF<\/a> (obligation de quitter le territoire fran\u00e7ais), a \u00e9t\u00e9 plac\u00e9 en garde \u00e0 vue. Il devrait \u00eatre d\u00e9f\u00e9r\u00e9 devant un magistrat ce mercredi 10 septembre en vue d\u2019une comparution imm\u00e9diate.<\/p>\n<p>Collier arrach\u00e9<\/p>\n<p>En\u00a02013, ann\u00e9e climax du ph\u00e9nom\u00e8ne de <a href=\"https:\/\/www.laprovence.com\/article\/faits-divers-justice\/2171352110678615\/vols-a-l-arrache-de-bijoux-en-or-le-phenomene-n-a-pas-disparu-mais-il-a-considerablement-regresse\" target=\"_blank\" rel=\"noopener\">vols \u00e0 l\u2019arrach\u00e9 des bijoux en or<\/a>, il pouvait se commettre jusqu\u2019\u00e0 10 forfaits par jour dans l\u2019hypercentre de Marseille. S\u2019il n\u2019avait pas totalement disparu, ce type de vol avait consid\u00e9rablement r\u00e9gress\u00e9 ces derni\u00e8res ann\u00e9es. En\u00a02014, les forces de l\u2019ordre en avaient comptabilis\u00e9s moins d\u2019une centaine.<\/p>\n<p>Une baisse sensible li\u00e9e aux efforts d\u00e9ploy\u00e9s par les forces de l\u2019ordre, mais aussi aux contr\u00f4les administratifs diligent\u00e9s par la pr\u00e9fecture de police aupr\u00e8s de \u00ab\u00a0boutiques peu regardantes sur l\u2019origine des bijoux\u00a0\u00bb.<\/p>\n","protected":false},"excerpt":{"rendered":"Deux femmes, dont une mineure, ont \u00e9t\u00e9 agress\u00e9es pour les voler lundi \u00e0 Marseille, \u00e0 quelques heures d\u2019intervalle.&hellip;\n","protected":false},"author":2,"featured_media":378828,"comment_status":"","ping_status":"","sticky":false,"template":"","format":"standard","meta":{"footnotes":""},"categories":[2814],"tags":[17,1111,11,34889,1102,33262,854,5264,4070,1777,674,274,4651,1011,27,884,12,882,25,96],"class_list":{"0":"post-378827","1":"post","2":"type-post","3":"status-publish","4":"format-standard","5":"has-post-thumbnail","7":"category-marseille","8":"tag-17","9":"tag-actu","10":"tag-actualites","11":"tag-arrache","12":"tag-breakingnews","13":"tag-collier","14":"tag-coups","15":"tag-couteau","16":"tag-deux","17":"tag-eu","18":"tag-europe","19":"tag-faits-divers-justice","20":"tag-femmes","21":"tag-fr","22":"tag-france","23":"tag-marseille","24":"tag-news","25":"tag-provence-alpes-cote-dazur","26":"tag-republique-francaise","27":"tag-une"},"share_on_mastodon":{"url":"https:\/\/pubeurope.com\/@fr\/115176784770280989","error":""},"_links":{"self":[{"href":"https:\/\/www.europesays.com\/fr\/wp-json\/wp\/v2\/posts\/378827","targetHints":{"allow":["GET"]}}],"collection":[{"href":"https:\/\/www.europesays.com\/fr\/wp-json\/wp\/v2\/posts"}],"about":[{"href":"https:\/\/www.europesays.com\/fr\/wp-json\/wp\/v2\/types\/post"}],"author":[{"embeddable":true,"href":"https:\/\/www.europesays.com\/fr\/wp-json\/wp\/v2\/users\/2"}],"replies":[{"embeddable":true,"href":"https:\/\/www.europesays.com\/fr\/wp-json\/wp\/v2\/comments?post=378827"}],"version-history":[{"count":0,"href":"https:\/\/www.europesays.com\/fr\/wp-json\/wp\/v2\/posts\/378827\/revisions"}],"wp:featuredmedia":[{"embeddable":true,"href":"https:\/\/www.europesays.com\/fr\/wp-json\/wp\/v2\/media\/378828"}],"wp:attachment":[{"href":"https:\/\/www.europesays.com\/fr\/wp-json\/wp\/v2\/media?parent=378827"}],"wp:term":[{"taxonomy":"category","embeddable":true,"href":"https:\/\/www.europesays.com\/fr\/wp-json\/wp\/v2\/categories?post=378827"},{"taxonomy":"post_tag","embeddable":true,"href":"https:\/\/www.europesays.com\/fr\/wp-json\/wp\/v2\/tags?post=378827"}],"curies":[{"name":"wp","href":"https:\/\/api.w.org\/{rel}","templated":true}]}}