{"id":378831,"date":"2025-09-09T22:51:20","date_gmt":"2025-09-09T22:51:20","guid":{"rendered":"https:\/\/www.europesays.com\/fr\/378831\/"},"modified":"2025-09-09T22:51:20","modified_gmt":"2025-09-09T22:51:20","slug":"un-immense-marche-aux-plantes-rares-va-embaumer-le-parc-de-la-tete-dor-de-lyon","status":"publish","type":"post","link":"https:\/\/www.europesays.com\/fr\/378831\/","title":{"rendered":"Un immense march\u00e9 aux plantes rares va embaumer le Parc de la T\u00eate d&rsquo;Or de Lyon"},"content":{"rendered":"<p data-start=\"419\" data-end=\"868\"><strong data-start=\"419\" data-end=\"542\">Le Parc de la T\u00eate d\u2019Or devient l\u2019\u00e9picentre de la passion botanique avec un march\u00e9 enti\u00e8rement d\u00e9di\u00e9 aux plantes rares.<\/strong> En collaboration avec le Conservatoire des Collections V\u00e9g\u00e9tales Sp\u00e9cialis\u00e9es (CCVS) et le service de m\u00e9diation Lyon nature, l\u2019Orangerie du parc se transformera en v\u00e9ritable temple du v\u00e9g\u00e9tal les 16 et 17 septembre. Une quinzaine de producteurs et collectionneurs y pr\u00e9senteront des esp\u00e8ces \u00e9tonnantes et parfois m\u00e9connues.<\/p>\n<p>&#13;<br \/>\n<strong>Des tr\u00e9sors v\u00e9g\u00e9taux venus du monde entier<\/strong>&#13;<\/p>\n<p data-start=\"919\" data-end=\"1285\"><strong data-start=\"919\" data-end=\"1121\">Les visiteurs pourront d\u00e9couvrir une incroyable diversit\u00e9 de plantes rares, de la foug\u00e8re d\u2019Europe aux kalanchoe, en passant par les b\u00e9gonias, les brom\u00e9liac\u00e9es et les fameuses obtentions lyonnaises.<\/strong> Un rendez-vous id\u00e9al pour d\u00e9nicher des vari\u00e9t\u00e9s introuvables ailleurs, enrichir sa collection ou simplement s\u2019\u00e9merveiller devant la cr\u00e9ativit\u00e9 infinie du vivant.<\/p>\n<p>&#13;<\/p>\n<p data-start=\"1337\" data-end=\"1781\"><strong data-start=\"1337\" data-end=\"1437\">Au-del\u00e0 de la vente, le march\u00e9 aux plantes rares mise aussi sur la p\u00e9dagogie et la transmission.<\/strong> Des stands d\u2019information Lyon nature permettront aux curieux de comprendre l\u2019importance de pr\u00e9server la biodiversit\u00e9, tandis que des visites guid\u00e9es des collections labellis\u00e9es du Jardin botanique offriront une plong\u00e9e passionnante dans l\u2019univers v\u00e9g\u00e9tal. Un programme qui s\u00e9duira autant les amateurs de jardinage que les familles en balade.<\/p>\n<p>&#13;<br \/>\n<strong>Une conf\u00e9rence inspirante pour sauver la biodiversit\u00e9<\/strong>&#13;<\/p>\n<p data-start=\"1843\" data-end=\"2257\"><strong data-start=\"1843\" data-end=\"1978\">Le point d\u2019orgue de l\u2019\u00e9v\u00e9nement se jouera le 18 septembre avec la conf\u00e9rence de Carlos Magdalena, surnomm\u00e9 le \u201cmessie des plantes\u201d.<\/strong> Sp\u00e9cialiste du sauvetage d\u2019esp\u00e8ces v\u00e9g\u00e9tales menac\u00e9es, il partagera au Palais de la Mutualit\u00e9 ses exp\u00e9riences et sa passion, dans une conf\u00e9rence en anglais traduite en fran\u00e7ais. Un moment fort et gratuit, accessible \u00e0 tous, pour r\u00e9fl\u00e9chir ensemble \u00e0 l\u2019avenir de notre plan\u00e8te.<\/p>\n<p>&#13;<\/p>\n<p data-start=\"1843\" data-end=\"2257\"><strong>Orangerie du parc de la T\u00eate d&rsquo;Or &#8211; Lyon 6e<\/strong><br \/><strong>Mardi 16 septembre de 15h \u00e0 20h et mercredi 17 septembre de 10h \u00e0 18h<\/strong><br \/><strong>Entr\u00e9e gratuite<\/strong><br \/><strong><a href=\"http:\/\/www.jardin-botanique-lyon.com\/static\/jbot\/contenu\/jardin_botanique\/images\/faire%20une%20activite\/evenements\/Dossier_presentation_marche_pltes_BDef.pdf\" rel=\"nofollow noopener noreferrer\" target=\"_blank\">Plus d&rsquo;infos<\/a><\/strong><\/p>\n","protected":false},"excerpt":{"rendered":"Le Parc de la T\u00eate d\u2019Or devient l\u2019\u00e9picentre de la passion botanique avec un march\u00e9 enti\u00e8rement d\u00e9di\u00e9 aux&hellip;\n","protected":false},"author":2,"featured_media":378832,"comment_status":"","ping_status":"","sticky":false,"template":"","format":"standard","meta":{"footnotes":""},"categories":[1889],"tags":[1111,11,2430,1777,674,1011,27,2428,12,25],"class_list":{"0":"post-378831","1":"post","2":"type-post","3":"status-publish","4":"format-standard","5":"has-post-thumbnail","7":"category-lyon","8":"tag-actu","9":"tag-actualites","10":"tag-auvergne-rhone-alpes","11":"tag-eu","12":"tag-europe","13":"tag-fr","14":"tag-france","15":"tag-lyon","16":"tag-news","17":"tag-republique-francaise"},"share_on_mastodon":{"url":"https:\/\/pubeurope.com\/@fr\/115176792690373863","error":""},"_links":{"self":[{"href":"https:\/\/www.europesays.com\/fr\/wp-json\/wp\/v2\/posts\/378831","targetHints":{"allow":["GET"]}}],"collection":[{"href":"https:\/\/www.europesays.com\/fr\/wp-json\/wp\/v2\/posts"}],"about":[{"href":"https:\/\/www.europesays.com\/fr\/wp-json\/wp\/v2\/types\/post"}],"author":[{"embeddable":true,"href":"https:\/\/www.europesays.com\/fr\/wp-json\/wp\/v2\/users\/2"}],"replies":[{"embeddable":true,"href":"https:\/\/www.europesays.com\/fr\/wp-json\/wp\/v2\/comments?post=378831"}],"version-history":[{"count":0,"href":"https:\/\/www.europesays.com\/fr\/wp-json\/wp\/v2\/posts\/378831\/revisions"}],"wp:featuredmedia":[{"embeddable":true,"href":"https:\/\/www.europesays.com\/fr\/wp-json\/wp\/v2\/media\/378832"}],"wp:attachment":[{"href":"https:\/\/www.europesays.com\/fr\/wp-json\/wp\/v2\/media?parent=378831"}],"wp:term":[{"taxonomy":"category","embeddable":true,"href":"https:\/\/www.europesays.com\/fr\/wp-json\/wp\/v2\/categories?post=378831"},{"taxonomy":"post_tag","embeddable":true,"href":"https:\/\/www.europesays.com\/fr\/wp-json\/wp\/v2\/tags?post=378831"}],"curies":[{"name":"wp","href":"https:\/\/api.w.org\/{rel}","templated":true}]}}