{"id":378833,"date":"2025-09-09T22:52:19","date_gmt":"2025-09-09T22:52:19","guid":{"rendered":"https:\/\/www.europesays.com\/fr\/378833\/"},"modified":"2025-09-09T22:52:19","modified_gmt":"2025-09-09T22:52:19","slug":"jean-michel-aulas-va-officialiser-sa-candidature-lors-dun-grand-meeting","status":"publish","type":"post","link":"https:\/\/www.europesays.com\/fr\/378833\/","title":{"rendered":"Jean-Michel Aulas va officialiser sa candidature lors d&rsquo;un grand meeting"},"content":{"rendered":"<p>            Par<br \/>\n        <strong><br \/>\n            <a href=\"https:\/\/actu.fr\/auteur\/nicolas-zaugra\" title=\"Consulter tous les articles de Nicolas Zaugra\" rel=\"nofollow noopener\" target=\"_blank\">Nicolas Zaugra<\/a><br \/>\n        <\/strong><\/p>\n<p>        Publi\u00e9 le<\/p>\n<p>            9 sept. 2025 \u00e0 17h28<br \/>\n        ; mis \u00e0 jour le 9 sept. 2025 \u00e0 17h29    <\/p>\n<p>Enfin une annonce de candidature. L\u2019ancien pr\u00e9sident de l\u2019OL et chef d\u2019entreprise <a href=\"https:\/\/actu.fr\/auvergne-rhone-alpes\/lyon_69123\/lyon-municipales-2026-gregory-doucet-envoie-des-premiers-coups-a-jean-michel-aulas_63131012.html\" rel=\"nofollow noopener\" target=\"_blank\">Jean-Michel Aulas<\/a> va mettre fin au faux suspense apr\u00e8s une pr\u00e9-campagne de plusieurs mois en annon\u00e7ant officiellement sa candidature aux <a href=\"https:\/\/actu.fr\/tag\/municipales-2026\" rel=\"nofollow noopener\" target=\"_blank\">municipales 2026<\/a> de <a href=\"https:\/\/actu.fr\/auvergne-rhone-alpes\/lyon_69123\" rel=\"nofollow noopener\" target=\"_blank\">Lyon<\/a> lors d\u2019un <strong>grand meeting<\/strong>.\u00a0<\/p>\n<p>Un premier grand meeting le 26 septembre<\/p>\n<p class=\" wall-content\">L\u2019\u00e9v\u00e9nement est pr\u00e9vu vendredi 26 septembre au H7, une salle du quartier de la Confluence dans le 2e arrondissement, a r\u00e9v\u00e9l\u00e9 <a href=\"https:\/\/tribunedelyon.fr\/politique\/exclusif-jean-michel-aulas-candidature-26-septembre-h7\/\" rel=\"nofollow noopener\" target=\"_blank\">Tribune de Lyon<\/a>, une information confirm\u00e9e \u00e0 actu Lyon par le collectif \u00ab\u00a0G\u00e9n\u00e9ration Aulas\u00a0\u00bb. Au moins <strong>1 200 personnes sont attendues<\/strong> au premier \u00e9v\u00e9nement officiel de campagne du candidat \u00ab\u00a0sans \u00e9tiquette\u00a0\u00bb d\u00e9j\u00e0 officiellement soutenu par Les R\u00e9publicains. \u00ab\u00a0Il y aura du monde\u00a0\u00bb, assure un membre du collectif.<\/p>\n<p class=\" wall-content\">Le n\u00e9o-candidat va d\u00e9clarer sa candidature et d\u00e9voiler des premi\u00e8res mesures municipales. L\u2019occasion pour lui de mesurer l\u2019int\u00e9r\u00eat des Lyonnais \u00e0 sa candidature. Dans plusieurs sondages parus ces derniers mois, Jean-Michel Aulas est donn\u00e9 en t\u00eate des intentions de vote au 1\u1d49\u02b3 tour devant le maire sortant et candidat, l\u2019\u00e9cologiste Gr\u00e9gory Doucet.\u00a0<\/p>\n<p class=\" wall-content\">Selon nos informations, de nouvelles prises de parole du futur candidat sont encore envisag\u00e9es ces prochains jours sur plusieurs th\u00e9matiques.\u00a0<\/p>\n<p>Une alliance avec Renaissance attendue<\/p>\n<p class=\" wall-content\">Apr\u00e8s son accord tr\u00e8s comment\u00e9 avec Pierre Oliver et Les R\u00e9publicains mis en sc\u00e8ne le 4 septembre avec <a href=\"https:\/\/actu.fr\/auvergne-rhone-alpes\/lyon_69123\/municipales-2026-a-lyon-laurent-wauquiez-annonce-son-soutien-a-jean-michel-aulas_63116145.html\" rel=\"nofollow noopener\" target=\"_blank\">Laurent Wauquiez<\/a>, un deal est aussi attendu avec Renaissance. Un d\u00e9placement \u00e0 Lyon de Gabriel Attal dans les prochains jours pour annoncer un accord est attendu.<\/p>\n<p class=\" wall-content\">Jean-Michel Aulas affirme : \u00ab\u00a0J\u2019ai sign\u00e9 des accords avec la plupart des partis qui vont du centre \u00e0 la droite. Si je me pr\u00e9sente, ce sera sans \u00e9tiquette et en essayant de faire l\u2019union de la gauche \u00e0 la droite.\u00a0\u00bb<\/p>\n<p class=\" wall-content\">Apr\u00e8s ce meeting, Jean-Michel Aulas devrait rentrer dans le grand bain de la politique avec des d\u00e9placements, des rencontres avec les habitants sur les march\u00e9s. Cette semaine, son principal adversaire Gr\u00e9gory Doucet a qualifi\u00e9 Aulas de \u00ab\u00a0candidat de la droite\u00a0\u00bb. Son parti, Les Ecologistes, va plus loin et d\u00e9nonce la \u00ab\u00a0droite extr\u00eame\u00a0\u00bb.<\/p>\n<p class=\" wall-content\">Personnalisez votre actualit\u00e9 en ajoutant vos villes et m\u00e9dias en favori avec <a href=\"https:\/\/moncompte.actu.fr\" title=\"D\u00e9couvez Mon Actu\" rel=\"nofollow noopener\" data-trk=\"{&quot;cta&quot;:{&quot;action&quot;:&quot;https:\\\/\\\/moncompte.actu.fr&quot;,&quot;category&quot;:&quot;mon compte&quot;,&quot;from&quot;:&quot;article footer&quot;,&quot;name&quot;:&quot;Mon actu&quot;,&quot;type&quot;:&quot;cta&quot;}}\" target=\"_blank\">Mon Actu<\/a>.<\/p>\n","protected":false},"excerpt":{"rendered":"Par Nicolas Zaugra Publi\u00e9 le 9 sept. 2025 \u00e0 17h28 ; mis \u00e0 jour le 9 sept. 2025&hellip;\n","protected":false},"author":2,"featured_media":156723,"comment_status":"","ping_status":"","sticky":false,"template":"","format":"standard","meta":{"footnotes":""},"categories":[1889],"tags":[1111,11,2430,1777,674,1011,27,5227,2428,3434,12,316,25],"class_list":{"0":"post-378833","1":"post","2":"type-post","3":"status-publish","4":"format-standard","5":"has-post-thumbnail","7":"category-lyon","8":"tag-actu","9":"tag-actualites","10":"tag-auvergne-rhone-alpes","11":"tag-eu","12":"tag-europe","13":"tag-fr","14":"tag-france","15":"tag-jean-michel-aulas","16":"tag-lyon","17":"tag-municipales-2026","18":"tag-news","19":"tag-politique","20":"tag-republique-francaise"},"share_on_mastodon":{"url":"https:\/\/pubeurope.com\/@fr\/115176796473477829","error":""},"_links":{"self":[{"href":"https:\/\/www.europesays.com\/fr\/wp-json\/wp\/v2\/posts\/378833","targetHints":{"allow":["GET"]}}],"collection":[{"href":"https:\/\/www.europesays.com\/fr\/wp-json\/wp\/v2\/posts"}],"about":[{"href":"https:\/\/www.europesays.com\/fr\/wp-json\/wp\/v2\/types\/post"}],"author":[{"embeddable":true,"href":"https:\/\/www.europesays.com\/fr\/wp-json\/wp\/v2\/users\/2"}],"replies":[{"embeddable":true,"href":"https:\/\/www.europesays.com\/fr\/wp-json\/wp\/v2\/comments?post=378833"}],"version-history":[{"count":0,"href":"https:\/\/www.europesays.com\/fr\/wp-json\/wp\/v2\/posts\/378833\/revisions"}],"wp:featuredmedia":[{"embeddable":true,"href":"https:\/\/www.europesays.com\/fr\/wp-json\/wp\/v2\/media\/156723"}],"wp:attachment":[{"href":"https:\/\/www.europesays.com\/fr\/wp-json\/wp\/v2\/media?parent=378833"}],"wp:term":[{"taxonomy":"category","embeddable":true,"href":"https:\/\/www.europesays.com\/fr\/wp-json\/wp\/v2\/categories?post=378833"},{"taxonomy":"post_tag","embeddable":true,"href":"https:\/\/www.europesays.com\/fr\/wp-json\/wp\/v2\/tags?post=378833"}],"curies":[{"name":"wp","href":"https:\/\/api.w.org\/{rel}","templated":true}]}}