{"id":378834,"date":"2025-09-09T22:54:17","date_gmt":"2025-09-09T22:54:17","guid":{"rendered":"https:\/\/www.europesays.com\/fr\/378834\/"},"modified":"2025-09-09T22:54:17","modified_gmt":"2025-09-09T22:54:17","slug":"12-franciliens-selectionnes-ligue-de-paris-ile-de-france","status":"publish","type":"post","link":"https:\/\/www.europesays.com\/fr\/378834\/","title":{"rendered":"12 FRANCILIENS S\u00c9LECTIONN\u00c9S \u2013 LIGUE DE PARIS ILE-DE-FRANCE"},"content":{"rendered":"<p>                    <img width=\"611\" height=\"378\" src=\"https:\/\/www.europesays.com\/fr\/wp-content\/uploads\/2025\/09\/Capture-decran-2025-09-09-170028-611x378.jpg\" class=\"vignette-large wp-post-image\" alt=\"\" decoding=\"async\" fetchpriority=\"high\"  \/>                    <\/p>\n<p>\n                        EDF FUTSAL : 12 FRANCILIENS S\u00c9LECTIONN\u00c9S\n                    <\/p>\n<p style=\"text-align: justify;\">Pour disputer la Copa das Na\u00e7\u00f5es, tournoi international amical organis\u00e9 du 17 au 21 septembre \u00e0 Brasilia (Br\u00e9sil), le s\u00e9lectionneur de l\u2019\u00c9quipe de France Futsal Rapha\u00ebl Reynaud a convoqu\u00e9 un groupe de 17 joueurs. Parmi eux, 12 ont commenc\u00e9 le football en \u00cele-de-France !<\/p>\n<p>Les 12 joueurs franciliens de l\u2019\u00c9quipe de France Futsal et leur premier club :<\/p>\n<p style=\"text-align: justify;\">Gardien de but<br \/>Francis Lokoka \u2013\u00a0<strong>Red Star FC<\/strong><\/p>\n<p style=\"text-align: justify;\">Meneurs de jeu<br \/>Souheil Mouhoudine \u2013\u00a0<strong>AS La Courneuve<\/strong><br \/>Mamadou Tour\u00e9 \u2013\u00a0<strong>Olympique de Pantin<\/strong><\/p>\n<p style=\"text-align: justify;\">Meneurs c\u00f4t\u00e9<br \/>Sid Belhaj \u2013\u00a0<strong>Issy les Moulineaux FC<br \/><\/strong>Ayoub Saadaoui \u2013 <strong>AS Orly<br \/><\/strong>Youba Soumar\u00e9 <strong>\u2013 Esp\u00e9rance Paris 19\u00e8me<\/strong><\/p>\n<p style=\"text-align: justify;\">Ailiers<br \/>Steve Bendali \u2013\u00a0<strong>Antony Sports<\/strong><br \/>Ouassini Guirio \u2013\u00a0<strong>CS \u00c9pinay sur Seine<br \/><\/strong>Nelson Lutin<strong>\u00a0\u2013\u00a0FC Villepinte<\/strong><br \/>Mamadou Tour\u00e9 \u2013\u00a0<strong>AM Villeneuve la Garenne<br \/><\/strong><\/p>\n<p style=\"text-align: justify;\">Pivots<br \/>Abdessamad Mohammed \u2013\u00a0<strong>ES Villiers sur Marne<\/strong><strong><br \/><\/strong>Arthur Tchaptchet \u2013<strong> ASC Bagneux<\/strong><\/p>\n<p style=\"text-align: justify;\">A noter que <strong>4\u00a0joueurs<\/strong> de cette s\u00e9lection \u00e9voluent actuellement dans un <strong>club francilien <\/strong>: Francis Lokoka, Mamadou Tour\u00e9 et Sid Belhaj au Sporting Club Paris, et Youba Soumar\u00e9 \u00e0 Paris Acasa.\u00a0<\/p>\n<p style=\"text-align: justify;\">Cr\u00e9dit Photo : Charles L\u00e9ger \u2013 FFF<\/p>\n<p>Par<br \/>\n                     Florent<br \/>\n                     PIASECKI\n                <\/p>\n","protected":false},"excerpt":{"rendered":"EDF FUTSAL : 12 FRANCILIENS S\u00c9LECTIONN\u00c9S Pour disputer la Copa das Na\u00e7\u00f5es, tournoi international amical organis\u00e9 du 17&hellip;\n","protected":false},"author":2,"featured_media":378835,"comment_status":"","ping_status":"","sticky":false,"template":"","format":"standard","meta":{"footnotes":""},"categories":[1592],"tags":[1111,11,1777,674,1011,27,662,12,626,25],"class_list":{"0":"post-378834","1":"post","2":"type-post","3":"status-publish","4":"format-standard","5":"has-post-thumbnail","7":"category-ile-de-france","8":"tag-actu","9":"tag-actualites","10":"tag-eu","11":"tag-europe","12":"tag-fr","13":"tag-france","14":"tag-ile-de-france","15":"tag-news","16":"tag-paris","17":"tag-republique-francaise"},"share_on_mastodon":{"url":"https:\/\/pubeurope.com\/@fr\/115176804704249295","error":""},"_links":{"self":[{"href":"https:\/\/www.europesays.com\/fr\/wp-json\/wp\/v2\/posts\/378834","targetHints":{"allow":["GET"]}}],"collection":[{"href":"https:\/\/www.europesays.com\/fr\/wp-json\/wp\/v2\/posts"}],"about":[{"href":"https:\/\/www.europesays.com\/fr\/wp-json\/wp\/v2\/types\/post"}],"author":[{"embeddable":true,"href":"https:\/\/www.europesays.com\/fr\/wp-json\/wp\/v2\/users\/2"}],"replies":[{"embeddable":true,"href":"https:\/\/www.europesays.com\/fr\/wp-json\/wp\/v2\/comments?post=378834"}],"version-history":[{"count":0,"href":"https:\/\/www.europesays.com\/fr\/wp-json\/wp\/v2\/posts\/378834\/revisions"}],"wp:featuredmedia":[{"embeddable":true,"href":"https:\/\/www.europesays.com\/fr\/wp-json\/wp\/v2\/media\/378835"}],"wp:attachment":[{"href":"https:\/\/www.europesays.com\/fr\/wp-json\/wp\/v2\/media?parent=378834"}],"wp:term":[{"taxonomy":"category","embeddable":true,"href":"https:\/\/www.europesays.com\/fr\/wp-json\/wp\/v2\/categories?post=378834"},{"taxonomy":"post_tag","embeddable":true,"href":"https:\/\/www.europesays.com\/fr\/wp-json\/wp\/v2\/tags?post=378834"}],"curies":[{"name":"wp","href":"https:\/\/api.w.org\/{rel}","templated":true}]}}