{"id":378836,"date":"2025-09-09T22:55:13","date_gmt":"2025-09-09T22:55:13","guid":{"rendered":"https:\/\/www.europesays.com\/fr\/378836\/"},"modified":"2025-09-09T22:55:13","modified_gmt":"2025-09-09T22:55:13","slug":"le-resume-de-la-victoire-des-bleus-qui-se-rapprochent-de-la-qualification-pour-la-coupe-du-monde-2026","status":"publish","type":"post","link":"https:\/\/www.europesays.com\/fr\/378836\/","title":{"rendered":"le r\u00e9sum\u00e9 de la victoire des Bleus, qui se\u00a0rapprochent de la qualification pour la Coupe du monde 2026"},"content":{"rendered":"<p>                          <img loading=\"lazy\" decoding=\"async\" src=\"https:\/\/www.europesays.com\/fr\/wp-content\/uploads\/2025\/09\/778243e_ftp-import-images-1-ey5o1m5gjo1c-9d33ffa152a24ec7b2c268e919e6cb44-0-6360d8a378084d0e8ac636cd.jpeg\" alt=\"Kylian Mbapp\u00e9 lors de la victoire de la France contre l\u2019Islande (2-1), au Parc des Princes, \u00e0 Paris, le 9\u00a0septembre 2025.\"   width=\"664\" height=\"443\"\/>    Kylian Mbapp\u00e9 lors de la victoire de la France contre l\u2019Islande (2-1), au Parc des Princes, \u00e0 Paris, le 9\u00a0septembre 2025.  CHRISTOPHE ENA \/ AP                          <\/p>\n<p class=\"article__paragraph  \">L\u2019\u00e9quipe de France devra confirmer lors de ses prochains matchs, en octobre, mais elle vient de faire un grand pas vers la qualification pour la prochaine Coupe du monde de football (11\u00a0juin-19\u00a0juillet\u00a02026). <a href=\"https:\/\/www.lemonde.fr\/football\/article\/2025\/09\/06\/ukraine-france-debuts-reussis-pour-les-bleus-malgre-quelques-nuages-en-qualifications-pour-la-coupe-du-monde-2026_6639145_1616938.html\" rel=\"nofollow noopener\" target=\"_blank\">Quatre jours apr\u00e8s son succ\u00e8s face \u00e0 l\u2019Ukraine (2-0)<\/a>, elle s\u2019est impos\u00e9e dans la douleur contre l\u2019Islande (2-1), mardi 9\u00a0septembre, au Parc des Princes, \u00e0 Paris, gr\u00e2ce \u00e0 des buts de Kylian Mbapp\u00e9 (45\u1d49) et de Bradley Barcola (62\u1d49).<\/p>\n<p>                                            Lire aussi |  <a href=\"https:\/\/www.lemonde.fr\/sport\/live\/2025\/09\/09\/en-direct-france-islande-suivez-le-match-des-qualifications-pour-la-coupe-du-monde-2026_6640177_3242.html\" class=\"js-article-read-also catcher--favoris__link\" data-premium=\"\" id=\"article-title-3437084\" rel=\"nofollow noopener\" target=\"_blank\">EN DIRECT | France-Islande\u00a0: revivez le succ\u00e8s dans la douleur des Bleus, qui d\u00e9butent bien leur campagne de qualification pour la Coupe du monde<\/a>    <\/p>\n<p>   Lire plus tard  <\/p>\n<p class=\"article__paragraph  \">Tout n\u2019a pas \u00e9t\u00e9 parfait face \u00e0 des Islandais longtemps sauv\u00e9s par leur gardien, Elias Olafsson, et qui avaient pris l\u2019avantage par Andri Gudjohnsen, apr\u00e8s une erreur de Michael Olise (21\u1d49).<\/p>\n<p class=\"article__paragraph  \">Mais les Fran\u00e7ais, qui ont termin\u00e9 la rencontre en inf\u00e9riorit\u00e9 num\u00e9rique apr\u00e8s l\u2019expulsion d\u2019Aur\u00e9lien Tchouam\u00e9ni, ont trouv\u00e9 les ressources pour renverser le score et prendre la t\u00eate du groupe D devant cette \u00e9quipe d\u2019Islande. Les joueurs de Didier Deschamps auront rendez-vous en octobre pour affronter l\u2019Azerba\u00efdjan puis encore l\u2019Islande.<\/p>\n<ul class=\"article__unordered-list\">\n<li><strong>Le cador.\u00a0<\/strong>Kylian Mbapp\u00e9<\/li>\n<\/ul>\n<p class=\"article__paragraph  \">Comme face \u00e0 l\u2019Ukraine, le capitaine des Bleus n\u2019a pas \u00e9t\u00e9 \u00e0 son meilleur niveau, mais c\u2019est encore une fois lui qui a fait la diff\u00e9rence. Kylian Mbapp\u00e9 a \u00e9galis\u00e9 et inscrit son cinquante-deuxi\u00e8me but en s\u00e9lection sur penalty, avant de d\u00e9livrer une passe d\u00e9cisive pour Bradley Barcola en profitant des espaces dans le dos de la d\u00e9fense islandaise et de sa vitesse, qui reste sa force principale.<\/p>\n<p class=\"article__paragraph  \">0-1, 21\u1d49\u00a0: press\u00e9 par Isak Johannesson \u00e0 l\u2019entr\u00e9e de la surface de r\u00e9paration fran\u00e7aise, Michael Olise manque une passe en retrait dont profite Andri Gudjohnsen pour tromper Mike Maignan d\u2019un ext\u00e9rieur du pied droit.<\/p>\n<p class=\"article__paragraph  \">1-1, 45\u1d49\u00a0: \u00e0 la suite d\u2019une faute de Mikael Anderson sur Marcus Thuram dans la surface de r\u00e9paration islandaise, l\u2019\u00e9quipe de France obtient un penalty que transforme Kylian Mbapp\u00e9 d\u2019un contre-pied.<\/p>\n<p class=\"article__paragraph  \">2-1, 62\u1d49\u00a0: sur un long ballon d\u2019Aur\u00e9lien Tchouam\u00e9ni, Kylian Mbapp\u00e9 profite du mauvais alignement de la d\u00e9fense islandaise pour partir en profondeur et servir Bradley Barcola, qui n\u2019a\u00a0plus qu\u2019\u00e0 marquer d\u2019un plat du pied.<\/p>\n<p class=\"article__paragraph  \">2-1, 68\u1d49\u00a0: \u00e0 la suite d\u2019un tacle non ma\u00eetris\u00e9 sur Jon Thorsteinsson, Aur\u00e9lien Tchouam\u00e9ni est exclu par l\u2019arbitre de la rencontre.<\/p>\n<p> Newsletter  <\/p>\n<p> <a href=\"https:\/\/www.lemonde.fr\/newsletters\/sport\/\" class=\"inread__link js-services-inread-link\" target=\"_blank\" rel=\"nofollow noopener\">  <\/p>\n<p>\u00ab Sport \u00bb<\/p>\n<p>Enqu\u00eates, reportages, analyses : l&rsquo;actualit\u00e9 du sport dans votre bo\u00eete e-mail chaque samedi<\/p>\n<p>S&rsquo;inscrire<\/p>\n<p> <\/a>          <\/p>\n<p> Le Monde Guides d\u2019achat  <\/p>\n<p> <a href=\"https:\/\/www.lemonde.fr\/guides-d-achat\/article\/2018\/06\/30\/les-meilleurs-antivols-pour-attacher-son-velo_5323670_5306571.html\" class=\"inread__link js-services-inread-link\" target=\"_blank\" rel=\"nofollow noopener\">  <\/p>\n<p>Cadenas de v\u00e9lo<\/p>\n<p>Les meilleurs cadenas de v\u00e9lo<\/p>\n<p>Lire<\/p>\n<p> <\/a>      <\/p>\n<p> Newsletter  <\/p>\n<p> <a href=\"https:\/\/www.lemonde.fr\/newsletters\/sport\/\" class=\"inread__link js-services-inread-link\" target=\"_blank\" rel=\"nofollow noopener\">  <\/p>\n<p>\u00ab Sport \u00bb<\/p>\n<p>Enqu\u00eates, reportages, analyses : l&rsquo;actualit\u00e9 du sport dans votre bo\u00eete e-mail chaque samedi<\/p>\n<p>S&rsquo;inscrire<\/p>\n<p> <\/a>             <\/p>\n<p class=\"article__paragraph  \">2-1, 89\u1d49\u00a0: l\u2019Islande revient \u00e0 hauteur gr\u00e2ce au doubl\u00e9 d\u2019Andri Gudjohnsen, mais l\u2019arbitrage vid\u00e9o sauve les Bleus en annulant le but, en raison d\u2019un tirage de maillot de l\u2019attaquant sur Ibrahima Konat\u00e9.<\/p>\n<ul class=\"article__unordered-list\">\n<li><strong>La phrase.<\/strong> \u00ab\u00a0C\u2019est inacceptable. C\u2019est un joueur de l\u2019\u00e9quipe de France. (&#8230;) Aucun joueur ne devrait subir \u00e7a\u00a0\u00bb, Didier Deschamps au micro de TF1, au sujet des sifflets du Parc des Princes \u00e0 l\u2019encontre d\u2019Adrien Rabiot.<\/li>\n<li><strong>La note du match.\u00a0<\/strong>C \u2013.<\/li>\n<\/ul>\n<p class=\"article__paragraph  \">Parfois, il ne faut retenir que les trois points et c\u2019est s\u00fbrement ce dont se contenteront Didier Deschamps et ses joueurs \u00e0 l\u2019issue de cette rencontre. Les Bleus ont eu des occasions mais ils n\u2019ont jamais sembl\u00e9 autant en ma\u00eetrise que lors de la premi\u00e8re p\u00e9riode contre l\u2019Ukraine. Le sc\u00e9nario renversant de la rencontre nous pousse \u00e0 donner la note de \u00ab\u00a0C \u2013\u00a0\u00bb \u00e0 ce match, sur notre \u00e9chelle de notation sportive allant de \u00ab\u00a0A\u00a0\u00bb \u00e0 \u00ab\u00a0E\u00a0\u00bb.<\/p>\n<p>                                                  <img loading=\"lazy\" decoding=\"async\" src=\"https:\/\/www.europesays.com\/fr\/wp-content\/uploads\/2025\/09\/be89440_ftp-import-images-1-gwlh6fx2hasz-09af59f93a39449c9885b8aa13471dea-0-89dc54701d6c4288b1869382.jpeg\" alt=\"Expuls\u00e9 face \u00e0 l\u2019Islande, Aur\u00e9lien Tchouam\u00e9ni \u00e9tait d\u00e9j\u00e0 le dernier joueur fran\u00e7ais \u00e0 avoir r\u00e9colt\u00e9 un carton rouge. C\u2019\u00e9tait lors d\u2019une victoire contre la Belgique (2-1), le 14\u00a0octobre 2024.\"   width=\"664\" height=\"443\"\/>    Expuls\u00e9 face \u00e0 l\u2019Islande, Aur\u00e9lien Tchouam\u00e9ni \u00e9tait d\u00e9j\u00e0 le dernier joueur fran\u00e7ais \u00e0 avoir r\u00e9colt\u00e9 un carton rouge. C\u2019\u00e9tait lors d\u2019une victoire contre la Belgique (2-1), le 14\u00a0octobre 2024.  CHRISTOPHE ENA \/ AP                            <\/p>\n<p class=\"article__author-container\"> <a class=\"article__author-link\" href=\"https:\/\/www.lemonde.fr\/signataires\/service-sports\/\" rel=\"nofollow noopener\" target=\"_blank\"> Service Sports<\/a>  <\/p>\n<p>                  <a href=\"https:\/\/www.lemonde.fr\/syndication\/\" class=\"reuse__content\" title=\"R\u00e9utiliser ce contenu\" target=\"_blank\" rel=\"nofollow noopener\">R\u00e9utiliser ce contenu<\/a>      <\/p>\n","protected":false},"excerpt":{"rendered":"Kylian Mbapp\u00e9 lors de la victoire de la France contre l\u2019Islande (2-1), au Parc des Princes, \u00e0 Paris,&hellip;\n","protected":false},"author":2,"featured_media":378837,"comment_status":"","ping_status":"","sticky":false,"template":"","format":"standard","meta":{"footnotes":""},"categories":[1888],"tags":[1111,1928,11,1927,1777,674,1011,27,12,1926,626,1925,25],"class_list":{"0":"post-378836","1":"post","2":"type-post","3":"status-publish","4":"format-standard","5":"has-post-thumbnail","7":"category-paris","8":"tag-actu","9":"tag-actu-paris","10":"tag-actualites","11":"tag-actualites-paris","12":"tag-eu","13":"tag-europe","14":"tag-fr","15":"tag-france","16":"tag-news","17":"tag-news-paris","18":"tag-paris","19":"tag-paris-news","20":"tag-republique-francaise"},"share_on_mastodon":{"url":"https:\/\/pubeurope.com\/@fr\/115176808427522773","error":""},"_links":{"self":[{"href":"https:\/\/www.europesays.com\/fr\/wp-json\/wp\/v2\/posts\/378836","targetHints":{"allow":["GET"]}}],"collection":[{"href":"https:\/\/www.europesays.com\/fr\/wp-json\/wp\/v2\/posts"}],"about":[{"href":"https:\/\/www.europesays.com\/fr\/wp-json\/wp\/v2\/types\/post"}],"author":[{"embeddable":true,"href":"https:\/\/www.europesays.com\/fr\/wp-json\/wp\/v2\/users\/2"}],"replies":[{"embeddable":true,"href":"https:\/\/www.europesays.com\/fr\/wp-json\/wp\/v2\/comments?post=378836"}],"version-history":[{"count":0,"href":"https:\/\/www.europesays.com\/fr\/wp-json\/wp\/v2\/posts\/378836\/revisions"}],"wp:featuredmedia":[{"embeddable":true,"href":"https:\/\/www.europesays.com\/fr\/wp-json\/wp\/v2\/media\/378837"}],"wp:attachment":[{"href":"https:\/\/www.europesays.com\/fr\/wp-json\/wp\/v2\/media?parent=378836"}],"wp:term":[{"taxonomy":"category","embeddable":true,"href":"https:\/\/www.europesays.com\/fr\/wp-json\/wp\/v2\/categories?post=378836"},{"taxonomy":"post_tag","embeddable":true,"href":"https:\/\/www.europesays.com\/fr\/wp-json\/wp\/v2\/tags?post=378836"}],"curies":[{"name":"wp","href":"https:\/\/api.w.org\/{rel}","templated":true}]}}