{"id":378840,"date":"2025-09-09T22:57:13","date_gmt":"2025-09-09T22:57:13","guid":{"rendered":"https:\/\/www.europesays.com\/fr\/378840\/"},"modified":"2025-09-09T22:57:13","modified_gmt":"2025-09-09T22:57:13","slug":"ce-cafe-mythique-de-saint-germain-des-pres-est-le-plus-beau","status":"publish","type":"post","link":"https:\/\/www.europesays.com\/fr\/378840\/","title":{"rendered":"Ce caf\u00e9 mythique de Saint-Germain-des-Pr\u00e9s est le plus beau"},"content":{"rendered":"<p>\t\t\t\t\t\t\t\t\t\t\t\t\t\t\t\t\t\t\t\t\t\t<img loading=\"lazy\" decoding=\"async\" src=\"https:\/\/www.europesays.com\/fr\/wp-content\/uploads\/2025\/09\/2-2-1-1024x683.jpg\" class=\"img-fluid\" alt=\"Ce caf\u00e9 mythique de Saint-Germain-des-Pr\u00e9s, ador\u00e9 autrefois par Bardot et Gainsbourg, est r\u00e9put\u00e9 pour \u00eatre le plus beau caf\u00e9 de Paris \u2013 et pour servir l\u2019un des meilleurs chocolats chauds de la capitale\" width=\"1024\" height=\"683\"\/><\/p>\n<p class=\"p1\">On y savoure <a href=\"https:\/\/parissecret.com\/ou-boire-les-meilleurs-chocolats-chauds-de-paris\/\" rel=\"noopener noreferrer nofollow\" target=\"_self\" class=\"shortcode-outbound-link\" data-has-ga=\"true\" data-ga-type=\"click\" data-label=\"https:\/\/parissecret.com\/ou-boire-les-meilleurs-chocolats-chauds-de-paris\/\" data-action=\"text_cta_0\" data-category=\"click_internal\"><strong>l\u2019un des meilleurs chocolats chauds de Paris<\/strong><\/a>\u2026 Bien plus qu\u2019un caf\u00e9, c\u2019est une v\u00e9ritable Institution dans la capitale. Un lieu charg\u00e9 d\u2019histoire, qui a vu d\u00e9filer bon nombre d\u2019ic\u00f4nes litt\u00e9raires au fil des ann\u00e9es\u2026 Vous avez devin\u00e9 ? Un indice, il se trouve <strong>dans le quartier mythique de Saint-Germain-des-Pr\u00e9s\u2026<\/strong> <\/p>\n<p> <b>Le Flore, un lieu en vogue depuis 1887 <\/b> <\/p>\n<p><img fetchpriority=\"high\" decoding=\"async\" class=\"aligncenter size-large wp-image-200346\" src=\"https:\/\/www.europesays.com\/fr\/wp-content\/uploads\/2025\/09\/4-4-1024x683.jpg\" alt=\"il \u00e9tait une fois le caf\u00e9 de Flore Paris\" width=\"1024\" height=\"683\"  \/><\/p>\n<p class=\"p1\">C\u2019est aux alentours de 1887 que voit le jour ce <strong>caf\u00e9 parisien aujourd\u2019hui mythique<\/strong>. Vous le connaissez sans doute : le Flore. En 1913, le po\u00e8te Guillaume Apollinaire transforme le rez-de-chauss\u00e9e en v\u00e9ritable salle de r\u00e9daction pour sa revue Les Soir\u00e9es de Paris. Puis, dans les ann\u00e9es 1930, le Flore s\u2019impose peu \u00e0 peu comme <strong>LE lieu \u00e0 fr\u00e9quenter \u00e0 Saint-Germain-des-Pr\u00e9s<\/strong>. D\u00e8s lors, il attire dans ses velours les intellectuels, les peintres et les cin\u00e9astes de l\u2019\u00e9poque. <\/p>\n<p class=\"p1\">Sous l\u2019Occupation, le Caf\u00e9 de Flore change de propri\u00e9taire. <strong>Le cafetier fran\u00e7ais Paul Boubal<\/strong> reprend alors l\u2019\u00e9tablissement. C\u2019est \u00e0 cette \u00e9poque que <strong>Simone de Beauvoir et Jean-Paul Sartr<\/strong>e, couple incontournable de la litt\u00e9rature fran\u00e7aise, en font leur refuge litt\u00e9raire. Sartre lui-m\u00eame \u00e9crira d\u2019ailleurs en parlant du Caf\u00e9 de Flore : \u201cNous nous y install\u00e2mes compl\u00e8tement : de neuf heures du matin \u00e0 midi, nous y travaillions ; nous allions d\u00e9jeuner, \u00e0 deux heures nous y revenions, et causions alors avec des amis que nous rencontrions jusqu\u2019\u00e0 huit heures\u2026\u201d Presque un lieu de vie, en somme. <\/p>\n<p> <b>Le repaire d\u2019artistes et d\u2019intellectuels, de Camus \u00e0 Gainsbourg, en passant par Yves-Saint-Laurent <\/b> <\/p>\n<p><img loading=\"lazy\" decoding=\"async\" class=\"aligncenter size-large wp-image-200347\" src=\"https:\/\/www.europesays.com\/fr\/wp-content\/uploads\/2025\/09\/3-5-1024x683.jpg\" alt=\"meilleur chocolat chaud de Paris Caf\u00e9 de Flore\" width=\"1024\" height=\"683\"  \/><\/p>\n<p class=\"p3\"><strong>Albert Camus, Ernest Hemingway\u2026<\/strong> des po\u00e8tes, en passant par les \u00e9crivains de renom, des g\u00e9n\u00e9rations enti\u00e8res d\u2019artistes et d\u2019intellectuels ont fl\u00e2n\u00e9 au Caf\u00e9 de Flore. Carnet ou cigarette \u00e0 la main, ils semblent tous avoir \u00e9t\u00e9 inspir\u00e9s par les lieux. Peu apr\u00e8s, dans les ann\u00e9es 60, le Flore devient le repaire du septi\u00e8me art. <strong>Serge Gainsbourg, Brigitte Bardot<\/strong>, Alain Delon, Jean-Paul Belmondo\u2026 tous viennent s\u2019y asseoir entre deux tournages. Et les fans de l\u2019homme \u00e0 la t\u00eate de chou l\u2019ignorent sans doute, mais Serge Gainsbourg adorait s\u2019attabler au Caf\u00e9 de Flore et commander un double Pastis 51, rebaptis\u00e9 pour l\u2019occasion 102, avec l\u2019humour qu\u2019on lui connait. <\/p>\n<p class=\"p3\">C\u2019est \u00e0 cette m\u00eame \u00e9poque que le Caf\u00e9 de Flore devient le point de rendez-vous de grands acteurs de la mode. D\u2019<strong>Yves Saint Laurent et Pierre Berg\u00e9,<\/strong> en passant par Givenchy ou Karl Lagerfeld, le caf\u00e9 parisien mythique voit d\u00e9filer les plus grands cr\u00e9ateurs. Et ces derni\u00e8res ann\u00e9es, les parisiens ont pu croiser Tim Burton, Al Pacino mais aussi BHL, Arielle Dombasle et Fabrice Lucchini, install\u00e9s sur les <strong>banquettes de cuir rouge<\/strong> du Flore. <\/p>\n<p> <b>Le Caf\u00e9 de Flore, bien plus qu\u2019un d\u00e9cor de carte postale : un lieu historique !  <\/b> <\/p>\n<p><img loading=\"lazy\" decoding=\"async\" class=\"aligncenter size-large wp-image-200348\" src=\"https:\/\/www.europesays.com\/fr\/wp-content\/uploads\/2025\/09\/5-1-1-1024x683.jpg\" alt=\"caf\u00e9 Paris\" width=\"1024\" height=\"683\"  \/><\/p>\n<p class=\"p3\">Touristes et les Instagrammeur-ses adorent <strong>se photographier devant sa fa\u00e7ade mythique, certes<\/strong>. Mais le Caf\u00e9 de Flore est aussi r\u00e9put\u00e9 pour servir <strong>l\u2019un des meilleurs chocolats chauds de Paris<\/strong>. \u00c0 l\u2019int\u00e9rieur, on retrouve un d\u00e9cor typique de brasserie parisienne classique. Des boiseries en acajou, de grands miroirs dor\u00e9s ornant les murs, des tables en marbre\u2026 Le lieu respire l\u2019\u00e9l\u00e9gance \u00e0 la parisienne. Intemporel, source d\u2019inspiration infinie\u2026 <strong>le Flore est bien loin du simple clich\u00e9.<\/strong> C\u2019est une <strong>v\u00e9ritable Institution parisienne nich\u00e9e au coeur de Saint-Germain-des-Pr\u00e8s. <\/strong>Un caf\u00e9 au charme fou, o\u00f9 le temps semble s\u2019\u00eatre arr\u00eat\u00e9\u2026 <\/p>\n<p>\ud83d\udccd <a href=\"https:\/\/cafedeflore.fr\/\" rel=\"nofollow noopener noreferrer\" target=\"_blank\" class=\"shortcode-outbound-link\" data-has-ga=\"true\" data-ga-type=\"click\" data-label=\"https:\/\/cafedeflore.fr\/\" data-action=\"text_cta_1\" data-category=\"click_non_sales\"><strong>Caf\u00e9 de Flore<\/strong><\/a>, 172 bd Saint-Germain, 75 006 Paris<\/p>\n","protected":false},"excerpt":{"rendered":"On y savoure l\u2019un des meilleurs chocolats chauds de Paris\u2026 Bien plus qu\u2019un caf\u00e9, c\u2019est une v\u00e9ritable Institution&hellip;\n","protected":false},"author":2,"featured_media":378841,"comment_status":"","ping_status":"","sticky":false,"template":"","format":"standard","meta":{"footnotes":""},"categories":[1888],"tags":[11,4586,51218,1777,674,1011,27,12,626,25],"class_list":{"0":"post-378840","1":"post","2":"type-post","3":"status-publish","4":"format-standard","5":"has-post-thumbnail","7":"category-paris","8":"tag-actualites","9":"tag-cafe","10":"tag-chocolat-chaud","11":"tag-eu","12":"tag-europe","13":"tag-fr","14":"tag-france","15":"tag-news","16":"tag-paris","17":"tag-republique-francaise"},"share_on_mastodon":{"url":"https:\/\/pubeurope.com\/@fr\/115176816511756313","error":""},"_links":{"self":[{"href":"https:\/\/www.europesays.com\/fr\/wp-json\/wp\/v2\/posts\/378840","targetHints":{"allow":["GET"]}}],"collection":[{"href":"https:\/\/www.europesays.com\/fr\/wp-json\/wp\/v2\/posts"}],"about":[{"href":"https:\/\/www.europesays.com\/fr\/wp-json\/wp\/v2\/types\/post"}],"author":[{"embeddable":true,"href":"https:\/\/www.europesays.com\/fr\/wp-json\/wp\/v2\/users\/2"}],"replies":[{"embeddable":true,"href":"https:\/\/www.europesays.com\/fr\/wp-json\/wp\/v2\/comments?post=378840"}],"version-history":[{"count":0,"href":"https:\/\/www.europesays.com\/fr\/wp-json\/wp\/v2\/posts\/378840\/revisions"}],"wp:featuredmedia":[{"embeddable":true,"href":"https:\/\/www.europesays.com\/fr\/wp-json\/wp\/v2\/media\/378841"}],"wp:attachment":[{"href":"https:\/\/www.europesays.com\/fr\/wp-json\/wp\/v2\/media?parent=378840"}],"wp:term":[{"taxonomy":"category","embeddable":true,"href":"https:\/\/www.europesays.com\/fr\/wp-json\/wp\/v2\/categories?post=378840"},{"taxonomy":"post_tag","embeddable":true,"href":"https:\/\/www.europesays.com\/fr\/wp-json\/wp\/v2\/tags?post=378840"}],"curies":[{"name":"wp","href":"https:\/\/api.w.org\/{rel}","templated":true}]}}