{"id":378844,"date":"2025-09-09T22:59:12","date_gmt":"2025-09-09T22:59:12","guid":{"rendered":"https:\/\/www.europesays.com\/fr\/378844\/"},"modified":"2025-09-09T22:59:12","modified_gmt":"2025-09-09T22:59:12","slug":"trump-annonce-la-liberation-delizabeth-tsurkov-otage-israelo-russe-kidnappee-en-irak-en-2023","status":"publish","type":"post","link":"https:\/\/www.europesays.com\/fr\/378844\/","title":{"rendered":"Trump annonce la lib\u00e9ration d\u2019Elizabeth Tsurkov, otage isra\u00e9lo-russe kidnapp\u00e9e en Irak en 2023"},"content":{"rendered":"<p>\u00abElle se trouve d\u00e9sormais en s\u00e9curit\u00e9 \u00e0 l\u2019ambassade am\u00e9ricaine en Irak apr\u00e8s avoir \u00e9t\u00e9 tortur\u00e9e pendant de nombreux mois\u00bb, a affirm\u00e9 le pr\u00e9sident am\u00e9ricain.<\/p>\n<p class=\"fig-paragraph\"><a href=\"https:\/\/www.lefigaro.fr\/tag\/donald-trump\" target=\"_blank\" rel=\"sponsored noopener\" data-gtm-custom-categorie=\"navigation\" data-gtm-custom-action=\"crossclick\" data-gtm-custom-label=\"Contextuel\" data-gtm-event=\"customEventSPE\">Donald Trump<\/a>\u00a0a annonc\u00e9 la lib\u00e9ration d&rsquo;Elizabeth Tsurkov, otage isra\u00e9lo-russe kidnapp\u00e9e en Irak en 2023. Elle \u00abvient juste d\u2019\u00eatre lib\u00e9r\u00e9e\u00bb par la milice chiite des Brigades du Hezbollah, un influent groupe arm\u00e9 irakien pro-iranien, apr\u00e8s \u00abavoir \u00e9t\u00e9 tortur\u00e9e pendant de nombreux mois\u00bb, a \u00e9crit Donald Trump sur son r\u00e9seau Truth Social. La jeune femme se trouve d\u00e9sormais \u00e0 l\u2019ambassade am\u00e9ricaine de Bagdad<\/p>\n<p class=\"fig-paragraph\">\u00ab\u00c0 l\u2019issue des efforts consid\u00e9rables d\u00e9ploy\u00e9s par nos services de s\u00e9curit\u00e9 pendant plusieurs mois, nous annon\u00e7ons la lib\u00e9ration de la citoyenne russe Elizabeth Tsurkov\u00bb, a \u00e9crit de son c\u00f4t\u00e9 sur X le Premier ministre irakien Mohammed Shia al-Sudani.<\/p>\n<p>                                    <a class=\"fig-a11y-skip a11y-hidden\" href=\"#fig-a11y-skip-main-inarticle\"><br \/>\n        Passer la publicit\u00e9<br \/>\n    <\/a><\/p>\n<p>\u00abLib\u00e9r\u00e9e et non d\u00e9livr\u00e9e\u00bb<\/p>\n<p class=\"fig-paragraph\">Isra\u00ebl avait r\u00e9v\u00e9l\u00e9 la disparition d\u2019Elizabeth Tsurkov en juillet 2023, assurant qu\u2019elle \u00e9tait retenue par la milice chiite des Brigades du Hezbollah, qui avait alors laiss\u00e9 entendre qu\u2019elle n\u2019\u00e9tait pas responsable du rapt.<\/p>\n<p class=\"fig-paragraph\">Quand bien m\u00eame les Brigades du Hezbollah n\u2019ont pas revendiqu\u00e9 son enl\u00e8vement, une source au sein du groupe a d\u00e9clar\u00e9 mardi \u00e0 l\u2019AFP qu\u2019Elizabeth Tsurkov avait \u00ab\u00e9t\u00e9 lib\u00e9r\u00e9e selon certaines conditions, la plus importante \u00e9tant de faciliter le retrait des forces am\u00e9ricaines sans combat et d\u2019\u00e9pargner \u00e0 l\u2019Irak tout conflit ou affrontement\u00bb. \u00abElle a \u00e9t\u00e9 lib\u00e9r\u00e9e et non d\u00e9livr\u00e9e. Aucune op\u00e9ration militaire n\u2019a \u00e9t\u00e9 men\u00e9e pour la lib\u00e9rer,\u00bb a ajout\u00e9 cette source.<\/p>\n<p class=\"fig-paragraph\">Le voyage d\u2019Elizabeth Tsurkov n\u2019\u00e9tait pas le premier en Irak et \u00e9tait destin\u00e9 \u00e0 des recherches sur le terrain dans le cadre de son doctorat \u00e0 l\u2019universit\u00e9 am\u00e9ricaine de Princeton. Elle \u00e9tait vraisemblablement entr\u00e9e dans le pays avec un passeport russe en mars 2023.<\/p>\n","protected":false},"excerpt":{"rendered":"\u00abElle se trouve d\u00e9sormais en s\u00e9curit\u00e9 \u00e0 l\u2019ambassade am\u00e9ricaine en Irak apr\u00e8s avoir \u00e9t\u00e9 tortur\u00e9e pendant de nombreux&hellip;\n","protected":false},"author":2,"featured_media":378845,"comment_status":"","ping_status":"","sticky":false,"template":"","format":"standard","meta":{"footnotes":""},"categories":[1591],"tags":[11,75,1887,12,19141,1885,1886,132],"class_list":{"0":"post-378844","1":"post","2":"type-post","3":"status-publish","4":"format-standard","5":"has-post-thumbnail","7":"category-russie","8":"tag-actualites","9":"tag-donald-trump","10":"tag-federation-de-russie","11":"tag-news","12":"tag-otages","13":"tag-russia","14":"tag-russian-federation","15":"tag-russie"},"share_on_mastodon":{"url":"https:\/\/pubeurope.com\/@fr\/115176824170990324","error":""},"_links":{"self":[{"href":"https:\/\/www.europesays.com\/fr\/wp-json\/wp\/v2\/posts\/378844","targetHints":{"allow":["GET"]}}],"collection":[{"href":"https:\/\/www.europesays.com\/fr\/wp-json\/wp\/v2\/posts"}],"about":[{"href":"https:\/\/www.europesays.com\/fr\/wp-json\/wp\/v2\/types\/post"}],"author":[{"embeddable":true,"href":"https:\/\/www.europesays.com\/fr\/wp-json\/wp\/v2\/users\/2"}],"replies":[{"embeddable":true,"href":"https:\/\/www.europesays.com\/fr\/wp-json\/wp\/v2\/comments?post=378844"}],"version-history":[{"count":0,"href":"https:\/\/www.europesays.com\/fr\/wp-json\/wp\/v2\/posts\/378844\/revisions"}],"wp:featuredmedia":[{"embeddable":true,"href":"https:\/\/www.europesays.com\/fr\/wp-json\/wp\/v2\/media\/378845"}],"wp:attachment":[{"href":"https:\/\/www.europesays.com\/fr\/wp-json\/wp\/v2\/media?parent=378844"}],"wp:term":[{"taxonomy":"category","embeddable":true,"href":"https:\/\/www.europesays.com\/fr\/wp-json\/wp\/v2\/categories?post=378844"},{"taxonomy":"post_tag","embeddable":true,"href":"https:\/\/www.europesays.com\/fr\/wp-json\/wp\/v2\/tags?post=378844"}],"curies":[{"name":"wp","href":"https:\/\/api.w.org\/{rel}","templated":true}]}}