{"id":37885,"date":"2025-04-20T03:33:12","date_gmt":"2025-04-20T03:33:12","guid":{"rendered":"https:\/\/www.europesays.com\/fr\/37885\/"},"modified":"2025-04-20T03:33:12","modified_gmt":"2025-04-20T03:33:12","slug":"un-homme-de-21-ans-victime-de-plusieurs-coups-de-couteau-lors-dune-rixe-pres-de-grenoble","status":"publish","type":"post","link":"https:\/\/www.europesays.com\/fr\/37885\/","title":{"rendered":"Un homme de 21 ans victime de plusieurs coups de couteau lors d\u2019une rixe pr\u00e8s de Grenoble"},"content":{"rendered":"<p><strong>enquete &#8211; Cette attaque, qui a eu lieu \u00e0 Fontaine, survient deux jours apr\u00e8s qu\u2019un adolescent a \u00e9t\u00e9 poignard\u00e9 \u00e0 Echirolles, toujours pr\u00e8s de Grenoble<\/strong><\/p>\n<p>Il a \u00e9t\u00e9 pris en charge \u00e0 l\u2019h\u00f4pital de <a href=\"https:\/\/www.20minutes.fr\/grenoble\/?at_medium=RSS+feed&amp;at_campaign=ynews&amp;utm_source=yahoo&amp;utm_medium=rss&amp;utm_campaign=news_feed&amp;utm_content=in_article_link\" rel=\"nofollow noopener\" target=\"_blank\" data-ylk=\"slk:Grenoble;elm:context_link;itc:0;sec:content-canvas\" class=\"link \">Grenoble<\/a>, son \u00e9tat \u00e9tant consid\u00e9r\u00e9 en urgence absolue. Un homme \u00e2g\u00e9 de 21 ans a \u00e9t\u00e9 frapp\u00e9 de plusieurs <a href=\"https:\/\/www.20minutes.fr\/dossier\/coup_de_couteau?at_medium=RSS+feed&amp;at_campaign=ynews&amp;utm_source=yahoo&amp;utm_medium=rss&amp;utm_campaign=news_feed&amp;utm_content=in_article_link\" rel=\"nofollow noopener\" target=\"_blank\" data-ylk=\"slk:coups de couteau;elm:context_link;itc:0;sec:content-canvas\" class=\"link \">coups de couteau<\/a> dans la nuit de vendredi \u00e0 samedi \u00e0 Fontaine, pr\u00e8s de Grenoble, en <a href=\"https:\/\/www.20minutes.fr\/societe\/isere\/?at_medium=RSS+feed&amp;at_campaign=ynews&amp;utm_source=yahoo&amp;utm_medium=rss&amp;utm_campaign=news_feed&amp;utm_content=in_article_link\" rel=\"nofollow noopener\" target=\"_blank\" data-ylk=\"slk:Is\u00e8re;elm:context_link;itc:0;sec:content-canvas\" class=\"link \">Is\u00e8re<\/a>, <a href=\"https:\/\/www.francebleu.fr\/fontaine-un-jeune-homme-de-21-ans-victime-de-plusieurs-coups-de-couteau-5920950?at_medium=RSS+feed&amp;at_campaign=ynews&amp;utm_source=yahoo&amp;utm_medium=rss&amp;utm_campaign=news_feed&amp;utm_content=in_article_link\" rel=\"nofollow noopener\" target=\"_blank\" data-ylk=\"slk:selon Ici;elm:context_link;itc:0;sec:content-canvas\" class=\"link \">selon Ici<\/a>. D\u2019apr\u00e8s les informations r\u00e9cup\u00e9r\u00e9es par nos confr\u00e8res aupr\u00e8s des pompiers du secteur, ces blessures seraient cons\u00e9cutives \u00e0 une rixe.<\/p>\n<p><a href=\"https:\/\/www.leparisien.fr\/faits-divers\/grenoble-un-homme-de-21-ans-grievement-blesse-apres-avoir-recu-des-coups-de-couteau-19-04-2025-6RLZW35SYNHBRNO62BTFK3GLTQ.php?at_medium=RSS+feed&amp;at_campaign=ynews&amp;utm_source=yahoo&amp;utm_medium=rss&amp;utm_campaign=news_feed&amp;utm_content=in_article_link\" rel=\"nofollow noopener\" target=\"_blank\" data-ylk=\"slk:Comme le rappelle Le Parisien;elm:context_link;itc:0;sec:content-canvas\" class=\"link \">Comme le rappelle Le Parisien<\/a>, cet incident intervient seulement deux jours apr\u00e8s qu\u2019un <a href=\"https:\/\/www.20minutes.fr\/faits_divers\/4149122-20250417-echirolles-adolescent-poignarde-plusieurs-reprises-devant-lycee-auteur-fuite?at_medium=RSS+feed&amp;at_campaign=ynews&amp;utm_source=yahoo&amp;utm_medium=rss&amp;utm_campaign=news_feed&amp;utm_content=in_article_link\" rel=\"nofollow noopener\" target=\"_blank\" data-ylk=\"slk:adolescent de 17 ans a \u00e9t\u00e9 lui aussi poignard\u00e9 devant son lyc\u00e9e Marie-Curie \u00e0 \u00c9chirolles;elm:context_link;itc:0;sec:content-canvas\" class=\"link \">adolescent de 17 ans a \u00e9t\u00e9 lui aussi poignard\u00e9 devant son lyc\u00e9e Marie-Curie \u00e0 \u00c9chirolles<\/a>, l\u00e0 encore pr\u00e8s de Grenoble. L\u2019auteur des faits avait ensuite pris la fuite en voiture. La victime avait \u00e9t\u00e9 hospitalis\u00e9e, mais ses jours ne sont pas en danger.<\/p>\n<p><a href=\"https:\/\/www.20minutes.fr\/faits_divers\/4149454-20250419-isere-homme-21-ans-victime-plusieurs-coups-couteau-lors-rixe-pres-grenoble?at_medium=RSS+feed&amp;at_campaign=ynews&amp;utm_source=yahoo&amp;utm_medium=rss&amp;utm_campaign=news_feed&amp;utm_content=read_more_link&quot;\" rel=\"nofollow noopener\" target=\"_blank\" data-ylk=\"slk:Lire la suite sur 20minutes;elm:context_link;itc:0;sec:content-canvas\" class=\"link \">Lire la suite sur 20minutes<\/a><\/p>\n<p>\u00c0 lire aussi :<br \/><a href=\"https:\/\/www.20minutes.fr\/faits_divers\/4141660-20250304-nimes-adolescent-victime-coups-couteau-pres-college-suspect-16-ans-interpelle?at_medium=RSS+feed&amp;at_campaign=ynews&amp;utm_source=yahoo&amp;utm_medium=rss&amp;utm_campaign=news_feed&amp;utm_content=related_content_link\" rel=\"nofollow noopener\" target=\"_blank\" data-ylk=\"slk:N\u00eemes\u00a0: Un adolescent victime de coups de couteau pr\u00e8s de son coll\u00e8ge, un suspect de 16 ans interpell\u00e9;elm:context_link;itc:0;sec:content-canvas\" class=\"link \">N\u00eemes\u00a0: Un adolescent victime de coups de couteau pr\u00e8s de son coll\u00e8ge, un suspect de 16 ans interpell\u00e9<\/a><br \/><a href=\"https:\/\/www.20minutes.fr\/faits_divers\/4141392-20250302-strasbourg-adolescent-16-ans-poignarde-plusieurs-coups-couteau?at_medium=RSS+feed&amp;at_campaign=ynews&amp;utm_source=yahoo&amp;utm_medium=rss&amp;utm_campaign=news_feed&amp;utm_content=related_content_link\" rel=\"nofollow noopener\" target=\"_blank\" data-ylk=\"slk:Strasbourg\u00a0: Un adolescent de 16 ans poignard\u00e9 de plusieurs coups de couteau;elm:context_link;itc:0;sec:content-canvas\" class=\"link \">Strasbourg\u00a0: Un adolescent de 16 ans poignard\u00e9 de plusieurs coups de couteau<\/a><\/p>\n","protected":false},"excerpt":{"rendered":"enquete &#8211; Cette attaque, qui a eu lieu \u00e0 Fontaine, survient deux jours apr\u00e8s qu\u2019un adolescent a \u00e9t\u00e9&hellip;\n","protected":false},"author":2,"featured_media":37886,"comment_status":"","ping_status":"","sticky":false,"template":"","format":"standard","meta":{"footnotes":""},"categories":[9566],"tags":[1111,11,2430,1777,674,9592,1011,27,2731,12,25],"class_list":{"0":"post-37885","1":"post","2":"type-post","3":"status-publish","4":"format-standard","5":"has-post-thumbnail","7":"category-grenoble","8":"tag-actu","9":"tag-actualites","10":"tag-auvergne-rhone-alpes","11":"tag-eu","12":"tag-europe","13":"tag-fontaine","14":"tag-fr","15":"tag-france","16":"tag-grenoble","17":"tag-news","18":"tag-republique-francaise"},"share_on_mastodon":{"url":"https:\/\/pubeurope.com\/@fr\/114368191125927576","error":""},"_links":{"self":[{"href":"https:\/\/www.europesays.com\/fr\/wp-json\/wp\/v2\/posts\/37885","targetHints":{"allow":["GET"]}}],"collection":[{"href":"https:\/\/www.europesays.com\/fr\/wp-json\/wp\/v2\/posts"}],"about":[{"href":"https:\/\/www.europesays.com\/fr\/wp-json\/wp\/v2\/types\/post"}],"author":[{"embeddable":true,"href":"https:\/\/www.europesays.com\/fr\/wp-json\/wp\/v2\/users\/2"}],"replies":[{"embeddable":true,"href":"https:\/\/www.europesays.com\/fr\/wp-json\/wp\/v2\/comments?post=37885"}],"version-history":[{"count":0,"href":"https:\/\/www.europesays.com\/fr\/wp-json\/wp\/v2\/posts\/37885\/revisions"}],"wp:featuredmedia":[{"embeddable":true,"href":"https:\/\/www.europesays.com\/fr\/wp-json\/wp\/v2\/media\/37886"}],"wp:attachment":[{"href":"https:\/\/www.europesays.com\/fr\/wp-json\/wp\/v2\/media?parent=37885"}],"wp:term":[{"taxonomy":"category","embeddable":true,"href":"https:\/\/www.europesays.com\/fr\/wp-json\/wp\/v2\/categories?post=37885"},{"taxonomy":"post_tag","embeddable":true,"href":"https:\/\/www.europesays.com\/fr\/wp-json\/wp\/v2\/tags?post=37885"}],"curies":[{"name":"wp","href":"https:\/\/api.w.org\/{rel}","templated":true}]}}