{"id":378854,"date":"2025-09-09T23:05:12","date_gmt":"2025-09-09T23:05:12","guid":{"rendered":"https:\/\/www.europesays.com\/fr\/378854\/"},"modified":"2025-09-09T23:05:12","modified_gmt":"2025-09-09T23:05:12","slug":"lue-divisee-entre-obligation-morale-et-question-de-securite","status":"publish","type":"post","link":"https:\/\/www.europesays.com\/fr\/378854\/","title":{"rendered":"l&rsquo;UE divis\u00e9e entre obligation morale et question de s\u00e9curit\u00e9"},"content":{"rendered":"<p class=\"mb-4 text-lg md:leading-8 break-words\">\u00c0 Gaza, plus de 15 600 habitants- dont de nombreux enfants souffrant de maladies mortelles ou de blessures li\u00e9es au conflit &#8211; ont besoin d\u2019une \u00e9vacuation m\u00e9dicale urgente, selon les chiffres fournis par l&rsquo;Organisation mondiale de la sant\u00e9.<\/p>\n<p class=\"mb-4 text-lg md:leading-8 break-words\">Depuis l&rsquo;attaque du 7 octobre men\u00e9e par le Hamas, moins de 350 personnes, dont une majorit\u00e9 d&rsquo;enfants, ont pu quitter la bande de Gaza pour se faire soigner dans l&rsquo;Union europ\u00e9enne.<\/p>\n<p class=\"mb-4 text-lg md:leading-8 break-words\">Malgr\u00e9 la d\u00e9t\u00e9rioration constante de la situation humanitaire dans l\u2019enclave, peu de pays ont accueilli de patients. Les chiffres de l\u2019OMS font \u00e9tat de 919 \u00e9vacuations vers 16 \u00c9tats membres de l\u2019organisation, dont 11 de l\u2019UE.<\/p>\n<p class=\"mb-4 text-lg md:leading-8 break-words\">L\u2019ONG M\u00e9decins sans fronti\u00e8res (MSF), qui participe aux \u00e9vacuations, d\u00e9nonce des blocages li\u00e9s \u00e0 la politique migratoire europ\u00e9enne.<\/p>\n<p class=\"mb-4 text-lg md:leading-8 break-words\">\u00ab\u00a0Nous avons du mal \u00e0 trouver des pays de destination, car certains pays craignent les ramifications politiques et veulent s&rsquo;assurer que le droit au retour est pr\u00e9serv\u00e9\u00a0\u00bb, t\u00e9moigne le Docteur Hani Isleem, qui coordonne les \u00e9vacuations m\u00e9dicales de Gaza pour M\u00e9decins sans fronti\u00e8res. \u00ab\u00a0C&rsquo;est devenu notre principal d\u00e9fi\u00a0\u00bb, ajoute-t-il.<\/p>\n<p>Entre consid\u00e9rations humanitaires et craintes politiques<\/p>\n<p class=\"mb-4 text-lg md:leading-8 break-words\">Selon l&rsquo;OMS, un total de 919 patients et accompagnants ont \u00e9t\u00e9 \u00e9vacu\u00e9s m\u00e9dicalement vers 16 \u00c9tats membres de l&rsquo;OMS et 11 pays de l&rsquo;UE depuis octobre 2023, notamment l&rsquo;Albanie, la Belgique, la France, l&rsquo;Allemagne, la Gr\u00e8ce, l&rsquo;Irlande, l&rsquo;Italie, le Luxembourg, Malte, la Norv\u00e8ge, la Roumanie, l&rsquo;Espagne, le Royaume-Uni, la Suisse, la Turquie et l&rsquo;Ouzb\u00e9kistan.<\/p>\n<p class=\"mb-4 text-lg md:leading-8 break-words\">Les \u00e9vacuations sont effectu\u00e9es par un comit\u00e9 du minist\u00e8re de la sant\u00e9 de Gaza, dirig\u00e9 par le Hamas, qui \u00ab\u00a0identifie les cas les plus urgents qui ne peuvent \u00eatre trait\u00e9s \u00e0 l&rsquo;int\u00e9rieur de Gaza\u00a0\u00bb, pr\u00e9cise Hani Isleem.<\/p>\n<p class=\"mb-4 text-lg md:leading-8 break-words\">La d\u00e9cision finale est entre les mains de l&rsquo;OMS et \u00ab\u00a0ce n&rsquo;est qu&rsquo;\u00e0 ce moment-l\u00e0 que les \u00c9tats membres de l&rsquo;UE (&#8230;) peuvent faire une offre d&rsquo;\u00e9vacuation m\u00e9dicale\u00a0\u00bb, explique un porte-parole de l&rsquo;OMS.<\/p>\n<p class=\"mb-4 text-lg md:leading-8 break-words\">Les \u00e9vacuations sont devenues d&rsquo;autant plus urgentes que \u00ab\u00a0le syst\u00e8me de sant\u00e9 \u00e0 Gaza s&rsquo;est compl\u00e8tement effondr\u00e9\u00a0\u00bb en raison des frappes isra\u00e9liennes, que les h\u00f4pitaux restants \u00e0 Gaza \u00ab\u00a0n&rsquo;assurent que les besoins de base et les soins vitaux\u00a0\u00bb et que la \u00ab\u00a0liste d&rsquo;attente\u00a0\u00bb des patients gravement malades s&rsquo;est allong\u00e9e \u00ab\u00a0r\u00e9guli\u00e8rement\u00a0\u00bb, poursuit le docteur.<\/p>\n<p><img alt=\"Des enfants palestiniens et leurs familles \u00e9vacu\u00e9s de Gaza arrivent \u00e0 l'a\u00e9roport de Rome Ciampino, le 14 ao\u00fbt 2025.\" loading=\"lazy\" width=\"808\" height=\"539\" decoding=\"async\" data-nimg=\"1\" class=\"rounded-lg\" style=\"color:transparent\" src=\"https:\/\/www.europesays.com\/fr\/wp-content\/uploads\/2025\/09\/eace501a7e9a85f97a020db1f7cd7ac3.jpeg\"\/><\/p>\n<p> Des enfants palestiniens et leurs familles \u00e9vacu\u00e9s de Gaza arrivent \u00e0 l&rsquo;a\u00e9roport de Rome Ciampino, le 14 ao\u00fbt 2025.   &#8211; AP Photo <\/p>\n<p class=\"mb-4 text-lg md:leading-8 break-words\">Dans l&rsquo;Union europ\u00e9enne, c&rsquo;est l&rsquo;Italie qui a accueilli le plus grand nombre de patients, avec 187 d&rsquo;entre eux.<\/p>\n<p class=\"mb-4 text-lg md:leading-8 break-words\">Le 13 ao\u00fbt, l&rsquo;Italie a men\u00e9 \u00ab\u00a0la plus grande op\u00e9ration d&rsquo;\u00e9vacuation\u00a0\u00bb \u00e0 ce jour, selon le minist\u00e8re de la D\u00e9fense du pays.<\/p>\n<p class=\"mb-4 text-lg md:leading-8 break-words\">Trente et un enfants et leurs accompagnateurs, soit environ 120 personnes au total, ont \u00e9t\u00e9 transport\u00e9s en Italie \u00e0 bord d&rsquo;avions-cargos et admis dans des h\u00f4pitaux, notamment dans les r\u00e9gions de Rome et de Milan, pour y \u00eatre soign\u00e9s.<\/p>\n<p class=\"mb-4 text-lg md:leading-8 break-words\">\u00ab\u00a0Presque tous les enfants souffrent d&rsquo;amputations ou de blessures graves, de l\u00e9sions c\u00e9r\u00e9brales, d&rsquo;h\u00e9morragies c\u00e9r\u00e9brales, de leuc\u00e9mies, de maladies cong\u00e9nitales ou de malnutrition s\u00e9v\u00e8re\u00a0\u00bb, a d\u00e9clar\u00e9 le minist\u00e8re italien des Affaires \u00e9trang\u00e8res dans un communiqu\u00e9 publi\u00e9 sur son site web. \u00ab\u00a0Autant de pathologies qui, dans la bande de Gaza, n&rsquo;auraient jamais pu \u00eatre soign\u00e9es.\u00a0\u00bb<\/p>\n<p class=\"mb-4 text-lg md:leading-8 break-words\">Bien que la politique migratoire italienne soit l&rsquo;une des plus s\u00e9v\u00e8res d&rsquo;Europe, le minist\u00e8re a d\u00e9clar\u00e9 qu&rsquo;il d\u00e9livrerait des permis de s\u00e9jour \u00e0 ces patients, \u00ab\u00a0afin que les enfants et les membres de la famille puissent avoir acc\u00e8s au syst\u00e8me scolaire et sanitaire italien, pour garantir une int\u00e9gration harmonieuse et un s\u00e9jour digne aussi longtemps que n\u00e9cessaire\u00a0\u00bb, a ajout\u00e9 le communiqu\u00e9.<\/p>\n<p class=\"mb-4 text-lg md:leading-8 break-words\">L&rsquo;Espagne et la Roumanie arrivent en deuxi\u00e8me position, avec respectivement 45 et 42 patients.<\/p>\n<p class=\"mb-4 text-lg md:leading-8 break-words\">L&rsquo;OMS et de nombreuses ONG travaillant sur le terrain estiment que le nombre d&rsquo;\u00e9vacuations est trop faible. \u00ab\u00a0Davantage de pays doivent intervenir et fournir une assistance m\u00e9dicale aux patients de Gaza souffrant de maladies graves et ayant des besoins sanitaires urgents\u00a0\u00bb, a d\u00e9clar\u00e9 le porte-parole de l&rsquo;OMS.<\/p>\n<p class=\"mb-4 text-lg md:leading-8 break-words\">La Belgique n&rsquo;a accueilli que 14 patients de Gaza, mais le pays a l&rsquo;intention d&rsquo;en accueillir davantage dans les mois \u00e0 venir, selon Maxime Pr\u00e9vot, vice-premier ministre et ministre des Affaires \u00e9trang\u00e8res de Belgique.<\/p>\n<p class=\"mb-4 text-lg md:leading-8 break-words\">\u00ab\u00a0Je pense qu&rsquo;aujourd&rsquo;hui, en vertu d&rsquo;une obligation morale mais aussi d&rsquo;un engagement juridique, il est n\u00e9cessaire de prendre des mesures afin d&rsquo;apporter un soutien solide \u00e0 ces familles\u00a0\u00bb, a-t-il d\u00e9clar\u00e9.<\/p>\n<p>L&rsquo;ONU exhorte \u00e0 placer \u00ab\u00a0la sant\u00e9 au-dessus de la politique\u00a0\u00bb<\/p>\n<p class=\"mb-4 text-lg md:leading-8 break-words\">Malgr\u00e9 les critiques croissantes, la premi\u00e8re ministre sociale-d\u00e9mocrate du Danemark, Mette Frederiksen, qui a d\u00e9fendu certaines des politiques d&rsquo;immigration les plus strictes d&rsquo;Europe, a maintenu son refus d&rsquo;accueillir des patients originaires de Gaza.<\/p>\n<p class=\"mb-4 text-lg md:leading-8 break-words\">\u00ab\u00a0Ce que je dis maintenant peut sembler un peu dur\u00a0\u00bb, a d\u00e9clar\u00e9 Mme Frederiksen \u00e0 la cha\u00eene danoise TV2 News le mois dernier. \u00ab\u00a0Si l&rsquo;on consid\u00e8re le groupe de Palestiniens qui sont venus au Danemark par le pass\u00e9, il est \u00e9vident que certains d&rsquo;entre eux se sont int\u00e9gr\u00e9s et sont devenus des Danois. Mais il y en a beaucoup trop dans ce groupe qui ont eu des cons\u00e9quences tr\u00e8s, tr\u00e8s graves pour notre soci\u00e9t\u00e9, et nous n&rsquo;allons pas changer notre politique d&rsquo;immigration\u00a0\u00bb<\/p>\n<p class=\"mb-4 text-lg md:leading-8 break-words\">L&rsquo;Allemagne n&rsquo;a trait\u00e9 qu&rsquo;un seul patient jusqu&rsquo;\u00e0 pr\u00e9sent, et Martin Matz, membre de la Chambre des repr\u00e9sentants de Berlin appartenant au parti de centre-gauche SPD, a r\u00e9cemment soulev\u00e9 des questions de s\u00e9curit\u00e9 concernant les personnes accompagnant le patient.*<\/p>\n<p class=\"mb-4 text-lg md:leading-8 break-words\">\u00ab\u00a0Bien s\u00fbr, les consid\u00e9rations de s\u00e9curit\u00e9 jouent \u00e9galement un r\u00f4le dans ces d\u00e9cisions\u00a0\u00bb, a d\u00e9clar\u00e9 Martin Matz, qui est \u00e9galement le porte-parole du SPD pour les Affaires int\u00e9rieures.* \u00ab\u00a0Malheureusement, nous devons constamment constater que le conflit au Moyen-Orient devient \u00e9galement un probl\u00e8me de s\u00e9curit\u00e9 pour les juifs de Berlin &#8211; alors que l&rsquo;inverse n&rsquo;a pas \u00e9t\u00e9 le cas.\u00a0\u00bb<\/p>\n<p><img alt=\"\u00c0 Gaza, de nombreux enfants souffrant de maladies mortelles ou de blessures li\u00e9es au conflit - sont dans le besoin d'une \u00e9vacuation m\u00e9dicale urgente. \" loading=\"lazy\" width=\"808\" height=\"539\" decoding=\"async\" data-nimg=\"1\" class=\"rounded-lg\" style=\"color:transparent\" src=\"https:\/\/www.europesays.com\/fr\/wp-content\/uploads\/2025\/09\/584681869bfe88b2d336a0d8119368f5.jpeg\"\/><\/p>\n<p> \u00c0 Gaza, de nombreux enfants souffrant de maladies mortelles ou de blessures li\u00e9es au conflit &#8211; sont dans le besoin d&rsquo;une \u00e9vacuation m\u00e9dicale urgente.   &#8211; AP Photo <\/p>\n<p class=\"mb-4 text-lg md:leading-8 break-words\">La France a trait\u00e9 27 patients jusqu&rsquo;\u00e0 pr\u00e9sent, selon l&rsquo;OMS. Mais le pays a suspendu sa politique d&rsquo;accueil des patients de Gaza jusqu&rsquo;\u00e0 ce que les autorit\u00e9s finalisent l&rsquo;enqu\u00eate sur un \u00e9tudiant palestinien, arriv\u00e9 en France en juillet et accus\u00e9 d&rsquo;avoir tenu des propos antis\u00e9mites en ligne.<\/p>\n<p class=\"mb-4 text-lg md:leading-8 break-words\">\u00ab\u00a0Aucune \u00e9vacuation d&rsquo;aucune sorte n&rsquo;aura lieu tant que nous n&rsquo;aurons pas tir\u00e9 les conclusions de cette enqu\u00eate\u00a0\u00bb, a d\u00e9clar\u00e9 Jean-No\u00ebl Barrot \u00e0 la radio France Info le mois dernier.<\/p>\n<p class=\"mb-4 text-lg md:leading-8 break-words\">L&rsquo;Autriche n&rsquo;a accueilli aucun patient, mais les autorit\u00e9s affirment qu&rsquo;il est pratiquement impossible de quitter Gaza, m\u00eame pour des personnes gravement malades, en raison de la lourdeur bureaucratique des \u00e9vacuations. Chaque patient &#8211; et, dans le cas d&rsquo;un enfant, le parent qui l&rsquo;accompagne &#8211; doit obtenir une habilitation de s\u00e9curit\u00e9 aupr\u00e8s des autorit\u00e9s de s\u00e9curit\u00e9 isra\u00e9liennes.<\/p>\n<p class=\"mb-4 text-lg md:leading-8 break-words\">Avant la guerre, environ 20 000 patients par an &#8211; dont un tiers d&rsquo;enfants &#8211; demandaient \u00e0 Isra\u00ebl l&rsquo;autorisation de quitter la bande de Gaza pour recevoir des soins, beaucoup d&rsquo;entre eux devant franchir la fronti\u00e8re \u00e0 plusieurs reprises.<\/p>\n<p class=\"mb-4 text-lg md:leading-8 break-words\">Selon l&rsquo;OMS, Isra\u00ebl a approuv\u00e9 environ 63 % de ces demandes de sortie m\u00e9dicale en 2022. Les installations de soins de sant\u00e9 de la bande de Gaza ont \u00e9t\u00e9 mises \u00e0 rude \u00e9preuve par le blocus impos\u00e9 par Isra\u00ebl depuis 16 ans et par les combats r\u00e9p\u00e9t\u00e9s qui s&rsquo;y d\u00e9roulent.<\/p>\n<p class=\"mb-4 text-lg md:leading-8 break-words\">\u00ab\u00a0Nous exhortons les \u00c9tats membres \u00e0 placer la sant\u00e9 au-dessus de la politique\u00a0\u00bb, a d\u00e9clar\u00e9 le porte-parole de l&rsquo;OMS. \u00ab\u00a0Il ne s&rsquo;agit pas de charit\u00e9, mais d&rsquo;une responsabilit\u00e9 partag\u00e9e. Chaque enfant m\u00e9rite d&rsquo;\u00eatre soign\u00e9, de vivre dans la dignit\u00e9 et d&rsquo;avoir un avenir sain.\u00a0\u00bb<\/p>\n","protected":false},"excerpt":{"rendered":"\u00c0 Gaza, plus de 15 600 habitants- dont de nombreux enfants souffrant de maladies mortelles ou de blessures&hellip;\n","protected":false},"author":2,"featured_media":378855,"comment_status":"","ping_status":"","sticky":false,"template":"","format":"standard","meta":{"footnotes":""},"categories":[1586],"tags":[11,1777,674,1779,1011,27,665,487,20288,51225,125,12,25,1778,364],"class_list":{"0":"post-378854","1":"post","2":"type-post","3":"status-publish","4":"format-standard","5":"has-post-thumbnail","7":"category-europe","8":"tag-actualites","9":"tag-eu","10":"tag-europe","11":"tag-european-union","12":"tag-fr","13":"tag-france","14":"tag-gaza","15":"tag-lorganisation-mondiale-de-la-sante","16":"tag-la-bande-de-gaza","17":"tag-maladies-mortelles","18":"tag-ministere-de-la-sante","19":"tag-news","20":"tag-republique-francaise","21":"tag-ue","22":"tag-union-europeenne"},"share_on_mastodon":{"url":"https:\/\/pubeurope.com\/@fr\/115176847818178899","error":""},"_links":{"self":[{"href":"https:\/\/www.europesays.com\/fr\/wp-json\/wp\/v2\/posts\/378854","targetHints":{"allow":["GET"]}}],"collection":[{"href":"https:\/\/www.europesays.com\/fr\/wp-json\/wp\/v2\/posts"}],"about":[{"href":"https:\/\/www.europesays.com\/fr\/wp-json\/wp\/v2\/types\/post"}],"author":[{"embeddable":true,"href":"https:\/\/www.europesays.com\/fr\/wp-json\/wp\/v2\/users\/2"}],"replies":[{"embeddable":true,"href":"https:\/\/www.europesays.com\/fr\/wp-json\/wp\/v2\/comments?post=378854"}],"version-history":[{"count":0,"href":"https:\/\/www.europesays.com\/fr\/wp-json\/wp\/v2\/posts\/378854\/revisions"}],"wp:featuredmedia":[{"embeddable":true,"href":"https:\/\/www.europesays.com\/fr\/wp-json\/wp\/v2\/media\/378855"}],"wp:attachment":[{"href":"https:\/\/www.europesays.com\/fr\/wp-json\/wp\/v2\/media?parent=378854"}],"wp:term":[{"taxonomy":"category","embeddable":true,"href":"https:\/\/www.europesays.com\/fr\/wp-json\/wp\/v2\/categories?post=378854"},{"taxonomy":"post_tag","embeddable":true,"href":"https:\/\/www.europesays.com\/fr\/wp-json\/wp\/v2\/tags?post=378854"}],"curies":[{"name":"wp","href":"https:\/\/api.w.org\/{rel}","templated":true}]}}